{"id":68430,"date":"2022-10-27T12:19:32","date_gmt":"2022-10-27T15:19:32","guid":{"rendered":"https:\/\/www.centraldenoticias.com.ar\/?p=68430"},"modified":"2022-10-28T07:54:41","modified_gmt":"2022-10-28T10:54:41","slug":"en-un-par-de-meses-comenzaria-la-construccion-de-mas-de-100-casas-en-terrenos-del-ceco","status":"publish","type":"post","link":"https:\/\/cdnoticias.com\/index.php\/2022\/10\/27\/en-un-par-de-meses-comenzaria-la-construccion-de-mas-de-100-casas-en-terrenos-del-ceco\/","title":{"rendered":"\u201cEn un par de meses\u201d comenzar\u00eda la construcci\u00f3n de m\u00e1s de 100 casas en terrenos del CECO"},"content":{"rendered":"<p>Lo asegur\u00f3 el ministro Agust\u00edn Simone en el marco de su visita a Olavarr\u00eda. El avance de la obra del barrio Educadores y las alianzas con sindicatos y entidades para concretar proyectos habitacionales.<!--more--><\/p>\n<hr \/>\n<p>El ministro de H\u00e1bitat y Desarrollo Urbano Agust\u00edn Simone acompa\u00f1\u00f3 al gobernador <a href=\"https:\/\/cdnoticias.com\/index.php\/2022\/10\/27\/kicillof-en-conferencia-el-polo-judicial-las-paso-el-fim-y-la-candidatura-de-wesner\/\" target=\"_blank\" rel=\"noopener\">Axel Kicillof en su visita a Olavarr\u00eda.<\/a> Recorrieron juntos la obra del barrio Educadores y firmaron un convenio con el CECO para construir m\u00e1s de 100 viviendas sociales.<\/p>\n<p>&nbsp;<\/p>\n<p>\u201cVenimos trabajando con ellos, presentaron los lotes y el proyecto ya tiene apto t\u00e9cnico. Ahora est\u00e1n eligiendo los modelos de viviendas y una vez que est\u00e9 terminado el proyecto, se puede pagar el adelanto financiero y empezar la obra\u201d, resalt\u00f3 Simone.<\/p>\n<p>&nbsp;<\/p>\n<p>El ministro asegur\u00f3 que las gestiones est\u00e1n avanzadas y que <strong>\u201cen un par de meses\u201d se dar\u00eda inicio a la construcci\u00f3n de las casas en un macizo de tierra ubicado en avenida Sarmiento y Jun\u00edn.<\/strong> Adem\u00e1s, confirm\u00f3 que se realizar\u00e1 <strong>\u201cen una sola etapa con un plazo t\u00e9cnico de 12 meses\u201d.<\/strong><\/p>\n<p>&nbsp;<\/p>\n<p><img data-recalc-dims=\"1\" loading=\"lazy\" decoding=\"async\" class=\"aligncenter size-full wp-image-68397\" src=\"https:\/\/i0.wp.com\/cdnoticias.com\/wp-content\/uploads\/2022\/10\/simone-confe3-scaled.jpg?resize=800%2C480&#038;ssl=1\" alt=\"\" width=\"800\" height=\"480\" srcset=\"https:\/\/i0.wp.com\/cdnoticias.com\/wp-content\/uploads\/2022\/10\/simone-confe3-scaled.jpg?w=2560&amp;ssl=1 2560w, https:\/\/i0.wp.com\/cdnoticias.com\/wp-content\/uploads\/2022\/10\/simone-confe3-scaled.jpg?resize=300%2C180&amp;ssl=1 300w, https:\/\/i0.wp.com\/cdnoticias.com\/wp-content\/uploads\/2022\/10\/simone-confe3-scaled.jpg?resize=1024%2C614&amp;ssl=1 1024w, https:\/\/i0.wp.com\/cdnoticias.com\/wp-content\/uploads\/2022\/10\/simone-confe3-scaled.jpg?resize=768%2C461&amp;ssl=1 768w, https:\/\/i0.wp.com\/cdnoticias.com\/wp-content\/uploads\/2022\/10\/simone-confe3-scaled.jpg?resize=1536%2C921&amp;ssl=1 1536w, https:\/\/i0.wp.com\/cdnoticias.com\/wp-content\/uploads\/2022\/10\/simone-confe3-scaled.jpg?resize=2048%2C1228&amp;ssl=1 2048w, https:\/\/i0.wp.com\/cdnoticias.com\/wp-content\/uploads\/2022\/10\/simone-confe3-scaled.jpg?w=1600&amp;ssl=1 1600w, https:\/\/i0.wp.com\/cdnoticias.com\/wp-content\/uploads\/2022\/10\/simone-confe3-scaled.jpg?w=2400&amp;ssl=1 2400w\" sizes=\"auto, (max-width: 800px) 100vw, 800px\" \/><\/p>\n<p>&nbsp;<\/p>\n<p><strong>La financiaci\u00f3n corre por cuenta de la Provincia y el sindicato se encarga de la construcci\u00f3n.<\/strong> En ese sentido, resalt\u00f3 el esquema de financiaci\u00f3n adoptado en el que se busca a entidades y sindicatos que puedan aportar terrenos, ya que es lo que escasea <strong>\u201csobre todo en lugares donde el municipio no gestiona la obtenci\u00f3n de suelo p\u00fablico\u201d.<\/strong><\/p>\n<p>&nbsp;<\/p>\n<blockquote><p>\u201cLas entidades y sindicatos son un gran aliado nuestro. Hoy tenemos un mont\u00f3n de obras largadas en terrenos que eran de sindicatos. Y en definitiva esos afiliados son bonaerenses que necesitan casas y que despu\u00e9s las van a pagar\u201d, se\u00f1al\u00f3 Simone.<\/p><\/blockquote>\n<p>&nbsp;<\/p>\n<p>Y agreg\u00f3: \u201ces un esquema que funciona muy bien, lo que hicimos es generar un<strong> sistema de certificaci\u00f3n y de pago<\/strong> que sea r\u00e1pido, que sea din\u00e1mico porque lo peor para una obra de vivienda es que se corte el flujo de pago. Hoy lo pudimos resolver y lo ves en las obras, las obras avanzan y se cumplen los plazos\u201d.<\/p>\n<p>&nbsp;<\/p>\n<p><img data-recalc-dims=\"1\" loading=\"lazy\" decoding=\"async\" class=\"aligncenter size-full wp-image-68432\" src=\"https:\/\/i0.wp.com\/cdnoticias.com\/wp-content\/uploads\/2022\/10\/kicillof-simone-barrio-educadores-scaled.jpg?resize=800%2C480&#038;ssl=1\" alt=\"\" width=\"800\" height=\"480\" srcset=\"https:\/\/i0.wp.com\/cdnoticias.com\/wp-content\/uploads\/2022\/10\/kicillof-simone-barrio-educadores-scaled.jpg?w=2560&amp;ssl=1 2560w, https:\/\/i0.wp.com\/cdnoticias.com\/wp-content\/uploads\/2022\/10\/kicillof-simone-barrio-educadores-scaled.jpg?resize=300%2C180&amp;ssl=1 300w, https:\/\/i0.wp.com\/cdnoticias.com\/wp-content\/uploads\/2022\/10\/kicillof-simone-barrio-educadores-scaled.jpg?resize=1024%2C614&amp;ssl=1 1024w, https:\/\/i0.wp.com\/cdnoticias.com\/wp-content\/uploads\/2022\/10\/kicillof-simone-barrio-educadores-scaled.jpg?resize=768%2C461&amp;ssl=1 768w, https:\/\/i0.wp.com\/cdnoticias.com\/wp-content\/uploads\/2022\/10\/kicillof-simone-barrio-educadores-scaled.jpg?resize=1536%2C922&amp;ssl=1 1536w, https:\/\/i0.wp.com\/cdnoticias.com\/wp-content\/uploads\/2022\/10\/kicillof-simone-barrio-educadores-scaled.jpg?resize=2048%2C1229&amp;ssl=1 2048w, https:\/\/i0.wp.com\/cdnoticias.com\/wp-content\/uploads\/2022\/10\/kicillof-simone-barrio-educadores-scaled.jpg?w=1600&amp;ssl=1 1600w, https:\/\/i0.wp.com\/cdnoticias.com\/wp-content\/uploads\/2022\/10\/kicillof-simone-barrio-educadores-scaled.jpg?w=2400&amp;ssl=1 2400w\" sizes=\"auto, (max-width: 800px) 100vw, 800px\" \/><\/p>\n<p>&nbsp;<\/p>\n<p><strong>Barrio Educadores <\/strong><\/p>\n<p>&nbsp;<\/p>\n<p><strong>\u201cEst\u00e1 muy bien, en plazo\u201d<\/strong>, asegur\u00f3 el ministro de H\u00e1bitat y Desarrollo Urbano luego de la recorrida por las obras del barrio Educadores que se encuentran en el tramo final.<\/p>\n<p>&nbsp;<\/p>\n<p>Para diciembre pr\u00f3ximo esperan entregar<a href=\"https:\/\/cdnoticias.com\/index.php\/2022\/10\/09\/barrio-educadores-el-tramo-final-de-la-obra-a-20-anos-de-su-inicio\/\" target=\"_blank\" rel=\"noopener\"> seis unidades de las 21 que est\u00e1n incluidas en esta etapa<\/a>, la \u00faltima desde el inicio de la construcci\u00f3n en los primeros a\u00f1os de la d\u00e9cada del 2000. <strong>\u201cVimos un nivel de avance grande de las viviendas. Las casas est\u00e1n en plazo y con muy buena calidad constructiva tambi\u00e9n\u201d<\/strong>, agreg\u00f3.<\/p>\n<p>&nbsp;<\/p>\n<p><img data-recalc-dims=\"1\" loading=\"lazy\" decoding=\"async\" class=\"aligncenter size-full wp-image-66578\" src=\"https:\/\/i0.wp.com\/cdnoticias.com\/wp-content\/uploads\/2022\/10\/barrio-educadores-0.jpg?resize=800%2C445&#038;ssl=1\" alt=\"\" width=\"800\" height=\"445\" srcset=\"https:\/\/i0.wp.com\/cdnoticias.com\/wp-content\/uploads\/2022\/10\/barrio-educadores-0.jpg?w=800&amp;ssl=1 800w, https:\/\/i0.wp.com\/cdnoticias.com\/wp-content\/uploads\/2022\/10\/barrio-educadores-0.jpg?resize=300%2C167&amp;ssl=1 300w, https:\/\/i0.wp.com\/cdnoticias.com\/wp-content\/uploads\/2022\/10\/barrio-educadores-0.jpg?resize=768%2C427&amp;ssl=1 768w\" sizes=\"auto, (max-width: 800px) 100vw, 800px\" \/><\/p>\n<p>&nbsp;<\/p>\n<p>\u201cLamentablemente en la Provincia hay muchos barrios con muchos a\u00f1os de espera. Son m\u00e1s de 2 mil viviendas y <strong>si sumamos todas las que eran con fondos nacionales debemos estar en las 4 mil o 5 mil viviendas paralizadas, abandonadas<\/strong>\u201d, asegur\u00f3 Simone.<\/p>\n<p>&nbsp;<\/p>\n<p>Sin embargo, \u201cuna por una las hemos podido recuperar hablando con las entidades, volviendo a licitar, buscando quien las termine. <strong>Es m\u00e1s dif\u00edcil retomar una obra abandonada que empezar una nueva<\/strong>. Axel (Kicillof) nos pidi\u00f3 que no tuvi\u00e9ramos viviendas por la mitad en la Provincia y hoy estamos cerquita de cumplirlo\u201d.<\/p>\n","protected":false},"excerpt":{"rendered":"<p>Lo asegur\u00f3 el ministro Agust\u00edn Simone en el marco de su visita a Olavarr\u00eda. El avance de la obra del<\/p>\n","protected":false},"author":5,"featured_media":68431,"comment_status":"closed","ping_status":"closed","sticky":false,"template":"","format":"standard","meta":{"_jetpack_memberships_contains_paid_content":false,"footnotes":""},"categories":[5,1],"tags":[],"class_list":["post-68430","post","type-post","status-publish","format-standard","has-post-thumbnail","hentry","category-informacion-general","category-portada"],"jetpack_featured_media_url":"https:\/\/i0.wp.com\/cdnoticias.com\/wp-content\/uploads\/2022\/10\/santellan-simone-convenio-viviendas-scaled.jpg?fit=2560%2C1536&ssl=1","jetpack_sharing_enabled":true,"_links":{"self":[{"href":"https:\/\/cdnoticias.com\/index.php\/wp-json\/wp\/v2\/posts\/68430","targetHints":{"allow":["GET"]}}],"collection":[{"href":"https:\/\/cdnoticias.com\/index.php\/wp-json\/wp\/v2\/posts"}],"about":[{"href":"https:\/\/cdnoticias.com\/index.php\/wp-json\/wp\/v2\/types\/post"}],"author":[{"embeddable":true,"href":"https:\/\/cdnoticias.com\/index.php\/wp-json\/wp\/v2\/users\/5"}],"replies":[{"embeddable":true,"href":"https:\/\/cdnoticias.com\/index.php\/wp-json\/wp\/v2\/comments?post=68430"}],"version-history":[{"count":0,"href":"https:\/\/cdnoticias.com\/index.php\/wp-json\/wp\/v2\/posts\/68430\/revisions"}],"wp:featuredmedia":[{"embeddable":true,"href":"https:\/\/cdnoticias.com\/index.php\/wp-json\/wp\/v2\/media\/68431"}],"wp:attachment":[{"href":"https:\/\/cdnoticias.com\/index.php\/wp-json\/wp\/v2\/media?parent=68430"}],"wp:term":[{"taxonomy":"category","embeddable":true,"href":"https:\/\/cdnoticias.com\/index.php\/wp-json\/wp\/v2\/categories?post=68430"},{"taxonomy":"post_tag","embeddable":true,"href":"https:\/\/cdnoticias.com\/index.php\/wp-json\/wp\/v2\/tags?post=68430"}],"curies":[{"name":"wp","href":"https:\/\/api.w.org\/{rel}","templated":true}]}}