{"id":6840,"date":"2020-11-18T11:13:10","date_gmt":"2020-11-18T14:13:10","guid":{"rendered":"http:\/\/www.centraldenoticias.com.ar\/?p=6840"},"modified":"2020-11-18T21:03:55","modified_gmt":"2020-11-19T00:03:55","slug":"coopelectric-mostro-las-tareas-realizadas-en-torno-al-alimentador-n-1","status":"publish","type":"post","link":"https:\/\/cdnoticias.com\/index.php\/2020\/11\/18\/coopelectric-mostro-las-tareas-realizadas-en-torno-al-alimentador-n-1\/","title":{"rendered":"Coopelectric mostr\u00f3 las tareas realizadas en torno al Alimentador N\u00b0 1"},"content":{"rendered":"<p>Se trata de las labores por las que el fin de semana pasado debi\u00f3 cortarse un tramo de la Ruta Nacional 226. <strong>Fotos y video.<\/strong><\/p>\n<p><!--more--><\/p>\n<hr \/>\n<p><strong>\u201cConcluy\u00f3 la primera etapa de la renovaci\u00f3n y ampliaci\u00f3n de la capacidad del Alimentador N\u00b0 1 de Media Tensi\u00f3n\u201d<\/strong>, se enfatiz\u00f3 en las \u00faltimas horas desde Coopelectric, desde donde adem\u00e1s se compartieron im\u00e1genes de las labores realizadas el \u00faltimo viernes en torno a la <strong>l\u00ednea que atraviesa la Ruta Nacional 226 en el tramo lindero al arroyo Tapalqu\u00e9.<\/strong><\/p>\n<p>&nbsp;<\/p>\n<p><img data-recalc-dims=\"1\" loading=\"lazy\" decoding=\"async\" class=\"alignnone size-large wp-image-6843\" src=\"https:\/\/i0.wp.com\/cdnoticias.com\/wp-content\/uploads\/2020\/11\/03-Tareas-Alimentador-N%C2%B0-1-1024x768.jpg?resize=800%2C600&#038;ssl=1\" alt=\"\" width=\"800\" height=\"600\" srcset=\"https:\/\/i0.wp.com\/cdnoticias.com\/wp-content\/uploads\/2020\/11\/03-Tareas-Alimentador-N%C2%B0-1.jpg?w=1024&amp;ssl=1 1024w, https:\/\/i0.wp.com\/cdnoticias.com\/wp-content\/uploads\/2020\/11\/03-Tareas-Alimentador-N%C2%B0-1.jpg?resize=300%2C225&amp;ssl=1 300w, https:\/\/i0.wp.com\/cdnoticias.com\/wp-content\/uploads\/2020\/11\/03-Tareas-Alimentador-N%C2%B0-1.jpg?resize=768%2C576&amp;ssl=1 768w\" sizes=\"auto, (max-width: 800px) 100vw, 800px\" \/><\/p>\n<p>&nbsp;<\/p>\n<p>Vale recordar que en el marco de estas tareas fue que debi\u00f3 desplegarse a fines de la semana pasada un importante operativo vial, ya que para la puesta en marcha de estas labores <a href=\"https:\/\/cdnoticias.com\/index.php\/2020\/11\/12\/por-tareas-de-coopelectric-cortaran-un-tramo-de-la-ruta-nacional-226\/\" target=\"_blank\" rel=\"noopener\">se debi\u00f3 cortar la circulaci\u00f3n en el tramo comprendido entre la avenida Pringles e Independencia.<\/a><\/p>\n<p>&nbsp;<\/p>\n<div class=\"jetpack-video-wrapper\"><iframe loading=\"lazy\" width=\"800\" height=\"450\" src=\"https:\/\/www.youtube.com\/embed\/jKm-HdMNVzg?feature=oembed\" frameborder=\"0\" allow=\"accelerometer; autoplay; clipboard-write; encrypted-media; gyroscope; picture-in-picture\" allowfullscreen><\/iframe><\/div>\n<p>&nbsp;<\/p>\n<p><strong>\u201cLa obra ejecutada consisti\u00f3 en el reemplazo del cruce de ruta existente a la altura de la calle Lavalle y la renovaci\u00f3n del conductor y aisladores de la l\u00ednea que tiene traza sobre Ruta Nacional 226 desde Lavalle a Rivadavia\u201d<\/strong>, se a\u00f1adi\u00f3 desde la empresa prestadora del servicio el\u00e9ctrico.<\/p>\n<p>&nbsp;<\/p>\n<p><img data-recalc-dims=\"1\" loading=\"lazy\" decoding=\"async\" class=\"alignnone size-large wp-image-6842\" src=\"https:\/\/i0.wp.com\/cdnoticias.com\/wp-content\/uploads\/2020\/11\/02-Tareas-Alimentador-N%C2%B0-1-1024x768.jpg?resize=800%2C600&#038;ssl=1\" alt=\"\" width=\"800\" height=\"600\" srcset=\"https:\/\/i0.wp.com\/cdnoticias.com\/wp-content\/uploads\/2020\/11\/02-Tareas-Alimentador-N%C2%B0-1.jpg?w=1024&amp;ssl=1 1024w, https:\/\/i0.wp.com\/cdnoticias.com\/wp-content\/uploads\/2020\/11\/02-Tareas-Alimentador-N%C2%B0-1.jpg?resize=300%2C225&amp;ssl=1 300w, https:\/\/i0.wp.com\/cdnoticias.com\/wp-content\/uploads\/2020\/11\/02-Tareas-Alimentador-N%C2%B0-1.jpg?resize=768%2C576&amp;ssl=1 768w\" sizes=\"auto, (max-width: 800px) 100vw, 800px\" \/><\/p>\n<p>&nbsp;<\/p>\n<p>En un comunicado emitido este martes se compartieron fotos y videos de la labor realizada, adem\u00e1s de precisar que <strong>\u201cpara poder realizar el cruce de ruta se remplaz\u00f3 una estructura de retenci\u00f3n de hormig\u00f3n y se tendieron aproximadamente 100 metros de cable a\u00e9reo de 185\/30 de Al\/Ac\u201d.\u00a0<\/strong>Por \u00faltimo, se expres\u00f3 que <strong>\u201cconcluida esta obra, se trabajar\u00e1 en la ejecuci\u00f3n de las pr\u00f3ximas etapas programadas para el Alimentador N\u00b0 1\u201d.<\/strong><\/p>\n<p>&nbsp;<\/p>\n","protected":false},"excerpt":{"rendered":"<p>Se trata de las labores por las que el fin de semana pasado debi\u00f3 cortarse un tramo de la Ruta<\/p>\n","protected":false},"author":3,"featured_media":6841,"comment_status":"closed","ping_status":"closed","sticky":false,"template":"","format":"standard","meta":{"_jetpack_memberships_contains_paid_content":false,"footnotes":""},"categories":[5,1],"tags":[],"class_list":["post-6840","post","type-post","status-publish","format-standard","has-post-thumbnail","hentry","category-informacion-general","category-portada"],"jetpack_featured_media_url":"https:\/\/i0.wp.com\/cdnoticias.com\/wp-content\/uploads\/2020\/11\/01-Tareas-Alimentador-N%C2%B0-1.jpg?fit=1365%2C768&ssl=1","jetpack_sharing_enabled":true,"_links":{"self":[{"href":"https:\/\/cdnoticias.com\/index.php\/wp-json\/wp\/v2\/posts\/6840","targetHints":{"allow":["GET"]}}],"collection":[{"href":"https:\/\/cdnoticias.com\/index.php\/wp-json\/wp\/v2\/posts"}],"about":[{"href":"https:\/\/cdnoticias.com\/index.php\/wp-json\/wp\/v2\/types\/post"}],"author":[{"embeddable":true,"href":"https:\/\/cdnoticias.com\/index.php\/wp-json\/wp\/v2\/users\/3"}],"replies":[{"embeddable":true,"href":"https:\/\/cdnoticias.com\/index.php\/wp-json\/wp\/v2\/comments?post=6840"}],"version-history":[{"count":0,"href":"https:\/\/cdnoticias.com\/index.php\/wp-json\/wp\/v2\/posts\/6840\/revisions"}],"wp:featuredmedia":[{"embeddable":true,"href":"https:\/\/cdnoticias.com\/index.php\/wp-json\/wp\/v2\/media\/6841"}],"wp:attachment":[{"href":"https:\/\/cdnoticias.com\/index.php\/wp-json\/wp\/v2\/media?parent=6840"}],"wp:term":[{"taxonomy":"category","embeddable":true,"href":"https:\/\/cdnoticias.com\/index.php\/wp-json\/wp\/v2\/categories?post=6840"},{"taxonomy":"post_tag","embeddable":true,"href":"https:\/\/cdnoticias.com\/index.php\/wp-json\/wp\/v2\/tags?post=6840"}],"curies":[{"name":"wp","href":"https:\/\/api.w.org\/{rel}","templated":true}]}}