{"id":68374,"date":"2022-10-26T19:34:03","date_gmt":"2022-10-26T22:34:03","guid":{"rendered":"https:\/\/www.centraldenoticias.com.ar\/?p=68374"},"modified":"2022-10-27T07:47:39","modified_gmt":"2022-10-27T10:47:39","slug":"alerta-meteorologica-a-muy-corto-plazo-por-fuertes-tormentas-para-olavarria","status":"publish","type":"post","link":"https:\/\/cdnoticias.com\/index.php\/2022\/10\/26\/alerta-meteorologica-a-muy-corto-plazo-por-fuertes-tormentas-para-olavarria\/","title":{"rendered":"Alerta meteorol\u00f3gica \u201ca muy corto plazo\u201d por \u201cfuertes tormentas\u201d para Olavarr\u00eda"},"content":{"rendered":"<p>Fue informada por la Direcci\u00f3n de Defensa Civil municipal. Se prev\u00e9n fuertes lluvias desde las 20:30 horas.<!--more--><\/p>\n<hr \/>\n<p>En la tarde de este mi\u00e9rcoles, <strong>la Direcci\u00f3n de Defensa Civil municipal inform\u00f3 de una importante alerta meteorol\u00f3gica \u201ca muy corto plazo\u201d por fuertes tormentas para Olavarr\u00eda y otras cinco ciudades de la regi\u00f3n.<\/strong><\/p>\n<p>&nbsp;<\/p>\n<p>Se prev\u00e9,<strong> seg\u00fan lo indica el Servicio Meteorol\u00f3gico Nacional <em>\u201ctormentas fuertes con lluvias intensas y ocasional ca\u00edda de granizo\u201d<\/em> hecho que ya se registr\u00f3 en localidades como Chillar.<\/strong><\/p>\n<p>&nbsp;<\/p>\n<p><img data-recalc-dims=\"1\" loading=\"lazy\" decoding=\"async\" class=\"alignnone size-full wp-image-68375\" src=\"https:\/\/i0.wp.com\/cdnoticias.com\/wp-content\/uploads\/2022\/10\/WhatsApp-Image-2022-10-26-at-19.14.58.jpeg?resize=575%2C564&#038;ssl=1\" alt=\"\" width=\"575\" height=\"564\" srcset=\"https:\/\/i0.wp.com\/cdnoticias.com\/wp-content\/uploads\/2022\/10\/WhatsApp-Image-2022-10-26-at-19.14.58.jpeg?w=575&amp;ssl=1 575w, https:\/\/i0.wp.com\/cdnoticias.com\/wp-content\/uploads\/2022\/10\/WhatsApp-Image-2022-10-26-at-19.14.58.jpeg?resize=300%2C294&amp;ssl=1 300w\" sizes=\"auto, (max-width: 575px) 100vw, 575px\" \/><\/p>\n<p>&nbsp;<\/p>\n<blockquote><p>La alerta rige para Olavarr\u00eda, Gonz\u00e1les Ch\u00e1vez, Azul, Benito Ju\u00e1rez y Laprida y La Madrid.<\/p><\/blockquote>\n<p>&nbsp;<\/p>\n<p>Seg\u00fan se estima,<strong> la tormenta llegar\u00eda pasadas las 20:30 horas y se informar\u00e1n las novedades de c\u00f3mo continuar\u00e1 el tiempo en las pr\u00f3ximas horas, con una posible mejora en lo climatol\u00f3gico.<\/strong><\/p>\n","protected":false},"excerpt":{"rendered":"<p>Fue informada por la Direcci\u00f3n de Defensa Civil municipal. Se prev\u00e9n fuertes lluvias desde las 20:30 horas.<\/p>\n","protected":false},"author":2,"featured_media":68216,"comment_status":"closed","ping_status":"closed","sticky":false,"template":"","format":"standard","meta":{"_jetpack_memberships_contains_paid_content":false,"footnotes":""},"categories":[5],"tags":[],"class_list":["post-68374","post","type-post","status-publish","format-standard","has-post-thumbnail","hentry","category-informacion-general"],"jetpack_featured_media_url":"https:\/\/i0.wp.com\/cdnoticias.com\/wp-content\/uploads\/2022\/10\/lluvia-clima-tiempo-02-scaled.jpg?fit=2560%2C1536&ssl=1","jetpack_sharing_enabled":true,"_links":{"self":[{"href":"https:\/\/cdnoticias.com\/index.php\/wp-json\/wp\/v2\/posts\/68374","targetHints":{"allow":["GET"]}}],"collection":[{"href":"https:\/\/cdnoticias.com\/index.php\/wp-json\/wp\/v2\/posts"}],"about":[{"href":"https:\/\/cdnoticias.com\/index.php\/wp-json\/wp\/v2\/types\/post"}],"author":[{"embeddable":true,"href":"https:\/\/cdnoticias.com\/index.php\/wp-json\/wp\/v2\/users\/2"}],"replies":[{"embeddable":true,"href":"https:\/\/cdnoticias.com\/index.php\/wp-json\/wp\/v2\/comments?post=68374"}],"version-history":[{"count":0,"href":"https:\/\/cdnoticias.com\/index.php\/wp-json\/wp\/v2\/posts\/68374\/revisions"}],"wp:featuredmedia":[{"embeddable":true,"href":"https:\/\/cdnoticias.com\/index.php\/wp-json\/wp\/v2\/media\/68216"}],"wp:attachment":[{"href":"https:\/\/cdnoticias.com\/index.php\/wp-json\/wp\/v2\/media?parent=68374"}],"wp:term":[{"taxonomy":"category","embeddable":true,"href":"https:\/\/cdnoticias.com\/index.php\/wp-json\/wp\/v2\/categories?post=68374"},{"taxonomy":"post_tag","embeddable":true,"href":"https:\/\/cdnoticias.com\/index.php\/wp-json\/wp\/v2\/tags?post=68374"}],"curies":[{"name":"wp","href":"https:\/\/api.w.org\/{rel}","templated":true}]}}