{"id":68366,"date":"2022-10-26T15:02:28","date_gmt":"2022-10-26T18:02:28","guid":{"rendered":"https:\/\/www.centraldenoticias.com.ar\/?p=68366"},"modified":"2022-10-26T19:34:16","modified_gmt":"2022-10-26T22:34:16","slug":"sin-el-titulo-de-propiedad-no-esta-completo-el-derecho-a-la-vivienda","status":"publish","type":"post","link":"https:\/\/cdnoticias.com\/index.php\/2022\/10\/26\/sin-el-titulo-de-propiedad-no-esta-completo-el-derecho-a-la-vivienda\/","title":{"rendered":"\u201cSin el t\u00edtulo de propiedad no est\u00e1 completo el derecho a la vivienda\u201d"},"content":{"rendered":"<p>Lo dijo el gobernador Axel Kicillof en el acto de entrega de 369 escrituras en Olavarr\u00eda. Estuvieron los ministros Julio Alak y Cristina \u00c1lvarez Rodr\u00edguez.<!--more--><\/p>\n<hr \/>\n<p>El gobernador Axel Kicillof encabez\u00f3 este mi\u00e9rcoles el acto de <strong>entrega de escrituras en el Club Racing<\/strong> donde 369 familias de Olavarr\u00eda recibieron los t\u00edtulos de propiedad de sus inmuebles.<\/p>\n<p>&nbsp;<\/p>\n<p>Llegaron para participar del acto los <strong>ministros de Gobierno, Cristina \u00c1lvarez Rodr\u00edguez, y de Justicia, Julio Alak.<\/strong> Asimismo, se hicieron presentes autoridades y personal de la Escriban\u00eda General de Gobierno.<\/p>\n<p>&nbsp;<\/p>\n<p>Para encabezar el acto, estuvieron en el escenario el <strong>intendente Ezequiel Galli, el diputado provincial y presidente del bloque Frente de Todos, C\u00e9sar Valicenti, y el titular de Anses local, Maximiliano Wesner.<\/strong><\/p>\n<p>&nbsp;<\/p>\n<p><img data-recalc-dims=\"1\" loading=\"lazy\" decoding=\"async\" class=\"aligncenter size-full wp-image-68364\" src=\"https:\/\/i0.wp.com\/cdnoticias.com\/wp-content\/uploads\/2022\/10\/kicillof-13.jpg?resize=800%2C480&#038;ssl=1\" alt=\"\" width=\"800\" height=\"480\" srcset=\"https:\/\/i0.wp.com\/cdnoticias.com\/wp-content\/uploads\/2022\/10\/kicillof-13.jpg?w=1600&amp;ssl=1 1600w, https:\/\/i0.wp.com\/cdnoticias.com\/wp-content\/uploads\/2022\/10\/kicillof-13.jpg?resize=300%2C180&amp;ssl=1 300w, https:\/\/i0.wp.com\/cdnoticias.com\/wp-content\/uploads\/2022\/10\/kicillof-13.jpg?resize=1024%2C614&amp;ssl=1 1024w, https:\/\/i0.wp.com\/cdnoticias.com\/wp-content\/uploads\/2022\/10\/kicillof-13.jpg?resize=768%2C461&amp;ssl=1 768w, https:\/\/i0.wp.com\/cdnoticias.com\/wp-content\/uploads\/2022\/10\/kicillof-13.jpg?resize=1536%2C922&amp;ssl=1 1536w\" sizes=\"auto, (max-width: 800px) 100vw, 800px\" \/><\/p>\n<p>&nbsp;<\/p>\n<p>Se resalt\u00f3 que del acto tambi\u00e9n particip\u00f3 <strong>el intendente de Roque P\u00e9rez, Jos\u00e9 Luis Horna, el jefe de asesores, Carlos Bianco, y el funcionario provincial Alejo Suppli.<\/strong><\/p>\n<p>&nbsp;<\/p>\n<p>En el marco del acto, el gobernador Kicillof hizo hincapi\u00e9 en la importancia que su gesti\u00f3n le da a este tipo de entregas.<strong> \u201cSin el t\u00edtulo de propiedad no est\u00e1 completo el derecho a la vivienda\u201d<\/strong> enfatiz\u00f3.<\/p>\n<p>&nbsp;<\/p>\n<p>Relat\u00f3 la <strong>labor desarrollada desde la Provincia en conjunto con los municipios<\/strong> para \u201cbuscar a aquellos que todav\u00eda no tienen la escritura\u201d. Indic\u00f3 que fue un objetivo planteado desde que sumi\u00f3 la Gobernaci\u00f3n, y que se vio complicado con la pandemia. Junto con el ministro Julio Alak se plantearon como objetivo en los cuatro a\u00f1os de gesti\u00f3n \u201cllegar a entregar 100.000 escrituras, y ya vamos 76.000 escrituras con dos a\u00f1os de dificultades. Es muy importante esta meta que estamos por alcanzar\u201d subray\u00f3.<\/p>\n<p>&nbsp;<\/p>\n<p><img data-recalc-dims=\"1\" loading=\"lazy\" decoding=\"async\" class=\"aligncenter size-full wp-image-68358\" src=\"https:\/\/i0.wp.com\/cdnoticias.com\/wp-content\/uploads\/2022\/10\/kicillof-07-scaled.jpg?resize=800%2C480&#038;ssl=1\" alt=\"\" width=\"800\" height=\"480\" srcset=\"https:\/\/i0.wp.com\/cdnoticias.com\/wp-content\/uploads\/2022\/10\/kicillof-07-scaled.jpg?w=2560&amp;ssl=1 2560w, https:\/\/i0.wp.com\/cdnoticias.com\/wp-content\/uploads\/2022\/10\/kicillof-07-scaled.jpg?resize=300%2C180&amp;ssl=1 300w, https:\/\/i0.wp.com\/cdnoticias.com\/wp-content\/uploads\/2022\/10\/kicillof-07-scaled.jpg?resize=1024%2C614&amp;ssl=1 1024w, https:\/\/i0.wp.com\/cdnoticias.com\/wp-content\/uploads\/2022\/10\/kicillof-07-scaled.jpg?resize=768%2C461&amp;ssl=1 768w, https:\/\/i0.wp.com\/cdnoticias.com\/wp-content\/uploads\/2022\/10\/kicillof-07-scaled.jpg?resize=1536%2C922&amp;ssl=1 1536w, https:\/\/i0.wp.com\/cdnoticias.com\/wp-content\/uploads\/2022\/10\/kicillof-07-scaled.jpg?resize=2048%2C1229&amp;ssl=1 2048w, https:\/\/i0.wp.com\/cdnoticias.com\/wp-content\/uploads\/2022\/10\/kicillof-07-scaled.jpg?w=1600&amp;ssl=1 1600w, https:\/\/i0.wp.com\/cdnoticias.com\/wp-content\/uploads\/2022\/10\/kicillof-07-scaled.jpg?w=2400&amp;ssl=1 2400w\" sizes=\"auto, (max-width: 800px) 100vw, 800px\" \/><\/p>\n<p>&nbsp;<\/p>\n<p>Adem\u00e1s, explic\u00f3 otros aspectos del programa \u201cMi escritura, mi casa\u201d que incluyen la<strong> gratuidad del tr\u00e1mite, la condonaci\u00f3n de deudas impositivas sobre el inmueble y la declaraci\u00f3n de \u201cbien de familia\u201d.<\/strong><\/p>\n<p>&nbsp;<\/p>\n<p><strong>\u201cHoy estamos en Olavarr\u00eda. Para m\u00ed es importante estar ac\u00e1. Esta es la capital del cemento, entonces c\u00f3mo no nos vamos a ocupar de la vivienda\u201d<\/strong> expres\u00f3 Kicillof quien cerr\u00f3 su intervenci\u00f3n se\u00f1alando que \u201chaber tardado 10 a\u00f1os, 20 o 30 a\u00f1os es una grave falta as\u00ed que estamos ac\u00e1, m\u00e1s temprano que tarde, para que se cumpla con los derechos postergados y las necesidades que hay. Nos va a llevar tiempo, pero de eso trabajamos y para eso estamos\u201d.<\/p>\n<p>&nbsp;<\/p>\n<p>Por su lado, el <strong>intendente Ezequiel Galli<\/strong> tambi\u00e9n hab\u00eda remarcado la labor conjunta entre la Provincia y el Municipio para la tramitaci\u00f3n de escrituras, al tiempo que inform\u00f3 que en sus siete a\u00f1os de gesti\u00f3n lleva entregados 7.000 t\u00edtulos de propiedad. Destac\u00f3 que en ese punto, \u201cla prioridad es el olavarriense\u201d.<\/p>\n<p>&nbsp;<\/p>\n<p><img data-recalc-dims=\"1\" loading=\"lazy\" decoding=\"async\" class=\"aligncenter size-full wp-image-68363\" src=\"https:\/\/i0.wp.com\/cdnoticias.com\/wp-content\/uploads\/2022\/10\/kicillof-12-scaled.jpg?resize=800%2C480&#038;ssl=1\" alt=\"\" width=\"800\" height=\"480\" srcset=\"https:\/\/i0.wp.com\/cdnoticias.com\/wp-content\/uploads\/2022\/10\/kicillof-12-scaled.jpg?w=2560&amp;ssl=1 2560w, https:\/\/i0.wp.com\/cdnoticias.com\/wp-content\/uploads\/2022\/10\/kicillof-12-scaled.jpg?resize=300%2C180&amp;ssl=1 300w, https:\/\/i0.wp.com\/cdnoticias.com\/wp-content\/uploads\/2022\/10\/kicillof-12-scaled.jpg?resize=1024%2C615&amp;ssl=1 1024w, https:\/\/i0.wp.com\/cdnoticias.com\/wp-content\/uploads\/2022\/10\/kicillof-12-scaled.jpg?resize=768%2C461&amp;ssl=1 768w, https:\/\/i0.wp.com\/cdnoticias.com\/wp-content\/uploads\/2022\/10\/kicillof-12-scaled.jpg?resize=1536%2C922&amp;ssl=1 1536w, https:\/\/i0.wp.com\/cdnoticias.com\/wp-content\/uploads\/2022\/10\/kicillof-12-scaled.jpg?resize=2048%2C1229&amp;ssl=1 2048w, https:\/\/i0.wp.com\/cdnoticias.com\/wp-content\/uploads\/2022\/10\/kicillof-12-scaled.jpg?w=1600&amp;ssl=1 1600w, https:\/\/i0.wp.com\/cdnoticias.com\/wp-content\/uploads\/2022\/10\/kicillof-12-scaled.jpg?w=2400&amp;ssl=1 2400w\" sizes=\"auto, (max-width: 800px) 100vw, 800px\" \/><\/p>\n<p>&nbsp;<\/p>\n<p>Luego, el <strong>ministro Julio Alak<\/strong> pidi\u00f3 un \u201caplauso para las familias\u201d que iban a recibir las 369 escrituras. \u201cEs un plan que el Gobernador lanz\u00f3 cuando vio que hab\u00eda miles de escrituras en tr\u00e1mite\u201d y agreg\u00f3 que en los casi tres a\u00f1os de gesti\u00f3n ya se han realizado 76.000 escrituras.<\/p>\n<p>&nbsp;<\/p>\n<p><strong>\u201cUna vez que uno tiene un techo, aparece el fantasma de cu\u00e1ndo va a tener la escritura. Hoy se termina esa angustia\u201d<\/strong> celebr\u00f3 Alak.<\/p>\n<p>&nbsp;<\/p>\n<p>En el acto, se entregaron las escrituras a los titulares y tambi\u00e9n se hizo entrega de <strong>31 certificados a promotoras y promotoras del programa \u201cMi escritura, mi casa\u201d de Olavarr\u00eda.<\/strong> Se destac\u00f3 en ese marco que \u201cOlavarr\u00eda es la ciudad que m\u00e1s promotores capacitados tiene en regularizaci\u00f3n dominial\u201d.<\/p>\n<p>&nbsp;<\/p>\n<p>[soliloquy id=&#8221;68370&#8243;]<\/p>\n","protected":false},"excerpt":{"rendered":"<p>Lo dijo el gobernador Axel Kicillof en el acto de entrega de 369 escrituras en Olavarr\u00eda. Estuvieron los ministros Julio<\/p>\n","protected":false},"author":4,"featured_media":68354,"comment_status":"closed","ping_status":"closed","sticky":false,"template":"","format":"standard","meta":{"_jetpack_memberships_contains_paid_content":false,"footnotes":""},"categories":[4,1],"tags":[],"class_list":["post-68366","post","type-post","status-publish","format-standard","has-post-thumbnail","hentry","category-politica","category-portada"],"jetpack_featured_media_url":"https:\/\/i0.wp.com\/cdnoticias.com\/wp-content\/uploads\/2022\/10\/kicillof-03-scaled.jpg?fit=2560%2C1536&ssl=1","jetpack_sharing_enabled":true,"_links":{"self":[{"href":"https:\/\/cdnoticias.com\/index.php\/wp-json\/wp\/v2\/posts\/68366","targetHints":{"allow":["GET"]}}],"collection":[{"href":"https:\/\/cdnoticias.com\/index.php\/wp-json\/wp\/v2\/posts"}],"about":[{"href":"https:\/\/cdnoticias.com\/index.php\/wp-json\/wp\/v2\/types\/post"}],"author":[{"embeddable":true,"href":"https:\/\/cdnoticias.com\/index.php\/wp-json\/wp\/v2\/users\/4"}],"replies":[{"embeddable":true,"href":"https:\/\/cdnoticias.com\/index.php\/wp-json\/wp\/v2\/comments?post=68366"}],"version-history":[{"count":0,"href":"https:\/\/cdnoticias.com\/index.php\/wp-json\/wp\/v2\/posts\/68366\/revisions"}],"wp:featuredmedia":[{"embeddable":true,"href":"https:\/\/cdnoticias.com\/index.php\/wp-json\/wp\/v2\/media\/68354"}],"wp:attachment":[{"href":"https:\/\/cdnoticias.com\/index.php\/wp-json\/wp\/v2\/media?parent=68366"}],"wp:term":[{"taxonomy":"category","embeddable":true,"href":"https:\/\/cdnoticias.com\/index.php\/wp-json\/wp\/v2\/categories?post=68366"},{"taxonomy":"post_tag","embeddable":true,"href":"https:\/\/cdnoticias.com\/index.php\/wp-json\/wp\/v2\/tags?post=68366"}],"curies":[{"name":"wp","href":"https:\/\/api.w.org\/{rel}","templated":true}]}}