{"id":6834,"date":"2020-11-18T16:30:46","date_gmt":"2020-11-18T19:30:46","guid":{"rendered":"http:\/\/www.centraldenoticias.com.ar\/?p=6834"},"modified":"2020-11-18T21:46:41","modified_gmt":"2020-11-19T00:46:41","slug":"esahora-el-grito-por-el-aborto-legal-se-siente-en-nuestra-ciudad","status":"publish","type":"post","link":"https:\/\/cdnoticias.com\/index.php\/2020\/11\/18\/esahora-el-grito-por-el-aborto-legal-se-siente-en-nuestra-ciudad\/","title":{"rendered":"#EsAhora: El grito por el aborto legal se siente en nuestra ciudad"},"content":{"rendered":"<p>Tras el anuncio del Presidente del env\u00edo al Congreso del proyecto de legalizaci\u00f3n del aborto, este mi\u00e9rcoles se realizan manifestaciones en distintos puntos del pa\u00eds. En Olavarr\u00eda, habr\u00e1 marcha y pa\u00f1uelazo. \u00a0<!--more--><\/p>\n<hr \/>\n<p>La <strong>\u201cmarea verde\u201d<\/strong> volvi\u00f3 a las calles este mi\u00e9rcoles en distintos puntos del pa\u00eds, entre ellos Olavarr\u00eda, para pedir por el aborto legal.<\/p>\n<p>&nbsp;<\/p>\n<p><img data-recalc-dims=\"1\" loading=\"lazy\" decoding=\"async\" class=\"alignnone size-full wp-image-6848\" src=\"https:\/\/i0.wp.com\/cdnoticias.com\/wp-content\/uploads\/2020\/11\/Aborto04.jpg?resize=770%2C533&#038;ssl=1\" alt=\"\" width=\"770\" height=\"533\" srcset=\"https:\/\/i0.wp.com\/cdnoticias.com\/wp-content\/uploads\/2020\/11\/Aborto04.jpg?w=770&amp;ssl=1 770w, https:\/\/i0.wp.com\/cdnoticias.com\/wp-content\/uploads\/2020\/11\/Aborto04.jpg?resize=300%2C208&amp;ssl=1 300w, https:\/\/i0.wp.com\/cdnoticias.com\/wp-content\/uploads\/2020\/11\/Aborto04.jpg?resize=768%2C532&amp;ssl=1 768w, https:\/\/i0.wp.com\/cdnoticias.com\/wp-content\/uploads\/2020\/11\/Aborto04.jpg?resize=392%2C272&amp;ssl=1 392w, https:\/\/i0.wp.com\/cdnoticias.com\/wp-content\/uploads\/2020\/11\/Aborto04.jpg?resize=130%2C90&amp;ssl=1 130w\" sizes=\"auto, (max-width: 770px) 100vw, 770px\" \/><\/p>\n<p>&nbsp;<\/p>\n<p>La manifestaci\u00f3n convocada por la Campa\u00f1a Nacional por el Aborto Legal, Seguro y Gratuito incluy\u00f3 un <strong>\u201cpa\u00f1uelazo federal\u201d<\/strong> y se da en el contexto de presentaci\u00f3n en el Congreso de la Naci\u00f3n del proyecto para debatir la despenalizaci\u00f3n y legalizaci\u00f3n del aborto en la Argentina.<\/p>\n<p>&nbsp;<\/p>\n<p><img data-recalc-dims=\"1\" loading=\"lazy\" decoding=\"async\" class=\"alignnone size-full wp-image-6850\" src=\"https:\/\/i0.wp.com\/cdnoticias.com\/wp-content\/uploads\/2020\/11\/Aborto05.jpg?resize=800%2C521&#038;ssl=1\" alt=\"\" width=\"800\" height=\"521\" srcset=\"https:\/\/i0.wp.com\/cdnoticias.com\/wp-content\/uploads\/2020\/11\/Aborto05.jpg?w=844&amp;ssl=1 844w, https:\/\/i0.wp.com\/cdnoticias.com\/wp-content\/uploads\/2020\/11\/Aborto05.jpg?resize=300%2C195&amp;ssl=1 300w, https:\/\/i0.wp.com\/cdnoticias.com\/wp-content\/uploads\/2020\/11\/Aborto05.jpg?resize=768%2C500&amp;ssl=1 768w\" sizes=\"auto, (max-width: 800px) 100vw, 800px\" \/><\/p>\n<p>&nbsp;<\/p>\n<p><a href=\"https:\/\/cdnoticias.com\/index.php\/2020\/11\/17\/el-presidente-envio-al-congreso-el-proyecto-de-legalizacion-del-aborto\/\" target=\"_blank\" rel=\"noopener\">El presidente Alberto Fern\u00e1ndez envi\u00f3 el martes al Congreso de la Naci\u00f3n dos proyectos de ley.<\/a> Por un lado, la legalizaci\u00f3n de la Interrupci\u00f3n Voluntaria del Embarazo (ILE) que garantiza su realizaci\u00f3n en condiciones sanitarias que aseguren su salud y su vida.<\/p>\n<p>&nbsp;<\/p>\n<p><img data-recalc-dims=\"1\" loading=\"lazy\" decoding=\"async\" class=\"alignnone size-full wp-image-6846\" src=\"https:\/\/i0.wp.com\/cdnoticias.com\/wp-content\/uploads\/2020\/11\/Aborto02.jpg?resize=800%2C534&#038;ssl=1\" alt=\"\" width=\"800\" height=\"534\" srcset=\"https:\/\/i0.wp.com\/cdnoticias.com\/wp-content\/uploads\/2020\/11\/Aborto02.jpg?w=824&amp;ssl=1 824w, https:\/\/i0.wp.com\/cdnoticias.com\/wp-content\/uploads\/2020\/11\/Aborto02.jpg?resize=300%2C200&amp;ssl=1 300w, https:\/\/i0.wp.com\/cdnoticias.com\/wp-content\/uploads\/2020\/11\/Aborto02.jpg?resize=768%2C513&amp;ssl=1 768w, https:\/\/i0.wp.com\/cdnoticias.com\/wp-content\/uploads\/2020\/11\/Aborto02.jpg?resize=272%2C182&amp;ssl=1 272w\" sizes=\"auto, (max-width: 800px) 100vw, 800px\" \/><\/p>\n<p>&nbsp;<\/p>\n<p>El segundo proyecto, instituye el <strong>Programa de los Mil D\u00edas<\/strong>, con el objetivo de fortalecer la atenci\u00f3n integral de la salud de la mujer durante el embarazo y de sus hijos e hijas en los primeros a\u00f1os de vida.<\/p>\n<p>&nbsp;<\/p>\n<p><img data-recalc-dims=\"1\" loading=\"lazy\" decoding=\"async\" class=\"alignnone size-full wp-image-6847\" src=\"https:\/\/i0.wp.com\/cdnoticias.com\/wp-content\/uploads\/2020\/11\/Aborto01.jpg?resize=800%2C481&#038;ssl=1\" alt=\"\" width=\"800\" height=\"481\" srcset=\"https:\/\/i0.wp.com\/cdnoticias.com\/wp-content\/uploads\/2020\/11\/Aborto01.jpg?w=914&amp;ssl=1 914w, https:\/\/i0.wp.com\/cdnoticias.com\/wp-content\/uploads\/2020\/11\/Aborto01.jpg?resize=300%2C181&amp;ssl=1 300w, https:\/\/i0.wp.com\/cdnoticias.com\/wp-content\/uploads\/2020\/11\/Aborto01.jpg?resize=768%2C462&amp;ssl=1 768w\" sizes=\"auto, (max-width: 800px) 100vw, 800px\" \/><\/p>\n<p>&nbsp;<\/p>\n<p>En nuestra ciudad, referentes locales de la Campa\u00f1a y distintas agrupaciones feministas promovieron la movilizaci\u00f3n que tuvo como punto de encuentro la esquina de Brown y Necochea, desde all\u00ed se recorren las calles de la ciudad y <strong>las escalinatas del Palacio San Mart\u00edn ser\u00e1n el punto final de la marcha, pero tambi\u00e9n el escenario de un &#8220;pa\u00f1uelazo&#8221;.<\/strong><\/p>\n","protected":false},"excerpt":{"rendered":"<p>Tras el anuncio del Presidente del env\u00edo al Congreso del proyecto de legalizaci\u00f3n del aborto, este mi\u00e9rcoles se realizan manifestaciones<\/p>\n","protected":false},"author":5,"featured_media":6849,"comment_status":"closed","ping_status":"closed","sticky":false,"template":"","format":"standard","meta":{"_jetpack_memberships_contains_paid_content":false,"footnotes":""},"categories":[5,1],"tags":[],"class_list":["post-6834","post","type-post","status-publish","format-standard","has-post-thumbnail","hentry","category-informacion-general","category-portada"],"jetpack_featured_media_url":"https:\/\/i0.wp.com\/cdnoticias.com\/wp-content\/uploads\/2020\/11\/aborto06.jpg?fit=802%2C550&ssl=1","jetpack_sharing_enabled":true,"_links":{"self":[{"href":"https:\/\/cdnoticias.com\/index.php\/wp-json\/wp\/v2\/posts\/6834","targetHints":{"allow":["GET"]}}],"collection":[{"href":"https:\/\/cdnoticias.com\/index.php\/wp-json\/wp\/v2\/posts"}],"about":[{"href":"https:\/\/cdnoticias.com\/index.php\/wp-json\/wp\/v2\/types\/post"}],"author":[{"embeddable":true,"href":"https:\/\/cdnoticias.com\/index.php\/wp-json\/wp\/v2\/users\/5"}],"replies":[{"embeddable":true,"href":"https:\/\/cdnoticias.com\/index.php\/wp-json\/wp\/v2\/comments?post=6834"}],"version-history":[{"count":0,"href":"https:\/\/cdnoticias.com\/index.php\/wp-json\/wp\/v2\/posts\/6834\/revisions"}],"wp:featuredmedia":[{"embeddable":true,"href":"https:\/\/cdnoticias.com\/index.php\/wp-json\/wp\/v2\/media\/6849"}],"wp:attachment":[{"href":"https:\/\/cdnoticias.com\/index.php\/wp-json\/wp\/v2\/media?parent=6834"}],"wp:term":[{"taxonomy":"category","embeddable":true,"href":"https:\/\/cdnoticias.com\/index.php\/wp-json\/wp\/v2\/categories?post=6834"},{"taxonomy":"post_tag","embeddable":true,"href":"https:\/\/cdnoticias.com\/index.php\/wp-json\/wp\/v2\/tags?post=6834"}],"curies":[{"name":"wp","href":"https:\/\/api.w.org\/{rel}","templated":true}]}}