{"id":68312,"date":"2022-10-26T10:39:00","date_gmt":"2022-10-26T13:39:00","guid":{"rendered":"https:\/\/www.centraldenoticias.com.ar\/?p=68312"},"modified":"2022-10-26T13:02:56","modified_gmt":"2022-10-26T16:02:56","slug":"los-concejales-debatiran-la-reprogramacion-de-deuda-municipal","status":"publish","type":"post","link":"https:\/\/cdnoticias.com\/index.php\/2022\/10\/26\/los-concejales-debatiran-la-reprogramacion-de-deuda-municipal\/","title":{"rendered":"Los concejales debatir\u00e1n la reprogramaci\u00f3n de deuda municipal"},"content":{"rendered":"<p>Este mi\u00e9rcoles se desarroll\u00f3 la comisi\u00f3n de Labor Parlamentaria. Se defini\u00f3 el orden del d\u00eda para la sesi\u00f3n ordinaria: habr\u00e1 21 expedientes en debate.<!--more--><\/p>\n<hr \/>\n<p><strong>La presidenta del HCD, Cecilia Krivochen presidi\u00f3 este mi\u00e9rcoles la comisi\u00f3n de Labor Parlamentaria<\/strong>.<\/p>\n<p>&nbsp;<\/p>\n<p>All\u00ed qued\u00f3 establecido el orden del d\u00eda de la 15\u00b0 sesi\u00f3n ordinaria que tendr\u00e1 lugar este jueves desde las 9 horas en la sede de la Sociedad Espa\u00f1ola:<strong> se pondr\u00e1n en tratamiento un total de 21 expedientes.<\/strong><\/p>\n<p>&nbsp;<\/p>\n<p>La Presidenta del HCD inform\u00f3 que, adem\u00e1s, <strong>se resolvi\u00f3 que 17 expedientes ingresados en t\u00e9rmino reglamentario sean girados a las comisiones<\/strong> de Educaci\u00f3n, Medio Ambiente, Hacienda y Legislaci\u00f3n, entre otras.<\/p>\n<p>&nbsp;<\/p>\n<p>Durante la sesi\u00f3n se pondr\u00e1n en consideraci\u00f3n ocho proyectos de ordenanzas que tienen despacho de la comisi\u00f3n de Legislaci\u00f3n: <strong>se sancionar\u00e1n cuatro proyectos referidos a donaciones de inmuebles.<\/strong><\/p>\n<p>&nbsp;<\/p>\n<blockquote><p>Tambi\u00e9n se tratar\u00e1 una ordenanza preparatoria presentada por el Departamento Ejecutivo Municipal donde se autoriza la reprogramaci\u00f3n de las deudas municipales generadas en el marco del \u201cFondo Especial de Emergencia Sanitaria para la Contenci\u00f3n Fiscal Municipal\u201d. Este anteproyecto de ordenanza est\u00e1 enmarcado dentro del Decreto 264\/20, instaurada por el art\u00edculo 56 de la Ley N\u00b0 15.310 y la Resoluci\u00f3n N\u00b0 55\/22 del Ministerio de Hacienda y Finanzas del gobierno de la provincia de Buenos Aires y alcanza a los 135 municipios de todo el territorio bonaerense.<\/p><\/blockquote>\n<p>&nbsp;<\/p>\n<p><img data-recalc-dims=\"1\" loading=\"lazy\" decoding=\"async\" class=\"size-full wp-image-68313 aligncenter\" src=\"https:\/\/i0.wp.com\/cdnoticias.com\/wp-content\/uploads\/2022\/10\/HCD-labor-parlamentaria-0-1.jpg?resize=800%2C445&#038;ssl=1\" alt=\"\" width=\"800\" height=\"445\" srcset=\"https:\/\/i0.wp.com\/cdnoticias.com\/wp-content\/uploads\/2022\/10\/HCD-labor-parlamentaria-0-1.jpg?w=800&amp;ssl=1 800w, https:\/\/i0.wp.com\/cdnoticias.com\/wp-content\/uploads\/2022\/10\/HCD-labor-parlamentaria-0-1.jpg?resize=300%2C167&amp;ssl=1 300w, https:\/\/i0.wp.com\/cdnoticias.com\/wp-content\/uploads\/2022\/10\/HCD-labor-parlamentaria-0-1.jpg?resize=768%2C427&amp;ssl=1 768w\" sizes=\"auto, (max-width: 800px) 100vw, 800px\" \/><\/p>\n<p>&nbsp;<\/p>\n<p>De ser sancionada dicha ordenanza se deber\u00e1 convocar a la <strong>Asamblea de Concejales y Mayores Contribuyentes<\/strong> para darle tratamiento definitivo.<\/p>\n<p>&nbsp;<\/p>\n<p><strong>Sobre tablas<\/strong><\/p>\n<p>&nbsp;<\/p>\n<p>Desde la Presidencia del HCD indicaron que tras el tratamiento de los proyectos con despacho de comisi\u00f3n <strong>se debatir\u00e1n sobre tablas 13 expedientes presentados por los distintos bloques<\/strong> pol\u00edticos: ocho del Frente de Todos, tres de la UCR-Juntos, uno de Juntos y uno de Ahora Olavarr\u00eda.<\/p>\n<p>&nbsp;<\/p>\n<p>Fueron parte de la reuni\u00f3n de Labor Parlamentaria, Mart\u00edn Endere (Juntos); Sebasti\u00e1n Matrella (UCR-Juntos); Telma Cazot (Frente de Todos); Celeste Arouxet (Ahora Olavarr\u00eda) e In\u00e9s Creimer (Foro Olavarr\u00eda-FR en el Frente de Todos)<\/p>\n<p>&nbsp;<\/p>\n<p>La 15\u00b0 sesi\u00f3n ordinaria ser\u00e1 transmitida a trav\u00e9s del canal de YouTube del HCD.<\/p>\n<p>&nbsp;<\/p>\n<p>&nbsp;<\/p>\n","protected":false},"excerpt":{"rendered":"<p>Este mi\u00e9rcoles se desarroll\u00f3 la comisi\u00f3n de Labor Parlamentaria. Se defini\u00f3 el orden del d\u00eda para la sesi\u00f3n ordinaria: habr\u00e1<\/p>\n","protected":false},"author":4,"featured_media":68314,"comment_status":"closed","ping_status":"closed","sticky":false,"template":"","format":"standard","meta":{"_jetpack_memberships_contains_paid_content":false,"footnotes":""},"categories":[4,1],"tags":[],"class_list":["post-68312","post","type-post","status-publish","format-standard","has-post-thumbnail","hentry","category-politica","category-portada"],"jetpack_featured_media_url":"https:\/\/i0.wp.com\/cdnoticias.com\/wp-content\/uploads\/2022\/10\/HCD-labor-parlamentaria-1-1.jpg?fit=800%2C445&ssl=1","jetpack_sharing_enabled":true,"_links":{"self":[{"href":"https:\/\/cdnoticias.com\/index.php\/wp-json\/wp\/v2\/posts\/68312","targetHints":{"allow":["GET"]}}],"collection":[{"href":"https:\/\/cdnoticias.com\/index.php\/wp-json\/wp\/v2\/posts"}],"about":[{"href":"https:\/\/cdnoticias.com\/index.php\/wp-json\/wp\/v2\/types\/post"}],"author":[{"embeddable":true,"href":"https:\/\/cdnoticias.com\/index.php\/wp-json\/wp\/v2\/users\/4"}],"replies":[{"embeddable":true,"href":"https:\/\/cdnoticias.com\/index.php\/wp-json\/wp\/v2\/comments?post=68312"}],"version-history":[{"count":0,"href":"https:\/\/cdnoticias.com\/index.php\/wp-json\/wp\/v2\/posts\/68312\/revisions"}],"wp:featuredmedia":[{"embeddable":true,"href":"https:\/\/cdnoticias.com\/index.php\/wp-json\/wp\/v2\/media\/68314"}],"wp:attachment":[{"href":"https:\/\/cdnoticias.com\/index.php\/wp-json\/wp\/v2\/media?parent=68312"}],"wp:term":[{"taxonomy":"category","embeddable":true,"href":"https:\/\/cdnoticias.com\/index.php\/wp-json\/wp\/v2\/categories?post=68312"},{"taxonomy":"post_tag","embeddable":true,"href":"https:\/\/cdnoticias.com\/index.php\/wp-json\/wp\/v2\/tags?post=68312"}],"curies":[{"name":"wp","href":"https:\/\/api.w.org\/{rel}","templated":true}]}}