{"id":68283,"date":"2022-10-25T19:17:10","date_gmt":"2022-10-25T22:17:10","guid":{"rendered":"https:\/\/www.centraldenoticias.com.ar\/?p=68283"},"modified":"2022-10-26T08:42:47","modified_gmt":"2022-10-26T11:42:47","slug":"colegio-industrial-la-municipalidad-quiere-arrebatarnos-estos-terrenos","status":"publish","type":"post","link":"https:\/\/cdnoticias.com\/index.php\/2022\/10\/25\/colegio-industrial-la-municipalidad-quiere-arrebatarnos-estos-terrenos\/","title":{"rendered":"Colegio Industrial: \u201cla Municipalidad quiere arrebatarnos estos terrenos\u201d"},"content":{"rendered":"<p>Tras confirmar que la comuna realizar\u00e1 un espacio p\u00fablico en tierras linderas a la Escuela T\u00e9cnica N\u00b02, desde el Centro de Estudiantes de la instituci\u00f3n detallaron que no hubo notificaci\u00f3n y que \u201cno devolvieron el alambrado\u201d. Citaron varias ordenanzas. <!--more--><\/p>\n<hr \/>\n<p>Luego de que <strong>funcionarios del Municipio confirmaran la construcci\u00f3n de un espacio verde p\u00fablico en los terrenos linderos al Colegio Industrial, desde la instituci\u00f3n mostraron un fuerte malestar por la acci\u00f3n e incluso acusaron a la comuna de \u201cquerer arrebatarnos\u201d los terrenos.<\/strong><\/p>\n<p>&nbsp;<\/p>\n<p>Cabe recordar que<strong> el espacio fue confirmado por el Secretario de Desarrollo Humano y Calidad de Vida, Diego Robbiani, quien le expres\u00f3 a Claudia Bilbao en \u201cDesayuno con Noticias\u201d<\/strong> se trata de un macizo de tierras que pertenece al Municipio y que lograron regularizar la situaci\u00f3n.<\/p>\n<p>&nbsp;<\/p>\n<p><strong>Se acondicionar\u00e1n las veredas, har\u00e1n recambio de alumbrado y adem\u00e1s se especula con la instalaci\u00f3n de un polo educativo del Colegio Libertas<\/strong>, aunque <em>\u201cpor el momento no hay nada, no hay decisi\u00f3n tomada, ya se evaluar\u00e1 en el futuro el proyecto del due\u00f1o de Libertas&#8221;.<\/em><\/p>\n<p>&nbsp;<\/p>\n<p>Si bien en la entrevista <strong>admiti\u00f3 que hubo \u201cfalta de comunicaci\u00f3n\u201d con las autoridades del Colegio Industrial adem\u00e1s de falta de precisi\u00f3n en la informaci\u00f3n, el Centro de Estudiantes de la instituci\u00f3n mostr\u00f3, en voz de la Escuela, un fuerte malestar por \u201cquerer arrebatar\u201d los terrenos.<\/strong><\/p>\n<p>&nbsp;<\/p>\n<blockquote><p>\u201cComo ya muchos sabr\u00e1n la Municipalidad quiere arrebatarnos estos terrenos para hacer un parque y una instituci\u00f3n privada\u201d y se\u00f1alaron que dichas tierras \u201cson parte de nuestra imagen, de nuestro orgullo. Los terrenos forman parte de nuestro amor y nuestro sentimiento grasa\u201d.<\/p><\/blockquote>\n<p>&nbsp;<\/p>\n<p>En este sentido, <strong>mencionaron una donaci\u00f3n por ordenanza por parte del intendente Carlos V\u00edctor Portarrieu <em>\u201cen la Ordenanza N\u00b019 en la secci\u00f3n especial del HCD del 21-5-60\u201d.<\/em> Luego, <em>\u201cel 30-5-60 se labra la nota N\u00b039\/960 en la cual da a informar que el Concejo Deliberante ha sancionado por unanimidad durante la sesi\u00f3n especial mencionada anteriormente la Ordenanza N\u00b019\u201d.<\/em><\/strong><\/p>\n<p>&nbsp;<\/p>\n<p>Describieron como \u201cnada profesional\u201d que<strong><em> \u201cen plenas vacaciones de invierno, el 23 de julio, tomaron nuestro alambrado, el cual estaba pintado con nuestros colores, y todo el presupuesto para ello sali\u00f3 de nuestros bolsillos, y a d\u00eda de hoy no lo han devuelto. Con prepotencia y altaner\u00eda nos arrebataron todo lo que pudieron, sin siquiera informar a las autoridades institucionales\u201d<\/em><\/strong> acusaron.<\/p>\n<p>&nbsp;<\/p>\n<p>En ese sentido, pidieron que compartan la publicaci\u00f3n en redes \u201cpara que nos escuchen\u201d y convocaron a toda la comunidad educativa, <em>\u201cno importan que ya no seas estudiante o docente en la instituci\u00f3n, o que nunca hayas asistido\u201d.<\/em><\/p>\n<p>&nbsp;<\/p>\n","protected":false},"excerpt":{"rendered":"<p>Tras confirmar que la comuna realizar\u00e1 un espacio p\u00fablico en tierras linderas a la Escuela T\u00e9cnica N\u00b02, desde el Centro<\/p>\n","protected":false},"author":2,"featured_media":68284,"comment_status":"closed","ping_status":"closed","sticky":false,"template":"","format":"standard","meta":{"_jetpack_memberships_contains_paid_content":false,"footnotes":""},"categories":[4,1],"tags":[],"class_list":["post-68283","post","type-post","status-publish","format-standard","has-post-thumbnail","hentry","category-politica","category-portada"],"jetpack_featured_media_url":"https:\/\/i0.wp.com\/cdnoticias.com\/wp-content\/uploads\/2022\/10\/industrial1.jpg?fit=619%2C364&ssl=1","jetpack_sharing_enabled":true,"_links":{"self":[{"href":"https:\/\/cdnoticias.com\/index.php\/wp-json\/wp\/v2\/posts\/68283","targetHints":{"allow":["GET"]}}],"collection":[{"href":"https:\/\/cdnoticias.com\/index.php\/wp-json\/wp\/v2\/posts"}],"about":[{"href":"https:\/\/cdnoticias.com\/index.php\/wp-json\/wp\/v2\/types\/post"}],"author":[{"embeddable":true,"href":"https:\/\/cdnoticias.com\/index.php\/wp-json\/wp\/v2\/users\/2"}],"replies":[{"embeddable":true,"href":"https:\/\/cdnoticias.com\/index.php\/wp-json\/wp\/v2\/comments?post=68283"}],"version-history":[{"count":0,"href":"https:\/\/cdnoticias.com\/index.php\/wp-json\/wp\/v2\/posts\/68283\/revisions"}],"wp:featuredmedia":[{"embeddable":true,"href":"https:\/\/cdnoticias.com\/index.php\/wp-json\/wp\/v2\/media\/68284"}],"wp:attachment":[{"href":"https:\/\/cdnoticias.com\/index.php\/wp-json\/wp\/v2\/media?parent=68283"}],"wp:term":[{"taxonomy":"category","embeddable":true,"href":"https:\/\/cdnoticias.com\/index.php\/wp-json\/wp\/v2\/categories?post=68283"},{"taxonomy":"post_tag","embeddable":true,"href":"https:\/\/cdnoticias.com\/index.php\/wp-json\/wp\/v2\/tags?post=68283"}],"curies":[{"name":"wp","href":"https:\/\/api.w.org\/{rel}","templated":true}]}}