{"id":6828,"date":"2020-11-18T12:00:42","date_gmt":"2020-11-18T15:00:42","guid":{"rendered":"http:\/\/www.centraldenoticias.com.ar\/?p=6828"},"modified":"2020-11-18T17:33:08","modified_gmt":"2020-11-18T20:33:08","slug":"el-politologo-andres-malamud-dara-una-charla-virtual","status":"publish","type":"post","link":"https:\/\/cdnoticias.com\/index.php\/2020\/11\/18\/el-politologo-andres-malamud-dara-una-charla-virtual\/","title":{"rendered":"El polit\u00f3logo Andr\u00e9s Malamud dar\u00e1 una charla virtual"},"content":{"rendered":"<p>Es organizada por Radicales Olavarr\u00eda para militantes y afiliados. Ser\u00e1 el pr\u00f3ximo lunes a las 15 horas, para debatir sobre el rol del radicalismo en Juntos por el Cambio.<!--more--><\/p>\n<hr \/>\n<p>El pr\u00f3ximo lunes 23 de noviembre a las 15 horas, <strong>organizado por el espacio Radicales Olavarr\u00eda, el polit\u00f3logo olavarriense Andr\u00e9s Malamud brindar\u00e1 una charla virtual.<\/strong><\/p>\n<p>&nbsp;<\/p>\n<blockquote><p>Ser\u00e1 para militantes y afiliados y buscar\u00e1n debatir el rol de la UCR dentro de la alianza Juntos por el Cambio, en un contexto de oposici\u00f3n y b\u00fasqueda de unidad partidaria de cara al futuro.<\/p><\/blockquote>\n<p>&nbsp;<\/p>\n<p>Cabe recordar que el polit\u00f3logo olavarriense \u2013que reside en Lisboa, Portugal- <a href=\"https:\/\/cdnoticias.com\/index.php\/2020\/11\/17\/galli-vamos-a-trabajar-todos-juntos-para-sostener-los-tres-legisladores\/\" target=\"_blank\" rel=\"noopener\">particip\u00f3 tambi\u00e9n de la charla encabezada por la ex Gobernadora Mar\u00eda Eugenia Vidal con dirigentes de la S\u00e9ptima Secci\u00f3n, entre ellos Ezequiel Galli.<\/a><\/p>\n<p>&nbsp;<\/p>\n<p><img data-recalc-dims=\"1\" loading=\"lazy\" decoding=\"async\" class=\"alignnone size-large wp-image-6829\" src=\"https:\/\/i0.wp.com\/cdnoticias.com\/wp-content\/uploads\/2020\/11\/CHARLA-ANDRES-MALAMUD.jpeg?resize=800%2C800&#038;ssl=1\" alt=\"\" width=\"800\" height=\"800\" srcset=\"https:\/\/i0.wp.com\/cdnoticias.com\/wp-content\/uploads\/2020\/11\/CHARLA-ANDRES-MALAMUD.jpeg?resize=1024%2C1024&amp;ssl=1 1024w, https:\/\/i0.wp.com\/cdnoticias.com\/wp-content\/uploads\/2020\/11\/CHARLA-ANDRES-MALAMUD.jpeg?resize=150%2C150&amp;ssl=1 150w, https:\/\/i0.wp.com\/cdnoticias.com\/wp-content\/uploads\/2020\/11\/CHARLA-ANDRES-MALAMUD.jpeg?resize=300%2C300&amp;ssl=1 300w, https:\/\/i0.wp.com\/cdnoticias.com\/wp-content\/uploads\/2020\/11\/CHARLA-ANDRES-MALAMUD.jpeg?resize=768%2C768&amp;ssl=1 768w, https:\/\/i0.wp.com\/cdnoticias.com\/wp-content\/uploads\/2020\/11\/CHARLA-ANDRES-MALAMUD.jpeg?w=1080&amp;ssl=1 1080w\" sizes=\"auto, (max-width: 800px) 100vw, 800px\" \/><\/p>\n<p>&nbsp;<\/p>\n<p><strong>Los datos para acceder al zoom ser\u00e1n los siguientes:<\/strong><\/p>\n<p>&nbsp;<\/p>\n<p>Encuentro RADICALES Olavarr\u00eda con Andr\u00e9s Malamud<\/p>\n<p>Nov 23, 2020 03:00 PM Buenos Aires<\/p>\n<p>Join from PC, Mac, Linux, iOS or Android: https:\/\/videoconf-colibri.zoom.us\/j\/89658062848<\/p>\n<p>Or iPhone one-tap:\u00a0 308810988,89658062848# or 211202618,89658062848#<\/p>\n","protected":false},"excerpt":{"rendered":"<p>Es organizada por Radicales Olavarr\u00eda para militantes y afiliados. Ser\u00e1 el pr\u00f3ximo lunes a las 15 horas, para debatir sobre<\/p>\n","protected":false},"author":2,"featured_media":6830,"comment_status":"closed","ping_status":"closed","sticky":false,"template":"","format":"standard","meta":{"_jetpack_memberships_contains_paid_content":false,"footnotes":""},"categories":[4,1],"tags":[],"class_list":["post-6828","post","type-post","status-publish","format-standard","has-post-thumbnail","hentry","category-politica","category-portada"],"jetpack_featured_media_url":"https:\/\/i0.wp.com\/cdnoticias.com\/wp-content\/uploads\/2020\/11\/Andres-Malamud1.jpeg?fit=1920%2C1079&ssl=1","jetpack_sharing_enabled":true,"_links":{"self":[{"href":"https:\/\/cdnoticias.com\/index.php\/wp-json\/wp\/v2\/posts\/6828","targetHints":{"allow":["GET"]}}],"collection":[{"href":"https:\/\/cdnoticias.com\/index.php\/wp-json\/wp\/v2\/posts"}],"about":[{"href":"https:\/\/cdnoticias.com\/index.php\/wp-json\/wp\/v2\/types\/post"}],"author":[{"embeddable":true,"href":"https:\/\/cdnoticias.com\/index.php\/wp-json\/wp\/v2\/users\/2"}],"replies":[{"embeddable":true,"href":"https:\/\/cdnoticias.com\/index.php\/wp-json\/wp\/v2\/comments?post=6828"}],"version-history":[{"count":0,"href":"https:\/\/cdnoticias.com\/index.php\/wp-json\/wp\/v2\/posts\/6828\/revisions"}],"wp:featuredmedia":[{"embeddable":true,"href":"https:\/\/cdnoticias.com\/index.php\/wp-json\/wp\/v2\/media\/6830"}],"wp:attachment":[{"href":"https:\/\/cdnoticias.com\/index.php\/wp-json\/wp\/v2\/media?parent=6828"}],"wp:term":[{"taxonomy":"category","embeddable":true,"href":"https:\/\/cdnoticias.com\/index.php\/wp-json\/wp\/v2\/categories?post=6828"},{"taxonomy":"post_tag","embeddable":true,"href":"https:\/\/cdnoticias.com\/index.php\/wp-json\/wp\/v2\/tags?post=6828"}],"curies":[{"name":"wp","href":"https:\/\/api.w.org\/{rel}","templated":true}]}}