{"id":68276,"date":"2022-10-31T17:06:24","date_gmt":"2022-10-31T20:06:24","guid":{"rendered":"https:\/\/www.centraldenoticias.com.ar\/?p=68276"},"modified":"2022-10-31T17:06:24","modified_gmt":"2022-10-31T20:06:24","slug":"politicas-de-genero-diversidad-comenzo-a-trabajar-con-dispositivos-grupales","status":"publish","type":"post","link":"https:\/\/cdnoticias.com\/index.php\/2022\/10\/31\/politicas-de-genero-diversidad-comenzo-a-trabajar-con-dispositivos-grupales\/","title":{"rendered":"Pol\u00edticas de G\u00e9nero: Diversidad comenz\u00f3 a trabajar con dispositivos grupales"},"content":{"rendered":"<p>&#8220;Asumimos el compromiso de trabajar fuertemente en el eje de la diversidad&#8221; indic\u00f3 Florencia Caro, directora de Pol\u00edticas de G\u00e9nero.<!--more--><\/p>\n<hr \/>\n<p>A trav\u00e9s de la Direcci\u00f3n de Pol\u00edticas de G\u00e9nero se inform\u00f3 que el<strong> \u00e1rea de Diversidad comenz\u00f3 a desarrollar instancias de trabajo grupal con personas del colectivo disidente.<\/strong><\/p>\n<p>&nbsp;<\/p>\n<p>Desde el \u00e1rea indicaron que \u201cfue el primer encuentro con el grupo de diversidad que estamos formando, pudimos convocar a personas del colectivo, y trabajar sobre cuestiones que tienen que ver con el<strong> acceso a los derechos, el cupo laboral trans, la salud, la educaci\u00f3n, posibilidades de emprender, la importancia de las redes de contenci\u00f3n<\/strong>, entre otras\u201d.<\/p>\n<p>&nbsp;<\/p>\n<p><img data-recalc-dims=\"1\" loading=\"lazy\" decoding=\"async\" class=\"aligncenter wp-image-68278 size-full\" src=\"https:\/\/i0.wp.com\/cdnoticias.com\/wp-content\/uploads\/2022\/10\/DH-Diversidad-2-scaled-1.jpg?resize=800%2C533&#038;ssl=1\" alt=\"\" width=\"800\" height=\"533\" srcset=\"https:\/\/i0.wp.com\/cdnoticias.com\/wp-content\/uploads\/2022\/10\/DH-Diversidad-2-scaled-1.jpg?w=2560&amp;ssl=1 2560w, https:\/\/i0.wp.com\/cdnoticias.com\/wp-content\/uploads\/2022\/10\/DH-Diversidad-2-scaled-1.jpg?resize=300%2C200&amp;ssl=1 300w, https:\/\/i0.wp.com\/cdnoticias.com\/wp-content\/uploads\/2022\/10\/DH-Diversidad-2-scaled-1.jpg?resize=1024%2C683&amp;ssl=1 1024w, https:\/\/i0.wp.com\/cdnoticias.com\/wp-content\/uploads\/2022\/10\/DH-Diversidad-2-scaled-1.jpg?resize=768%2C512&amp;ssl=1 768w, https:\/\/i0.wp.com\/cdnoticias.com\/wp-content\/uploads\/2022\/10\/DH-Diversidad-2-scaled-1.jpg?resize=1536%2C1024&amp;ssl=1 1536w, https:\/\/i0.wp.com\/cdnoticias.com\/wp-content\/uploads\/2022\/10\/DH-Diversidad-2-scaled-1.jpg?resize=2048%2C1366&amp;ssl=1 2048w, https:\/\/i0.wp.com\/cdnoticias.com\/wp-content\/uploads\/2022\/10\/DH-Diversidad-2-scaled-1.jpg?resize=272%2C182&amp;ssl=1 272w, https:\/\/i0.wp.com\/cdnoticias.com\/wp-content\/uploads\/2022\/10\/DH-Diversidad-2-scaled-1.jpg?w=1600&amp;ssl=1 1600w, https:\/\/i0.wp.com\/cdnoticias.com\/wp-content\/uploads\/2022\/10\/DH-Diversidad-2-scaled-1.jpg?w=2400&amp;ssl=1 2400w\" sizes=\"auto, (max-width: 800px) 100vw, 800px\" \/><\/p>\n<p>&nbsp;<\/p>\n<p>Adem\u00e1s, destacaron la importancia de este primer encuentro, como puntapi\u00e9 inicial para la organizaci\u00f3n de actividades conjuntas y proyectos, como <strong>respuesta a la demanda emergente del colectivo,<\/strong> que llevar\u00e1n adelante en corresponsabilidad con organizaciones vinculadas a la materia.<\/p>\n<p>&nbsp;<\/p>\n<p>La <strong>directora de Pol\u00edticas de G\u00e9nero, Florencia Caro<\/strong>, manifest\u00f3 la satisfacci\u00f3n de poder gestionar de manera participativa con el colectivo y planificar acciones conjuntas para facilitar el acceso a derechos de la diversidad: \u201cEn esta nueva etapa del \u00e1rea, y de la Direcci\u00f3n en s\u00ed misma, <em><strong>asumimos el compromiso de trabajar fuertemente en el eje de la diversidad y construir espacios compartidos con la comunidad<\/strong><\/em>, por eso celebramos estos avances y la puesta en marcha de los grupos, es uno de ellos\u201d.<\/p>\n","protected":false},"excerpt":{"rendered":"<p>&#8220;Asumimos el compromiso de trabajar fuertemente en el eje de la diversidad&#8221; indic\u00f3 Florencia Caro, directora de Pol\u00edticas de G\u00e9nero.<\/p>\n","protected":false},"author":6,"featured_media":68277,"comment_status":"closed","ping_status":"closed","sticky":false,"template":"","format":"standard","meta":{"_jetpack_memberships_contains_paid_content":false,"footnotes":""},"categories":[3,1],"tags":[],"class_list":["post-68276","post","type-post","status-publish","format-standard","has-post-thumbnail","hentry","category-genero","category-portada"],"jetpack_featured_media_url":"https:\/\/i0.wp.com\/cdnoticias.com\/wp-content\/uploads\/2022\/10\/DH-Diversidad-1-scaled-1.jpg?fit=2560%2C1707&ssl=1","jetpack_sharing_enabled":true,"_links":{"self":[{"href":"https:\/\/cdnoticias.com\/index.php\/wp-json\/wp\/v2\/posts\/68276","targetHints":{"allow":["GET"]}}],"collection":[{"href":"https:\/\/cdnoticias.com\/index.php\/wp-json\/wp\/v2\/posts"}],"about":[{"href":"https:\/\/cdnoticias.com\/index.php\/wp-json\/wp\/v2\/types\/post"}],"author":[{"embeddable":true,"href":"https:\/\/cdnoticias.com\/index.php\/wp-json\/wp\/v2\/users\/6"}],"replies":[{"embeddable":true,"href":"https:\/\/cdnoticias.com\/index.php\/wp-json\/wp\/v2\/comments?post=68276"}],"version-history":[{"count":0,"href":"https:\/\/cdnoticias.com\/index.php\/wp-json\/wp\/v2\/posts\/68276\/revisions"}],"wp:featuredmedia":[{"embeddable":true,"href":"https:\/\/cdnoticias.com\/index.php\/wp-json\/wp\/v2\/media\/68277"}],"wp:attachment":[{"href":"https:\/\/cdnoticias.com\/index.php\/wp-json\/wp\/v2\/media?parent=68276"}],"wp:term":[{"taxonomy":"category","embeddable":true,"href":"https:\/\/cdnoticias.com\/index.php\/wp-json\/wp\/v2\/categories?post=68276"},{"taxonomy":"post_tag","embeddable":true,"href":"https:\/\/cdnoticias.com\/index.php\/wp-json\/wp\/v2\/tags?post=68276"}],"curies":[{"name":"wp","href":"https:\/\/api.w.org\/{rel}","templated":true}]}}