{"id":68270,"date":"2022-10-25T18:41:40","date_gmt":"2022-10-25T21:41:40","guid":{"rendered":"https:\/\/www.centraldenoticias.com.ar\/?p=68270"},"modified":"2022-10-26T08:00:13","modified_gmt":"2022-10-26T11:00:13","slug":"agenda-legislativa-se-reunieron-las-comisiones-de-legislacion-y-genero","status":"publish","type":"post","link":"https:\/\/cdnoticias.com\/index.php\/2022\/10\/25\/agenda-legislativa-se-reunieron-las-comisiones-de-legislacion-y-genero\/","title":{"rendered":"Agenda legislativa: se reunieron las comisiones de Legislaci\u00f3n y G\u00e9nero"},"content":{"rendered":"<p>Fueron presididas por Guillermina Amespil e In\u00e9s Creimer. Se analiz\u00f3 el expediente que propone la asignaci\u00f3n de recursos propios al consultorio inclusivo.\u00a0<!--more--><\/p>\n<hr \/>\n<p>Este martes, dando continuidad a la actividad legislativa, se <strong>reunieron las comisiones de Legislaci\u00f3n y G\u00e9nero<\/strong> presididas por <strong>Guillermina Amespil e In\u00e9s Creimer,<\/strong> respectivamente.<\/p>\n<p>&nbsp;<\/p>\n<p>En el caso de la comisi\u00f3n de Legislaci\u00f3n despach\u00f3 un total de <strong>siete expedientes que ser\u00e1n tratados en la 15\u00b0 sesi\u00f3n ordinaria del HCD<\/strong> que tendr\u00e1 lugar el <strong>jueves 27 de octubre<\/strong>. A estos siete expedientes se suma otro que hab\u00eda sido despachado la semana pasada. Entre los proyectos de Ordenanza se encuentran donaciones y desafectaciones.<\/p>\n<p>&nbsp;<\/p>\n<p>Por otro lado, desde la <strong>comisi\u00f3n interna de G\u00e9nero y Diversidad<\/strong> se inform\u00f3 que se trabaj\u00f3 el expediente 426\/22. En el mismo propone la <strong>asignaci\u00f3n de recursos propios al consultorio inclusivo<\/strong> que fue creado por la Ordenanza 4343\/18. Con esos recursos se podr\u00eda llevar adelante una atenci\u00f3n integral, dando as\u00ed respuesta a la <strong>demanda existente desde hace tiempo del colectivo LGTBIQ+.<\/strong><\/p>\n<p>&nbsp;<\/p>\n<p><img data-recalc-dims=\"1\" loading=\"lazy\" decoding=\"async\" class=\"aligncenter wp-image-68272 size-full\" src=\"https:\/\/i0.wp.com\/cdnoticias.com\/wp-content\/uploads\/2022\/10\/Genero_martes-3.jpeg?resize=800%2C496&#038;ssl=1\" alt=\"\" width=\"800\" height=\"496\" srcset=\"https:\/\/i0.wp.com\/cdnoticias.com\/wp-content\/uploads\/2022\/10\/Genero_martes-3.jpeg?w=1338&amp;ssl=1 1338w, https:\/\/i0.wp.com\/cdnoticias.com\/wp-content\/uploads\/2022\/10\/Genero_martes-3.jpeg?resize=300%2C186&amp;ssl=1 300w, https:\/\/i0.wp.com\/cdnoticias.com\/wp-content\/uploads\/2022\/10\/Genero_martes-3.jpeg?resize=1024%2C634&amp;ssl=1 1024w, https:\/\/i0.wp.com\/cdnoticias.com\/wp-content\/uploads\/2022\/10\/Genero_martes-3.jpeg?resize=768%2C476&amp;ssl=1 768w\" sizes=\"auto, (max-width: 800px) 100vw, 800px\" \/><\/p>\n<p>&nbsp;<\/p>\n<p>Adem\u00e1s, el proyecto propone que el <strong>personal que trabaje en el espacio f\u00edsico<\/strong> en el que funcione el consultorio inclusivo <strong>sea capacitado de manera obligatoria y permanente en perspectiva de g\u00e9nero.<\/strong><\/p>\n<p>&nbsp;<\/p>\n<p>El <strong>Consultorio Inclusivo<\/strong> es un espacio nacido en el marco del trabajo sostenido de las distintas \u00e1reas del Municipio, en conjunto con las agrupaciones que integran la Mesa Local contra la Violencia Familiar y de G\u00e9nero. Se orienta a la <strong>promoci\u00f3n y prevenci\u00f3n en el \u00e1rea de diversidad sexual y salud sexual y reproductiva.<\/strong><\/p>\n<p>&nbsp;<\/p>\n<p>Por \u00faltimo, la Presidencia del Concejo Deliberante de Olavarr\u00eda inform\u00f3 que este mi\u00e9rcoles tendr\u00e1 lugar la <strong>comisi\u00f3n de Labor Parlamentaria<\/strong>. A la misma fueron convocados los presidentes y presidentas de los distintos bloques que conforman el HCD.<\/p>\n","protected":false},"excerpt":{"rendered":"<p>Fueron presididas por Guillermina Amespil e In\u00e9s Creimer. Se analiz\u00f3 el expediente que propone la asignaci\u00f3n de recursos propios al<\/p>\n","protected":false},"author":6,"featured_media":68271,"comment_status":"closed","ping_status":"closed","sticky":false,"template":"","format":"standard","meta":{"_jetpack_memberships_contains_paid_content":false,"footnotes":""},"categories":[4,1],"tags":[],"class_list":["post-68270","post","type-post","status-publish","format-standard","has-post-thumbnail","hentry","category-politica","category-portada"],"jetpack_featured_media_url":"https:\/\/i0.wp.com\/cdnoticias.com\/wp-content\/uploads\/2022\/10\/Legislacion-2.jpeg?fit=1599%2C1066&ssl=1","jetpack_sharing_enabled":true,"_links":{"self":[{"href":"https:\/\/cdnoticias.com\/index.php\/wp-json\/wp\/v2\/posts\/68270","targetHints":{"allow":["GET"]}}],"collection":[{"href":"https:\/\/cdnoticias.com\/index.php\/wp-json\/wp\/v2\/posts"}],"about":[{"href":"https:\/\/cdnoticias.com\/index.php\/wp-json\/wp\/v2\/types\/post"}],"author":[{"embeddable":true,"href":"https:\/\/cdnoticias.com\/index.php\/wp-json\/wp\/v2\/users\/6"}],"replies":[{"embeddable":true,"href":"https:\/\/cdnoticias.com\/index.php\/wp-json\/wp\/v2\/comments?post=68270"}],"version-history":[{"count":0,"href":"https:\/\/cdnoticias.com\/index.php\/wp-json\/wp\/v2\/posts\/68270\/revisions"}],"wp:featuredmedia":[{"embeddable":true,"href":"https:\/\/cdnoticias.com\/index.php\/wp-json\/wp\/v2\/media\/68271"}],"wp:attachment":[{"href":"https:\/\/cdnoticias.com\/index.php\/wp-json\/wp\/v2\/media?parent=68270"}],"wp:term":[{"taxonomy":"category","embeddable":true,"href":"https:\/\/cdnoticias.com\/index.php\/wp-json\/wp\/v2\/categories?post=68270"},{"taxonomy":"post_tag","embeddable":true,"href":"https:\/\/cdnoticias.com\/index.php\/wp-json\/wp\/v2\/tags?post=68270"}],"curies":[{"name":"wp","href":"https:\/\/api.w.org\/{rel}","templated":true}]}}