{"id":68263,"date":"2022-10-26T08:25:18","date_gmt":"2022-10-26T11:25:18","guid":{"rendered":"https:\/\/www.centraldenoticias.com.ar\/?p=68263"},"modified":"2022-10-26T08:25:18","modified_gmt":"2022-10-26T11:25:18","slug":"gran-convocatoria-en-la-jornada-regional-intercultural-de-mujeres-y-lgbti-originarias","status":"publish","type":"post","link":"https:\/\/cdnoticias.com\/index.php\/2022\/10\/26\/gran-convocatoria-en-la-jornada-regional-intercultural-de-mujeres-y-lgbti-originarias\/","title":{"rendered":"Gran convocatoria en la Jornada Regional Intercultural de Mujeres y LGBTI+ Originarias"},"content":{"rendered":"<p>El encuentro se llev\u00f3 a cabo en el Complejo Universitario Olavarr\u00eda. <!--more--><\/p>\n<hr \/>\n<p>El pasado s\u00e1bado se realiz\u00f3 en el Complejo Universitario Olavarr\u00eda la<strong> Jornada Regional Intercultural de Mujeres y LGBTI+ Originarias.<\/strong><\/p>\n<p>&nbsp;<\/p>\n<p>El encuentro fue impulsado por \u00a0el <strong>\u00c1rea de Mujeres y LGBTI+ Originarias<\/strong> que depende de la Subsecretar\u00eda de Pol\u00edticas de G\u00e9neros y Diversidad Sexual de la Provincia de Buenos Aires, en colaboraci\u00f3n con la Facultad de Ciencias Sociales.<\/p>\n<p>&nbsp;<\/p>\n<p>La apertura fue con una<strong> ceremonia ancestral<\/strong> que luego dio inicio a la propuesta en la que se <strong>compartieron experiencias e historias<\/strong> de quienes estaban presentes.<\/p>\n<p>&nbsp;<\/p>\n<p><img data-recalc-dims=\"1\" loading=\"lazy\" decoding=\"async\" class=\"aligncenter wp-image-68265 size-full\" src=\"https:\/\/i0.wp.com\/cdnoticias.com\/wp-content\/uploads\/2022\/10\/Jornada-Regional-1.jpg?resize=800%2C534&#038;ssl=1\" alt=\"\" width=\"800\" height=\"534\" srcset=\"https:\/\/i0.wp.com\/cdnoticias.com\/wp-content\/uploads\/2022\/10\/Jornada-Regional-1.jpg?w=1480&amp;ssl=1 1480w, https:\/\/i0.wp.com\/cdnoticias.com\/wp-content\/uploads\/2022\/10\/Jornada-Regional-1.jpg?resize=300%2C200&amp;ssl=1 300w, https:\/\/i0.wp.com\/cdnoticias.com\/wp-content\/uploads\/2022\/10\/Jornada-Regional-1.jpg?resize=1024%2C683&amp;ssl=1 1024w, https:\/\/i0.wp.com\/cdnoticias.com\/wp-content\/uploads\/2022\/10\/Jornada-Regional-1.jpg?resize=768%2C512&amp;ssl=1 768w, https:\/\/i0.wp.com\/cdnoticias.com\/wp-content\/uploads\/2022\/10\/Jornada-Regional-1.jpg?resize=272%2C182&amp;ssl=1 272w\" sizes=\"auto, (max-width: 800px) 100vw, 800px\" \/><\/p>\n<p>&nbsp;<\/p>\n<p>Participaron Alejandra L\u00f3pez Comendador, Asesora del Gabinete del Ministerio de Mujeres, Pol\u00edticas de G\u00e9nero y Diversidad Sexual de la provincia de Buenos Aires; Sandra L\u00f3pez, del Pueblo Qom y Mirta Mill\u00e1n, del Pueblo Mapuche, quienes se desempe\u00f1an en la Direcci\u00f3n Provincial Pol\u00edticas para la Igualdad de G\u00e9nero en la Direcci\u00f3n Provincial Pol\u00edticas para la Igualdad de G\u00e9nero; y Valeria Tellechea de la Subsecretar\u00eda de Pol\u00edticas de G\u00e9nero y Diversidad Sexual.<\/p>\n<p>&nbsp;<\/p>\n<p>Adem\u00e1s, por la Facultad de Ciencias Sociales, la vicedecana Dra. Mar\u00eda Luz Endere y el secretario de Extensi\u00f3n, Bienestar y Transferencia, Lic. Nicol\u00e1s Casado; Rafaela Caruso y Nerea Brisioli del equipo de la Direcci\u00f3n Regional VII de la Direcci\u00f3n Provincial de Regiones; y Olivia Orsatti en representaci\u00f3n de la Direcci\u00f3n de Pol\u00edticas de G\u00e9nero de la Universidad Nacional del Centro de la Provincia de Buenos Aires, entre otras.<\/p>\n<p>&nbsp;<\/p>\n<p>Asimismo, formaron parte del encuentro<strong> integrantes de tres comunidades mapuches<\/strong>: Pill\u00e1n Manke de Olavarr\u00eda, Kumelen Newen Mapu de Bah\u00eda Blanca y Catrineu Pincen.<\/p>\n<p>&nbsp;<\/p>\n<p><img data-recalc-dims=\"1\" loading=\"lazy\" decoding=\"async\" class=\"aligncenter wp-image-68266 size-full\" src=\"https:\/\/i0.wp.com\/cdnoticias.com\/wp-content\/uploads\/2022\/10\/Jornada-Regional-3.jpg?resize=800%2C469&#038;ssl=1\" alt=\"\" width=\"800\" height=\"469\" srcset=\"https:\/\/i0.wp.com\/cdnoticias.com\/wp-content\/uploads\/2022\/10\/Jornada-Regional-3.jpg?w=1480&amp;ssl=1 1480w, https:\/\/i0.wp.com\/cdnoticias.com\/wp-content\/uploads\/2022\/10\/Jornada-Regional-3.jpg?resize=300%2C176&amp;ssl=1 300w, https:\/\/i0.wp.com\/cdnoticias.com\/wp-content\/uploads\/2022\/10\/Jornada-Regional-3.jpg?resize=1024%2C601&amp;ssl=1 1024w, https:\/\/i0.wp.com\/cdnoticias.com\/wp-content\/uploads\/2022\/10\/Jornada-Regional-3.jpg?resize=768%2C450&amp;ssl=1 768w\" sizes=\"auto, (max-width: 800px) 100vw, 800px\" \/><\/p>\n<p>&nbsp;<\/p>\n<p>&#8220;<strong>Entre las demandas expuestas se dialog\u00f3 acerca de salud, violencia y educaci\u00f3n.<\/strong> Adem\u00e1s, se recuper\u00f3 las historias y realidades de las comunidades representadas en la jornada&#8221; se indic\u00f3.<\/p>\n<p>&nbsp;<\/p>\n<p>Por otra parte, se destac\u00f3 la gran convocatoria de personas que asistieron al encuentro y se puso de relieve que la jornada se lleve adelante en un espacio educativo como lo es la Facultad de Ciencias Sociales. \u201c<em><strong>Es fundamental que las universidades abran los espacios porque son recursos p\u00fablicos\u201d<\/strong><\/em>, indic\u00f3 <strong>Mirta Mill\u00e1n.<\/strong><\/p>\n<p>&nbsp;<\/p>\n<p>En la misma l\u00ednea, la Dra. Endere, Vicedecana de FACSO, resalt\u00f3 la importancia de que desde la universidad se puedan estrechar lazos y se pueda colaborar con el desarrollo de pol\u00edticas para el reconocimiento de los derechos de las mujeres ind\u00edgenas.<\/p>\n","protected":false},"excerpt":{"rendered":"<p>El encuentro se llev\u00f3 a cabo en el Complejo Universitario Olavarr\u00eda.<\/p>\n","protected":false},"author":6,"featured_media":68264,"comment_status":"closed","ping_status":"closed","sticky":false,"template":"","format":"standard","meta":{"_jetpack_memberships_contains_paid_content":false,"footnotes":""},"categories":[3,1],"tags":[],"class_list":["post-68263","post","type-post","status-publish","format-standard","has-post-thumbnail","hentry","category-genero","category-portada"],"jetpack_featured_media_url":"https:\/\/i0.wp.com\/cdnoticias.com\/wp-content\/uploads\/2022\/10\/Jornada-Regional-9.jpg?fit=1480%2C868&ssl=1","jetpack_sharing_enabled":true,"_links":{"self":[{"href":"https:\/\/cdnoticias.com\/index.php\/wp-json\/wp\/v2\/posts\/68263","targetHints":{"allow":["GET"]}}],"collection":[{"href":"https:\/\/cdnoticias.com\/index.php\/wp-json\/wp\/v2\/posts"}],"about":[{"href":"https:\/\/cdnoticias.com\/index.php\/wp-json\/wp\/v2\/types\/post"}],"author":[{"embeddable":true,"href":"https:\/\/cdnoticias.com\/index.php\/wp-json\/wp\/v2\/users\/6"}],"replies":[{"embeddable":true,"href":"https:\/\/cdnoticias.com\/index.php\/wp-json\/wp\/v2\/comments?post=68263"}],"version-history":[{"count":0,"href":"https:\/\/cdnoticias.com\/index.php\/wp-json\/wp\/v2\/posts\/68263\/revisions"}],"wp:featuredmedia":[{"embeddable":true,"href":"https:\/\/cdnoticias.com\/index.php\/wp-json\/wp\/v2\/media\/68264"}],"wp:attachment":[{"href":"https:\/\/cdnoticias.com\/index.php\/wp-json\/wp\/v2\/media?parent=68263"}],"wp:term":[{"taxonomy":"category","embeddable":true,"href":"https:\/\/cdnoticias.com\/index.php\/wp-json\/wp\/v2\/categories?post=68263"},{"taxonomy":"post_tag","embeddable":true,"href":"https:\/\/cdnoticias.com\/index.php\/wp-json\/wp\/v2\/tags?post=68263"}],"curies":[{"name":"wp","href":"https:\/\/api.w.org\/{rel}","templated":true}]}}