{"id":68260,"date":"2022-10-29T13:15:46","date_gmt":"2022-10-29T16:15:46","guid":{"rendered":"https:\/\/www.centraldenoticias.com.ar\/?p=68260"},"modified":"2022-10-29T13:15:46","modified_gmt":"2022-10-29T16:15:46","slug":"el-bloque-radical-sigue-impulsando-su-iniciativa-sobre-el-sit","status":"publish","type":"post","link":"https:\/\/cdnoticias.com\/index.php\/2022\/10\/29\/el-bloque-radical-sigue-impulsando-su-iniciativa-sobre-el-sit\/","title":{"rendered":"El bloque radical sigue impulsando su iniciativa sobre el &#8220;SIT&#8221;"},"content":{"rendered":"<p>Vergel y Matrella quieren implementar el Sistema de Identificaci\u00f3n de Tranqueras. <!--more--><\/p>\n<hr \/>\n<p>Desde el bloque radical, que tiene a <strong>Bel\u00e9n Vergel y Sebasti\u00e1n Matrella<\/strong> como concejales, se contin\u00faa trabajando en un Proyecto de Ordenanza para que se logre<strong> implementar el Sistema de Identificaci\u00f3n de Tranqueras de establecimientos y escuelas rurales,<\/strong> bajo la denominaci\u00f3n \u201cSIT\u201d, que actualmente se encuentra en tratamiento en la Comisi\u00f3n de Infraestructura del Concejo Deliberante.<\/p>\n<p>&nbsp;<\/p>\n<p>El objetivo de esta iniciativa, que se<strong> aplicar\u00e1 en la zona rural del Partido de Olavarr\u00eda<\/strong> comprendiendo todos los cuarteles que lo componen,\u00a0 es su distinci\u00f3n para poder ubicar de manera r\u00e1pida y precisa el acceso a los mismos y <strong>mejorar las condiciones de seguridad.<\/strong><\/p>\n<p>&nbsp;<\/p>\n<p>Adem\u00e1s, posibilitar\u00e1 <strong>mejorar la capacidad de respuesta<\/strong>, no solo en los llamados o alertas de emergencia, sea esta una patrulla policial, una dotaci\u00f3n de bomberos, una unidad de emergencias o un comisionado de Defensa Civil, sino tambi\u00e9n para uso productivo y cotidiano de los productores.<\/p>\n<p>&nbsp;<\/p>\n<p>Al respecto, el edil <strong>Matrella<\/strong> indic\u00f3 que \u201ceste proyecto presentado desde nuestro bloque, que hoy se encuentra en la Comisi\u00f3n de Infraestructura para su an\u00e1lisis, busca complementar el trabajo realizado de georeferenciaci\u00f3n de tranqueras hecho desde el Municipio\u201d.<\/p>\n<p>&nbsp;<\/p>\n<p>Asimismo, agreg\u00f3 que \u201cla ordenanza estipula que la tranquera principal de los campos o escuelas lleve una chapa identificatoria con el n\u00famero establecido en el programa y de esta manera ante una emergencia personal de bomberos o una ambulancia podr\u00e1 llegar al lugar correcto f\u00e1cilmente\u201d.<\/p>\n","protected":false},"excerpt":{"rendered":"<p>Vergel y Matrella quieren implementar el Sistema de Identificaci\u00f3n de Tranqueras.<\/p>\n","protected":false},"author":6,"featured_media":68261,"comment_status":"closed","ping_status":"closed","sticky":false,"template":"","format":"standard","meta":{"_jetpack_memberships_contains_paid_content":false,"footnotes":""},"categories":[4,1],"tags":[],"class_list":["post-68260","post","type-post","status-publish","format-standard","has-post-thumbnail","hentry","category-politica","category-portada"],"jetpack_featured_media_url":"https:\/\/i0.wp.com\/cdnoticias.com\/wp-content\/uploads\/2022\/10\/6874-1-scaled.jpeg?fit=2560%2C1710&ssl=1","jetpack_sharing_enabled":true,"_links":{"self":[{"href":"https:\/\/cdnoticias.com\/index.php\/wp-json\/wp\/v2\/posts\/68260","targetHints":{"allow":["GET"]}}],"collection":[{"href":"https:\/\/cdnoticias.com\/index.php\/wp-json\/wp\/v2\/posts"}],"about":[{"href":"https:\/\/cdnoticias.com\/index.php\/wp-json\/wp\/v2\/types\/post"}],"author":[{"embeddable":true,"href":"https:\/\/cdnoticias.com\/index.php\/wp-json\/wp\/v2\/users\/6"}],"replies":[{"embeddable":true,"href":"https:\/\/cdnoticias.com\/index.php\/wp-json\/wp\/v2\/comments?post=68260"}],"version-history":[{"count":0,"href":"https:\/\/cdnoticias.com\/index.php\/wp-json\/wp\/v2\/posts\/68260\/revisions"}],"wp:featuredmedia":[{"embeddable":true,"href":"https:\/\/cdnoticias.com\/index.php\/wp-json\/wp\/v2\/media\/68261"}],"wp:attachment":[{"href":"https:\/\/cdnoticias.com\/index.php\/wp-json\/wp\/v2\/media?parent=68260"}],"wp:term":[{"taxonomy":"category","embeddable":true,"href":"https:\/\/cdnoticias.com\/index.php\/wp-json\/wp\/v2\/categories?post=68260"},{"taxonomy":"post_tag","embeddable":true,"href":"https:\/\/cdnoticias.com\/index.php\/wp-json\/wp\/v2\/tags?post=68260"}],"curies":[{"name":"wp","href":"https:\/\/api.w.org\/{rel}","templated":true}]}}