{"id":68255,"date":"2022-10-28T18:58:08","date_gmt":"2022-10-28T21:58:08","guid":{"rendered":"https:\/\/www.centraldenoticias.com.ar\/?p=68255"},"modified":"2022-10-28T18:58:08","modified_gmt":"2022-10-28T21:58:08","slug":"sociales-sera-sede-de-una-jornada-de-capacitacion-de-fopea-y-google","status":"publish","type":"post","link":"https:\/\/cdnoticias.com\/index.php\/2022\/10\/28\/sociales-sera-sede-de-una-jornada-de-capacitacion-de-fopea-y-google\/","title":{"rendered":"Sociales ser\u00e1 sede de una jornada de capacitaci\u00f3n de FOPEA y Google"},"content":{"rendered":"<p>Ser\u00e1 el martes 1 de noviembre y est\u00e1 destinado a periodistas y comunicadores\/as.<!--more--><\/p>\n<hr \/>\n<p>En el marco de la Gira 20 a\u00f1os de la Red Federal de <strong>Capacitaci\u00f3n FOPEA \/ Google<\/strong>, el <strong>martes 1 de noviembre<\/strong> se realizar\u00e1 una <strong>jornada de capacitaci\u00f3n en la Facultad de Ciencias Sociales.<\/strong><\/p>\n<p>&nbsp;<\/p>\n<p>Se desarrollar\u00e1 de <strong>14 a 18 horas en aula C7<\/strong> del Edificio de Aulas Comunes del Complejo Universitario, ubicada en avenida Del Valle 5737.<\/p>\n<p>&nbsp;<\/p>\n<p><strong>Olavarr\u00eda es una de las ciudades destino de la tercera edici\u00f3n de la gira del Foro de Periodismo Argentino<\/strong> (FOPEA) <strong>en alianza con Google News Initiative,<\/strong> a trav\u00e9s de la que propone capacitaciones para periodistas y comunicadores\/as y encuentros para docentes y estudiantes de primaria y secundaria.<\/p>\n<p>&nbsp;<\/p>\n<p><img data-recalc-dims=\"1\" loading=\"lazy\" decoding=\"async\" class=\"aligncenter wp-image-68256\" src=\"https:\/\/i0.wp.com\/cdnoticias.com\/wp-content\/uploads\/2022\/10\/fopeaint.jpg?resize=600%2C600&#038;ssl=1\" alt=\"\" width=\"600\" height=\"600\" srcset=\"https:\/\/i0.wp.com\/cdnoticias.com\/wp-content\/uploads\/2022\/10\/fopeaint.jpg?w=1081&amp;ssl=1 1081w, https:\/\/i0.wp.com\/cdnoticias.com\/wp-content\/uploads\/2022\/10\/fopeaint.jpg?resize=300%2C300&amp;ssl=1 300w, https:\/\/i0.wp.com\/cdnoticias.com\/wp-content\/uploads\/2022\/10\/fopeaint.jpg?resize=1024%2C1024&amp;ssl=1 1024w, https:\/\/i0.wp.com\/cdnoticias.com\/wp-content\/uploads\/2022\/10\/fopeaint.jpg?resize=150%2C150&amp;ssl=1 150w, https:\/\/i0.wp.com\/cdnoticias.com\/wp-content\/uploads\/2022\/10\/fopeaint.jpg?resize=768%2C768&amp;ssl=1 768w\" sizes=\"auto, (max-width: 600px) 100vw, 600px\" \/><\/p>\n<p>&nbsp;<\/p>\n<p>En el encuentro Fernanda Gonz\u00e1lez Riachi ofrecer\u00e1 <strong>herramientas esenciales para periodistas,<\/strong> mientras que Jos\u00e9 Heinz brindar\u00e1 una <strong>introducci\u00f3n a YouTube Shorts.<\/strong><\/p>\n<p>&nbsp;<\/p>\n<p>Adem\u00e1s se brindar\u00e1 el<strong> Taller de alfabetizaci\u00f3n medi\u00e1tica<\/strong> para alumnos y alumnas de escuelas secundarias, a cargo de Alexandra L\u00f3pez.<\/p>\n<p>&nbsp;<\/p>\n<p>Quienes est\u00e9n interesados\/as en participar deber\u00e1n inscribirse en el <a href=\"https:\/\/docs.google.com\/forms\/d\/e\/1FAIpQLSdw2yItuSQm0AC0JUEprklcmdvkMhiTkZYoWyFi0hAZnzviAQ\/viewform\" target=\"_blank\" rel=\"noopener\">formulario disponible aqu\u00ed.<\/a> <strong>Se otorgar\u00e1 certificado de asistencia.<\/strong><\/p>\n<p>&nbsp;<\/p>\n<p>La propuesta es organizada por FOPEA y Google, junto a la Secretar\u00eda de Extensi\u00f3n, Bienestar y Transferencia de la Facultad de Ciencias Sociales y la c\u00e1tedra de Periodismo Digital (FACSO-UNICEN).<\/p>\n","protected":false},"excerpt":{"rendered":"<p>Ser\u00e1 el martes 1 de noviembre y est\u00e1 destinado a periodistas y comunicadores\/as.<\/p>\n","protected":false},"author":6,"featured_media":30018,"comment_status":"closed","ping_status":"closed","sticky":false,"template":"","format":"standard","meta":{"_jetpack_memberships_contains_paid_content":false,"footnotes":""},"categories":[5,1],"tags":[],"class_list":["post-68255","post","type-post","status-publish","format-standard","has-post-thumbnail","hentry","category-informacion-general","category-portada"],"jetpack_featured_media_url":"https:\/\/i0.wp.com\/cdnoticias.com\/wp-content\/uploads\/2021\/08\/Sede-Facultad.jpg?fit=1500%2C867&ssl=1","jetpack_sharing_enabled":true,"_links":{"self":[{"href":"https:\/\/cdnoticias.com\/index.php\/wp-json\/wp\/v2\/posts\/68255","targetHints":{"allow":["GET"]}}],"collection":[{"href":"https:\/\/cdnoticias.com\/index.php\/wp-json\/wp\/v2\/posts"}],"about":[{"href":"https:\/\/cdnoticias.com\/index.php\/wp-json\/wp\/v2\/types\/post"}],"author":[{"embeddable":true,"href":"https:\/\/cdnoticias.com\/index.php\/wp-json\/wp\/v2\/users\/6"}],"replies":[{"embeddable":true,"href":"https:\/\/cdnoticias.com\/index.php\/wp-json\/wp\/v2\/comments?post=68255"}],"version-history":[{"count":0,"href":"https:\/\/cdnoticias.com\/index.php\/wp-json\/wp\/v2\/posts\/68255\/revisions"}],"wp:featuredmedia":[{"embeddable":true,"href":"https:\/\/cdnoticias.com\/index.php\/wp-json\/wp\/v2\/media\/30018"}],"wp:attachment":[{"href":"https:\/\/cdnoticias.com\/index.php\/wp-json\/wp\/v2\/media?parent=68255"}],"wp:term":[{"taxonomy":"category","embeddable":true,"href":"https:\/\/cdnoticias.com\/index.php\/wp-json\/wp\/v2\/categories?post=68255"},{"taxonomy":"post_tag","embeddable":true,"href":"https:\/\/cdnoticias.com\/index.php\/wp-json\/wp\/v2\/tags?post=68255"}],"curies":[{"name":"wp","href":"https:\/\/api.w.org\/{rel}","templated":true}]}}