{"id":6825,"date":"2020-11-18T12:48:05","date_gmt":"2020-11-18T15:48:05","guid":{"rendered":"http:\/\/www.centraldenoticias.com.ar\/?p=6825"},"modified":"2020-11-18T12:48:05","modified_gmt":"2020-11-18T15:48:05","slug":"el-vehiculo-mas-moderno","status":"publish","type":"post","link":"https:\/\/cdnoticias.com\/index.php\/2020\/11\/18\/el-vehiculo-mas-moderno\/","title":{"rendered":"El veh\u00edculo m\u00e1s moderno"},"content":{"rendered":"<p>El crecimiento en el uso de la bicicleta con la pandemia y su impacto en el tr\u00e1nsito.\u00a0<span lang=\"es-US\">\u00bfNo es necesario pensar en un cambio en la movilidad?<\/span><\/p>\n<p><!--more--><\/p>\n<hr \/>\n<p><em>Marcos Pascua<\/em><\/p>\n<p>\u201cPasaron 100 a\u00f1os <span lang=\"es-US\">y t<\/span>odav\u00eda no se inven<span lang=\"es-US\">t\u00f3 algo m\u00e1s moderno que la radio\u201d. La frase es de Lalo Mir y corresponde a los festejos del aniversario de la radiofon\u00eda y bien puede aplicar para otro invento que no s\u00f3lo nunca dej\u00f3 de utilizarse, sino que, al contrario, en el \u00faltimo tiempo <strong>su uso aument\u00f3 exponencialmente, la bicicleta.<\/strong><\/span><\/p>\n<p><span lang=\"es-US\">La pandemia de la cual tanto hemos hablado y tanto hablaremos ha modificado nuestro estilo de vida en muchos sentidos y la movilidad no es la excepci\u00f3n. <strong>Muchas personas se vieron obligadas a dejar de utilizar el transporte p\u00fablico, demanda que fue absorbida mayoritariamente por el veh\u00edculo estrella de la movilidad activa.<\/strong><\/span><\/p>\n<p><span lang=\"es-US\">La bicicleta volvi\u00f3 al centro de la escena, ya que es un veh\u00edculo que nos permite salir del sedentarismo del d\u00eda a d\u00eda, evita las emisiones de CO<\/span><sub><span lang=\"es-US\">2 <\/span><\/sub><span lang=\"es-US\">que aceleran el cambio clim\u00e1tico, reduce a la utilizaci\u00f3n de energ\u00edas no renovables y, sobre todo, lo m\u00e1s importante de estos d\u00edas, nos garantiza la tan necesaria <\/span><span lang=\"es-US\"><b>distancia social<\/b><\/span><span lang=\"es-US\">.<\/span><\/p>\n<p><span lang=\"es-US\">En la ciudad de <\/span><span lang=\"es-US\"><b>Rosario<\/b><\/span><span lang=\"es-US\">, se extendi\u00f3 en mayo de este a\u00f1o la red de\u00a0<a href=\"http:\/\/www.versionrosario.com\/ciclovias-temporarias-a6138\" target=\"_blank\" rel=\"noopener\">ciclov\u00edas temporarias<\/a><\/span><span lang=\"es-US\"> en <\/span><span lang=\"es-US\"><b>34 nuevos kil\u00f3metros<\/b><\/span><span lang=\"es-US\">, ampli\u00e1ndola en un <\/span><span lang=\"es-US\"><b>25%<\/b><\/span><span lang=\"es-US\"> y alcanzando los <\/span><span lang=\"es-US\"><b>173 kil\u00f3metros totales<\/b><\/span><span lang=\"es-US\"> en toda la ciudad. Como resultado de esa iniciativa <\/span><span lang=\"es-US\"><b>se increment\u00f3 un\u00a0<\/b><\/span><span lang=\"es-US\"><b>360% la cantidad de ciclistas en hora pico<\/b><\/span><span lang=\"es-US\">\u00a0y al comparar los meses de julio y agosto, el crecimiento fue del <\/span><span lang=\"es-US\"><b>110%<\/b><\/span><span lang=\"es-US\">. Pasaron de representar al <\/span><span lang=\"es-US\"><b>3%<\/b><\/span><span lang=\"es-US\"> del total de los rodados que circulaban, al <\/span><span lang=\"es-US\"><b>13%<\/b><\/span><span lang=\"es-US\">.<\/span><\/p>\n<p><span lang=\"es-US\">En <\/span><span lang=\"es-US\"><b>La Plata<\/b><\/span><span lang=\"es-US\">, a la red de ciclov\u00edas de <\/span><span lang=\"es-US\"><b>25 km<\/b><\/span><span lang=\"es-US\">, durante la cuarentena se realiz\u00f3 la demarcaci\u00f3n de <\/span><span lang=\"es-US\"><b>35 km <\/b><\/span><span lang=\"es-US\">m\u00e1s, lo que deriv\u00f3 un <\/span><span lang=\"es-US\"><b>aumento<\/b><\/span><span lang=\"es-US\"> en el uso de las<\/span><span lang=\"es-US\"><b> bicicletas<\/b><\/span><span lang=\"es-US\"> en un <\/span><span lang=\"es-US\"><b>25%<\/b><\/span><span lang=\"es-US\">.<\/span><\/p>\n<p><span lang=\"es-US\">En la <\/span><span lang=\"es-US\"><b>Ciudad de Buenos Aires<\/b><\/span><span lang=\"es-US\">, seg\u00fan la <\/span><span lang=\"es-US\"><b>Secretar\u00eda de Transporte y Obras P\u00fablicas<\/b><\/span><span lang=\"es-US\">, en las \u00faltimas semanas de septiembre la cantidad de viajes realizados en bicicleta se <\/span><span lang=\"es-US\"><b>incrementaron<\/b><\/span><span lang=\"es-US\"> hasta un <\/span><span lang=\"es-US\"><b>114%<\/b><\/span><span lang=\"es-US\">. Adem\u00e1s, la C\u00e1mara Industrial de la Motocicleta, Bicicleta, Rodados y Afines, indic\u00f3 que la venta de bicicletas se <\/span><span lang=\"es-US\"><b>triplic\u00f3<\/b><\/span><span lang=\"es-US\"> respecto a 2019.<\/span><\/p>\n<p><span lang=\"es-US\">Seg\u00fan Google, <\/span><span lang=\"es-US\"><b>el medio de transporte m\u00e1s utilizado en la pandemia en el pa\u00eds fue la bicicleta<\/b><\/span><span lang=\"es-US\">, durante ese tiempo registraron en su aplicaci\u00f3n de mapas, un <\/span><span lang=\"es-US\"><b>aumento<\/b><\/span><span lang=\"es-US\"> en la consulta de los recorridos en bici de un <\/span><span lang=\"es-US\"><b>83%.<\/b><\/span><\/p>\n<p><span lang=\"es-US\">En todo este tiempo en nuestro pa\u00eds <\/span><span lang=\"es-US\"><b>1.281 personas perdieron la vida<\/b><\/span><span lang=\"es-US\"> en un siniestro vial. El <\/span><span lang=\"es-US\"><b>51%<\/b><\/span><span lang=\"es-US\"> de esas personas eran <\/span><span lang=\"es-US\"><b>usuarios de motocicleta<\/b><\/span><span lang=\"es-US\"> y el <\/span><span lang=\"es-US\"><b>22%<\/b><\/span><span lang=\"es-US\"> se desplazaban en <\/span><span lang=\"es-US\"><b>autom\u00f3vil<\/b><\/span><span lang=\"es-US\">. <\/span><\/p>\n<p><span lang=\"es-US\"><b>\u00bfNo es necesario pensar en un cambio?<\/b><\/span><\/p>\n<p><span lang=\"es-US\">\u00bfQu\u00e9 otras ciudades del pa\u00eds est\u00e1n analizando cambios en la movilidad? General Roca, Bah\u00eda Blanca, Santa Fe, Jujuy, Salta y San Luis.<\/span><\/p>\n<p><span lang=\"es-US\">Cualquier gobierno puede tener buenas intenciones y promover el uso de la bicicleta a trav\u00e9s de campa\u00f1as publicitarias, pero de nada servir\u00e1 si cada vez que los o las ciclistas salen a la calle es una odisea. Queda demostrado que si el Estado brinda <strong>infraestructura<\/strong> que garantice seguridad a quienes optan por la bicicleta, m\u00e1s personas la elegir\u00e1n.<\/span><\/p>\n<p><strong><span lang=\"es-US\">A lo largo de los \u00faltimos <\/span><span lang=\"es-US\">60 a\u00f1os<\/span><\/strong><span lang=\"es-US\"><strong> la movilidad se planific\u00f3 para los autom\u00f3viles<\/strong>, ese modelo de transporte nos ha llevado a que <\/span><span lang=\"es-US\"><b>millones de personas<\/b><\/span><span lang=\"es-US\"><strong> mueran por a\u00f1o<\/strong> en siniestros viales. Tal vez es hora de empezar a caminar distinto. Probablemente as\u00ed garanticemos <\/span><span lang=\"es-US\"><b>ciudades sostenibles, sustentables y seguras<\/b><\/span><span lang=\"es-US\">. <\/span><\/p>\n<p><span lang=\"es-US\">Cuando apareci\u00f3 <strong>el primer esbozo de una bicicleta, en 1817<\/strong>, la premisa era la de transportarse. Hoy, 200 a\u00f1os despu\u00e9s, tambi\u00e9n lo es cuidar la salud, el medio ambiente y disminuir las v\u00edctimas por siniestros viales. <\/span><\/p>\n<p><span lang=\"es-US\">La bicicleta <\/span><span lang=\"es-US\">tambi\u00e9n<\/span><span lang=\"es-US\"> cumple con esas premisas, por eso es que, <strong>tal vez, no haya un veh\u00edculo m\u00e1s moderno que ella<\/strong>.<\/span><\/p>\n<p>&nbsp;<\/p>\n<p><em><span lang=\"es-US\">Fuentes:<\/span><\/em><\/p>\n<p>&#8211; <a href=\"https:\/\/www.versionrosario.com\/hay-dos-calles-que-quintuplicaron-la-cantidad-bicicletas-que-las-transitan-n8449\" target=\"_blank\" rel=\"noopener\">Dos calles quintuplicaron la cantidad de bicicletas que las transitan<\/a><\/p>\n<p>&#8211; <a href=\"https:\/\/www.telam.com.ar\/notas\/202009\/515124-crecio-uso-bicicletas-pandemia-la-plata.html\" target=\"_blank\" rel=\"noopener\">Creci\u00f3 el uso de bicicletas en La Plata<\/a><\/p>\n<p>&nbsp;<\/p>\n<p>&#8211; <a href=\"https:\/\/www.infobae.com\/economia\/2020\/09\/26\/se-disparo-la-compra-de-bicicletas-en-la-cuarentena-los-precios-de-las-mas-buscadas-y-cual-es-el-costo-de-mantenimiento\/\" target=\"_blank\" rel=\"noopener\">Se dispar\u00f3 la compra de bicicletas en la cuarentena<\/a><\/p>\n<p>&#8211;\u00a0<a href=\"https:\/\/www.telam.com.ar\/notas\/202011\/535396-coronavirus-google-bicicleta.html\" target=\"_blank\" rel=\"noopener\">Desde la llegada de la pandemia, la bicicleta es el medio de transporte m\u00e1s usado en el pa\u00eds<\/a><\/p>\n<p>&#8211; <a href=\"https:\/\/www.rionegro.com.ar\/crece-en-todo-el-pais-el-uso-de-la-bicicleta-para-el-transporte-en-la-pandemia-1503353\/\" target=\"_blank\" rel=\"noopener\">Crece en todo el pa\u00eds el uso de la bicicleta<\/a><\/p>\n<p>&#8211; <a href=\"https:\/\/www.argentina.gob.ar\/sites\/default\/files\/ansv_reportes_semanales_de_siniestralidad_13_abril_al_1_de_nov.pdf\" target=\"_blank\" rel=\"noopener\">Reportes semanales de siniestralidad del 13 de abril al 1 de noviembre<\/a><\/p>\n<p>&nbsp;<\/p>\n","protected":false},"excerpt":{"rendered":"<p>El crecimiento en el uso de la bicicleta con la pandemia y su impacto en el tr\u00e1nsito.\u00a0\u00bfNo es necesario pensar<\/p>\n","protected":false},"author":4,"featured_media":6826,"comment_status":"closed","ping_status":"closed","sticky":false,"template":"","format":"standard","meta":{"_jetpack_memberships_contains_paid_content":false,"footnotes":""},"categories":[6,1],"tags":[],"class_list":["post-6825","post","type-post","status-publish","format-standard","has-post-thumbnail","hentry","category-nacionales","category-portada"],"jetpack_featured_media_url":"https:\/\/i0.wp.com\/cdnoticias.com\/wp-content\/uploads\/2020\/11\/bicicleta01.jpg?fit=1500%2C989&ssl=1","jetpack_sharing_enabled":true,"_links":{"self":[{"href":"https:\/\/cdnoticias.com\/index.php\/wp-json\/wp\/v2\/posts\/6825","targetHints":{"allow":["GET"]}}],"collection":[{"href":"https:\/\/cdnoticias.com\/index.php\/wp-json\/wp\/v2\/posts"}],"about":[{"href":"https:\/\/cdnoticias.com\/index.php\/wp-json\/wp\/v2\/types\/post"}],"author":[{"embeddable":true,"href":"https:\/\/cdnoticias.com\/index.php\/wp-json\/wp\/v2\/users\/4"}],"replies":[{"embeddable":true,"href":"https:\/\/cdnoticias.com\/index.php\/wp-json\/wp\/v2\/comments?post=6825"}],"version-history":[{"count":0,"href":"https:\/\/cdnoticias.com\/index.php\/wp-json\/wp\/v2\/posts\/6825\/revisions"}],"wp:featuredmedia":[{"embeddable":true,"href":"https:\/\/cdnoticias.com\/index.php\/wp-json\/wp\/v2\/media\/6826"}],"wp:attachment":[{"href":"https:\/\/cdnoticias.com\/index.php\/wp-json\/wp\/v2\/media?parent=6825"}],"wp:term":[{"taxonomy":"category","embeddable":true,"href":"https:\/\/cdnoticias.com\/index.php\/wp-json\/wp\/v2\/categories?post=6825"},{"taxonomy":"post_tag","embeddable":true,"href":"https:\/\/cdnoticias.com\/index.php\/wp-json\/wp\/v2\/tags?post=6825"}],"curies":[{"name":"wp","href":"https:\/\/api.w.org\/{rel}","templated":true}]}}