{"id":68212,"date":"2022-10-25T19:10:38","date_gmt":"2022-10-25T22:10:38","guid":{"rendered":"https:\/\/www.centraldenoticias.com.ar\/?p=68212"},"modified":"2022-10-25T19:10:38","modified_gmt":"2022-10-25T22:10:38","slug":"intendentes-quieren-que-vuelva-el-tren-de-pasajeros-que-pasa-por-pringles","status":"publish","type":"post","link":"https:\/\/cdnoticias.com\/index.php\/2022\/10\/25\/intendentes-quieren-que-vuelva-el-tren-de-pasajeros-que-pasa-por-pringles\/","title":{"rendered":"Intendentes quieren que vuelva el tren de pasajeros que pasa por Pringles"},"content":{"rendered":"<p>Se trata del ramal que va de Olavarr\u00eda a Bah\u00eda Blanca. Entre sus estaciones est\u00e1n Laprida y Sierra de la Ventana. Pidieron una audiencia al Ministro de Transporte de la Naci\u00f3n.<!--more--><\/p>\n<hr \/>\n<p><strong>Los intendentes Lisandro Matzkin (Coronel Pringles), Sergio Bordoni (Tornquist) y Pablo Torres (Laprida)<\/strong>, junto al senador bonaerense Alfredo \u201cPichi\u201d Fisher, se reunieron en las \u00faltimas horas para comenzar a<strong> gestionar la vuelta del tren de pasajeros en el ramal que va de Olavarr\u00eda a Bah\u00eda Blanca v\u00eda Pringles.<\/strong><\/p>\n<p>&nbsp;<\/p>\n<p>El encuentro se realiz\u00f3 este lunes en el despacho de Matzkin. Seg\u00fan le explic\u00f3 el jefe comunal pringlense al diario local El Orden<strong> \u201cla idea de la reuni\u00f3n fue comenzar a gestionar en conjunto, los intendentes junto a legisladores\u201d<\/strong> el regreso del mencionado servicio.<\/p>\n<p>&nbsp;<\/p>\n<blockquote><p>\u201cLa vuelta del tren tiene que ver con la inversi\u00f3n en tramos para recuperar v\u00edas. Lo primero que nos trazamos, y que ya hicimos, fue pedir una audiencia al Ministro de Transporte de la Naci\u00f3n. Ya lo hicimos, y luego que nos reunamos veremos cu\u00e1les son los pasos a seguir\u201d, cont\u00f3 Matzkin.<\/p><\/blockquote>\n<p>&nbsp;<\/p>\n<p>El pedido de reuni\u00f3n se suma a otras gestiones realizadas por el mismo objetivo. En mayo, la<strong> Comisi\u00f3n Ferroviaria Regional Sur<\/strong> le envi\u00f3 una nota a Trenes Argentinos pidiendo en este sentido. En tanto, en junio se realiz\u00f3 una<strong> reuni\u00f3n entre jefes comunales y la Defensor\u00eda del Pueblo de la Provincia de Buenos Aires.<\/strong><\/p>\n<p>&nbsp;<\/p>\n<p>El ramal Olavarr\u00eda-Pringles-Bah\u00eda Blanca pasa por las estaciones ferroviarias de <strong>Laprida, Pringles, Sierra de la Ventana (Tornquist) y Saldungaray (Tornquist)<\/strong>, entre otras. El mismo presta servicio a pasajeros desde el a\u00f1o 2016.<\/p>\n<p>&nbsp;<\/p>\n<p><strong>Actualmente opera el tren Bah\u00eda Blanca que sale de Plaza Constituci\u00f3n (Buenos Aires) y pasa por estaciones como Monte, Azul, Olavarr\u00eda, La Madrid, Saavedra y Tornquist.<\/strong><\/p>\n<p>&nbsp;<\/p>\n<p>Fuente: <em>Agencia DIB<\/em><\/p>\n<p>&nbsp;<\/p>\n","protected":false},"excerpt":{"rendered":"<p>Se trata del ramal que va de Olavarr\u00eda a Bah\u00eda Blanca. Entre sus estaciones est\u00e1n Laprida y Sierra de la<\/p>\n","protected":false},"author":4,"featured_media":23908,"comment_status":"closed","ping_status":"closed","sticky":false,"template":"","format":"standard","meta":{"_jetpack_memberships_contains_paid_content":false,"footnotes":""},"categories":[6,1],"tags":[],"class_list":["post-68212","post","type-post","status-publish","format-standard","has-post-thumbnail","hentry","category-nacionales","category-portada"],"jetpack_featured_media_url":"https:\/\/i0.wp.com\/cdnoticias.com\/wp-content\/uploads\/2021\/06\/estaciondetreneslaprida-00.jpg?fit=800%2C446&ssl=1","jetpack_sharing_enabled":true,"_links":{"self":[{"href":"https:\/\/cdnoticias.com\/index.php\/wp-json\/wp\/v2\/posts\/68212","targetHints":{"allow":["GET"]}}],"collection":[{"href":"https:\/\/cdnoticias.com\/index.php\/wp-json\/wp\/v2\/posts"}],"about":[{"href":"https:\/\/cdnoticias.com\/index.php\/wp-json\/wp\/v2\/types\/post"}],"author":[{"embeddable":true,"href":"https:\/\/cdnoticias.com\/index.php\/wp-json\/wp\/v2\/users\/4"}],"replies":[{"embeddable":true,"href":"https:\/\/cdnoticias.com\/index.php\/wp-json\/wp\/v2\/comments?post=68212"}],"version-history":[{"count":0,"href":"https:\/\/cdnoticias.com\/index.php\/wp-json\/wp\/v2\/posts\/68212\/revisions"}],"wp:featuredmedia":[{"embeddable":true,"href":"https:\/\/cdnoticias.com\/index.php\/wp-json\/wp\/v2\/media\/23908"}],"wp:attachment":[{"href":"https:\/\/cdnoticias.com\/index.php\/wp-json\/wp\/v2\/media?parent=68212"}],"wp:term":[{"taxonomy":"category","embeddable":true,"href":"https:\/\/cdnoticias.com\/index.php\/wp-json\/wp\/v2\/categories?post=68212"},{"taxonomy":"post_tag","embeddable":true,"href":"https:\/\/cdnoticias.com\/index.php\/wp-json\/wp\/v2\/tags?post=68212"}],"curies":[{"name":"wp","href":"https:\/\/api.w.org\/{rel}","templated":true}]}}