{"id":6821,"date":"2020-11-18T12:04:57","date_gmt":"2020-11-18T15:04:57","guid":{"rendered":"http:\/\/www.centraldenoticias.com.ar\/?p=6821"},"modified":"2020-11-18T16:05:36","modified_gmt":"2020-11-18T19:05:36","slug":"microcentro-quejas-de-vecinos-por-bombas-de-estruendo-por-la-madrugada","status":"publish","type":"post","link":"https:\/\/cdnoticias.com\/index.php\/2020\/11\/18\/microcentro-quejas-de-vecinos-por-bombas-de-estruendo-por-la-madrugada\/","title":{"rendered":"Microcentro: quejas de vecinos por \u201cbombas de estruendo\u201d por la madrugada"},"content":{"rendered":"<p>Apuntaron a la carpa que instalaron desde el Sindicato de Municipales. Se\u00f1alaron que el hecho m\u00e1s agudo fue durante las primeras horas del martes, con bombas de estruendo \u201ca la 1 y media de la ma\u00f1ana\u201d. Hubo actuaciones municipales.<!--more--><\/p>\n<hr \/>\n<p>Tras la instalaci\u00f3n de la carpa municipal y la profundizaci\u00f3n de la protesta de los trabajadores municipales en la Puerta del Palacio San Mart\u00edn,<strong> vecinos del microcentro se quejaron por el uso de pirot\u00e9cnia en horas de la madrugada.<\/strong><\/p>\n<p>&nbsp;<\/p>\n<blockquote><p>El hecho puntual denunciado sucedi\u00f3 en las primeras horas del martes, con m\u00fasica fuerte y la detonaci\u00f3n de dos bombas de estruendo cerca de las 2 de la madrugada. Personal policial acudi\u00f3 tras denuncias en \u201cOjos en alerta\u201d y corroboraron los hechos.<\/p><\/blockquote>\n<p>&nbsp;<\/p>\n<p>Oficialmente, informaron que<strong> personal de Control Urbano tambi\u00e9n acudi\u00f3 ante las denuncias, y se labraron actas por ruidos molestos.<\/strong> Cabe recordar que hay una Ordenanza Municipal, la N\u00b0 3978\/16, que \u201cregula el control y la contaminaci\u00f3n ac\u00fastica, que afecta considerablemente a la salud de las personas y el ambiente\u201d.<\/p>\n<p>&nbsp;<\/p>\n<p>Los vecinos que se comunicaron con Central de Noticias indicaron que <em>\u201cno estamos en contra de la protesta o los motivos que llevaron a la instalaci\u00f3n de una carpa en la puerta del Municipio\u201d<\/em> pero<strong><em> \u201cnos parece una falta de respeto las bombas de estruendo a la madrugada, que no tienen sentido y solo perjudican a los vecinos de toda la zona. Un fuego artificial de ese tama\u00f1o genera estruendos en varias cuadras a la redonda, no solo ah\u00ed nom\u00e1s\u201d.<\/em><\/strong><\/p>\n<p>&nbsp;<\/p>\n<p><strong><em>\u201cVivir en nuestras casas se convierte en una pesadilla por la contaminaci\u00f3n ac\u00fastica que sufrimos\u201d<\/em> <\/strong>dijo otra vecina y se\u00f1al\u00f3 que tambi\u00e9n sucede con la gran cantidad de bocinazos producto de la nueva metodolog\u00eda de manifestaci\u00f3n por la pandemia. Tambi\u00e9n aclar\u00f3 que <em>\u201cno es con nadie puntual\u201d<\/em> sino con el considerable aumento de la contaminaci\u00f3n auditiva que sufren en sus casas.<\/p>\n","protected":false},"excerpt":{"rendered":"<p>Apuntaron a la carpa que instalaron desde el Sindicato de Municipales. Se\u00f1alaron que el hecho m\u00e1s agudo fue durante las<\/p>\n","protected":false},"author":2,"featured_media":6822,"comment_status":"closed","ping_status":"closed","sticky":false,"template":"","format":"standard","meta":{"_jetpack_memberships_contains_paid_content":false,"footnotes":""},"categories":[5,1],"tags":[],"class_list":["post-6821","post","type-post","status-publish","format-standard","has-post-thumbnail","hentry","category-informacion-general","category-portada"],"jetpack_featured_media_url":"https:\/\/i0.wp.com\/cdnoticias.com\/wp-content\/uploads\/2020\/11\/WhatsApp-Image-2020-11-18-at-10.50.52.jpeg?fit=1152%2C864&ssl=1","jetpack_sharing_enabled":true,"_links":{"self":[{"href":"https:\/\/cdnoticias.com\/index.php\/wp-json\/wp\/v2\/posts\/6821","targetHints":{"allow":["GET"]}}],"collection":[{"href":"https:\/\/cdnoticias.com\/index.php\/wp-json\/wp\/v2\/posts"}],"about":[{"href":"https:\/\/cdnoticias.com\/index.php\/wp-json\/wp\/v2\/types\/post"}],"author":[{"embeddable":true,"href":"https:\/\/cdnoticias.com\/index.php\/wp-json\/wp\/v2\/users\/2"}],"replies":[{"embeddable":true,"href":"https:\/\/cdnoticias.com\/index.php\/wp-json\/wp\/v2\/comments?post=6821"}],"version-history":[{"count":0,"href":"https:\/\/cdnoticias.com\/index.php\/wp-json\/wp\/v2\/posts\/6821\/revisions"}],"wp:featuredmedia":[{"embeddable":true,"href":"https:\/\/cdnoticias.com\/index.php\/wp-json\/wp\/v2\/media\/6822"}],"wp:attachment":[{"href":"https:\/\/cdnoticias.com\/index.php\/wp-json\/wp\/v2\/media?parent=6821"}],"wp:term":[{"taxonomy":"category","embeddable":true,"href":"https:\/\/cdnoticias.com\/index.php\/wp-json\/wp\/v2\/categories?post=6821"},{"taxonomy":"post_tag","embeddable":true,"href":"https:\/\/cdnoticias.com\/index.php\/wp-json\/wp\/v2\/tags?post=6821"}],"curies":[{"name":"wp","href":"https:\/\/api.w.org\/{rel}","templated":true}]}}