{"id":68200,"date":"2022-10-25T16:27:23","date_gmt":"2022-10-25T19:27:23","guid":{"rendered":"https:\/\/www.centraldenoticias.com.ar\/?p=68200"},"modified":"2022-10-25T17:41:54","modified_gmt":"2022-10-25T20:41:54","slug":"wesner-buscamos-reforzar-la-economia-domestica-y-la-economia-famiilar","status":"publish","type":"post","link":"https:\/\/cdnoticias.com\/index.php\/2022\/10\/25\/wesner-buscamos-reforzar-la-economia-domestica-y-la-economia-famiilar\/","title":{"rendered":"Wesner: \u201cbuscamos reforzar la econom\u00eda dom\u00e9stica y la econom\u00eda familiar\u201d"},"content":{"rendered":"<p>El delegado local de Anses Maximiliano Wesner habl\u00f3 sobre el comienzo de la inscripci\u00f3n para acceder al refuerzo alimentario para adultos sin ingresos. El beneficio busca apuntalar a un grupo especifico en situaci\u00f3n de extrema vulnerabilidad.<!--more--><\/p>\n<hr \/>\n<p>El titular de la delegaci\u00f3n local de Anses, Maximiliano Wesner dio detalles del comienzo de la inscripci\u00f3n para recibir el<strong> \u201crefuerzo alimentario para adultos sin ingresos\u201d.<\/strong> Se trata de un beneficio que se abonar\u00e1 en dos cuotas de 22.500 pesos en noviembre y diciembre y que est\u00e1 dirigido a personas de entre 18 a 64 a\u00f1os que se encuentran en condiciones de extrema vulnerabilidad.<\/p>\n<p>&nbsp;<\/p>\n<p>En di\u00e1logo con el programa <em>Levantate que se emite por Radio Sapiens (FM 102.7)<\/em>, Wesner se\u00f1al\u00f3 que <a href=\"https:\/\/cdnoticias.com\/index.php\/2022\/10\/23\/este-lunes-comenzara-la-inscripcion-para-el-refuerzo-alimentario-de-45-000\/\" target=\"_blank\" rel=\"noopener\">la inscripci\u00f3n comenz\u00f3 el lunes<\/a> <strong>\u201ccon mucha afluencia de p\u00fablico\u201d<\/strong> en Olavarr\u00eda aunque \u201choy ya es mucho menor, pr\u00e1cticamente no tenemos cola en la vereda. Estamos asesorando y charlando con los vecinos y vecinas que se acercan\u201d.<\/p>\n<p>&nbsp;<\/p>\n<p>La propuesta est\u00e1 dirigida a una poblaci\u00f3n espec\u00edfica y busca \u201creforzar la econom\u00eda dom\u00e9stica, la econom\u00eda familiar, con algunas caracter\u00edsticas muy diferentes al resto de los refuerzos\u201d, reconoci\u00f3 Wesner. <strong>Las personas no deben contar con ning\u00fan tipo de ingreso ni cobrar ninguna prestaci\u00f3n, asignaci\u00f3n o programa social de Estado nacional, provincial o municipal.<\/strong><\/p>\n<p>&nbsp;<\/p>\n<p>En ese sentido, asegur\u00f3 que al momento de realizar la inscripci\u00f3n <strong>\u201chay muchos rechazos porque la cobertura del Estado est\u00e1, podemos discutir el monto, pero el alcance en cuanto a cobertura ya sea previsional o social, est\u00e1\u201d.<\/strong><\/p>\n<p>&nbsp;<\/p>\n<blockquote><p>La cobertura del Estado para una poblaci\u00f3n vulnerable est\u00e1. Podemos discutir que no alcanza, es cierto. Pero nos damos cuenta con esta inscripci\u00f3n que la cobertura est\u00e1.<\/p>\n<p>&nbsp;<\/p><\/blockquote>\n<p><strong>Se estima que el refuerzo alcanzar\u00e1 a unos dos millones de personas en todo el pa\u00eds.<\/strong> \u201cRecordemos que cuando est\u00e1bamos en plena pandemia y no pod\u00edamos salir surgi\u00f3 el IFE, posteriormente surgi\u00f3 el refuerzo de ingresos y ahora el refuerzo alimentario que se financia con el Programa de Incentivo Exportador\u201d.<\/p>\n<p>&nbsp;<\/p>\n<p>La inscripci\u00f3n se puede hacer sin turno en la delegaci\u00f3n local de Anses de 8 a 14 en Rivadavia 2987 o de forma online a trav\u00e9s de la web del organismo:<a href=\"https:\/\/www.anses.gob.ar\/\" target=\"_blank\" rel=\"noopener\"> www.anses.gob.ar.<\/a><\/p>\n","protected":false},"excerpt":{"rendered":"<p>El delegado local de Anses Maximiliano Wesner habl\u00f3 sobre el comienzo de la inscripci\u00f3n para acceder al refuerzo alimentario para<\/p>\n","protected":false},"author":5,"featured_media":36250,"comment_status":"closed","ping_status":"closed","sticky":false,"template":"","format":"standard","meta":{"_jetpack_memberships_contains_paid_content":false,"footnotes":""},"categories":[4,1],"tags":[],"class_list":["post-68200","post","type-post","status-publish","format-standard","has-post-thumbnail","hentry","category-politica","category-portada"],"jetpack_featured_media_url":"https:\/\/i0.wp.com\/cdnoticias.com\/wp-content\/uploads\/2021\/10\/Maxi-Wesner4.jpg?fit=4608%2C2564&ssl=1","jetpack_sharing_enabled":true,"_links":{"self":[{"href":"https:\/\/cdnoticias.com\/index.php\/wp-json\/wp\/v2\/posts\/68200","targetHints":{"allow":["GET"]}}],"collection":[{"href":"https:\/\/cdnoticias.com\/index.php\/wp-json\/wp\/v2\/posts"}],"about":[{"href":"https:\/\/cdnoticias.com\/index.php\/wp-json\/wp\/v2\/types\/post"}],"author":[{"embeddable":true,"href":"https:\/\/cdnoticias.com\/index.php\/wp-json\/wp\/v2\/users\/5"}],"replies":[{"embeddable":true,"href":"https:\/\/cdnoticias.com\/index.php\/wp-json\/wp\/v2\/comments?post=68200"}],"version-history":[{"count":0,"href":"https:\/\/cdnoticias.com\/index.php\/wp-json\/wp\/v2\/posts\/68200\/revisions"}],"wp:featuredmedia":[{"embeddable":true,"href":"https:\/\/cdnoticias.com\/index.php\/wp-json\/wp\/v2\/media\/36250"}],"wp:attachment":[{"href":"https:\/\/cdnoticias.com\/index.php\/wp-json\/wp\/v2\/media?parent=68200"}],"wp:term":[{"taxonomy":"category","embeddable":true,"href":"https:\/\/cdnoticias.com\/index.php\/wp-json\/wp\/v2\/categories?post=68200"},{"taxonomy":"post_tag","embeddable":true,"href":"https:\/\/cdnoticias.com\/index.php\/wp-json\/wp\/v2\/tags?post=68200"}],"curies":[{"name":"wp","href":"https:\/\/api.w.org\/{rel}","templated":true}]}}