{"id":68194,"date":"2022-10-25T11:50:11","date_gmt":"2022-10-25T14:50:11","guid":{"rendered":"https:\/\/www.centraldenoticias.com.ar\/?p=68194"},"modified":"2022-10-25T13:17:58","modified_gmt":"2022-10-25T16:17:58","slug":"fin-de-una-etapa-retiraron-el-modulo-de-hisopados-frente-al-hospital","status":"publish","type":"post","link":"https:\/\/cdnoticias.com\/index.php\/2022\/10\/25\/fin-de-una-etapa-retiraron-el-modulo-de-hisopados-frente-al-hospital\/","title":{"rendered":"Fin de una etapa: retiraron el m\u00f3dulo de hisopados frente al Hospital"},"content":{"rendered":"<p>Hab\u00eda sido instalado en noviembre de 2020 y marc\u00f3 un hito de la pandemia. Casi dos a\u00f1os despu\u00e9s el Municipio dispuso el retiro. M\u00e1s de 85.400 testeos de coronavirus en nuestra ciudad.<\/p>\n<p><!--more--><\/p>\n<hr \/>\n<p><strong>Este martes qued\u00f3 en evidencia el final de una etapa y con ella la salida de la pandemia para Olavarr\u00eda: el Municipio dispuso el retiro del m\u00f3dulo de hisopados.<\/strong><\/p>\n<p>&nbsp;<\/p>\n<p>El container<strong> estuvo frente al Hospital Municipal, sobre avenida Sarmiento, por casi dos a\u00f1os. <\/strong>Desde la declaraci\u00f3n de la emergencia sanitaria en Olavarr\u00eda hasta los primeros d\u00edas de octubre, <a href=\"https:\/\/cdnoticias.com\/index.php\/2022\/10\/06\/sin-casos-de-covid-y-sin-internados-por-contagio-en-la-ultima-semana-en-olavarria\/\" target=\"_blank\" rel=\"noopener\">cuando se emiti\u00f3 el \u00faltimo informe oficial<\/a>, se hab\u00eda realizado <strong>m\u00e1s de 85.400 testeos de coronavirus en nuestra ciudad.<\/strong><\/p>\n<p>&nbsp;<\/p>\n<p><strong>Este martes por la ma\u00f1ana estuvieron cortadas las calles del acceso al Hospital Municipal<\/strong> para que se realizaran las maniobras propias del retiro.<\/p>\n<p>&nbsp;<\/p>\n<p><strong>Hab\u00eda sido instalado el 11 de noviembre de 2020<\/strong> <a href=\"https:\/\/cdnoticias.com\/index.php\/2020\/11\/11\/instalan-un-modulo-para-hisopados-masivos-frente-al-hospital\/\" target=\"_blank\" rel=\"noopener\">para realizar testeos de personas con s\u00edntomas de Covid<\/a>. Para ese momento, ya se hab\u00eda iniciado el impacto m\u00e1s fuerte de pandemia en nuestra ciudad con lo que se denomin\u00f3<strong> \u201cprimera ola\u201d de contagios.<\/strong><\/p>\n<p>&nbsp;<\/p>\n<figure id=\"attachment_68196\" aria-describedby=\"caption-attachment-68196\" style=\"width: 800px\" class=\"wp-caption aligncenter\"><img data-recalc-dims=\"1\" loading=\"lazy\" decoding=\"async\" class=\"wp-image-68196 size-full\" src=\"https:\/\/i0.wp.com\/cdnoticias.com\/wp-content\/uploads\/2022\/10\/modulo-de-hisopados-hospital-noviembre-2020.jpg?resize=800%2C445&#038;ssl=1\" alt=\"\" width=\"800\" height=\"445\" srcset=\"https:\/\/i0.wp.com\/cdnoticias.com\/wp-content\/uploads\/2022\/10\/modulo-de-hisopados-hospital-noviembre-2020.jpg?w=800&amp;ssl=1 800w, https:\/\/i0.wp.com\/cdnoticias.com\/wp-content\/uploads\/2022\/10\/modulo-de-hisopados-hospital-noviembre-2020.jpg?resize=300%2C167&amp;ssl=1 300w, https:\/\/i0.wp.com\/cdnoticias.com\/wp-content\/uploads\/2022\/10\/modulo-de-hisopados-hospital-noviembre-2020.jpg?resize=768%2C427&amp;ssl=1 768w\" sizes=\"auto, (max-width: 800px) 100vw, 800px\" \/><figcaption id=\"caption-attachment-68196\" class=\"wp-caption-text\">En noviembre de 2020, el secretario de Salud Germ\u00e1n Caputo y la directora del Hospital Silvina Guanuco junto a Galli en la apertura del m\u00f3dulo.<\/figcaption><\/figure>\n<p>&nbsp;<\/p>\n<p>Con la instalaci\u00f3n del m\u00f3dulo, <strong>la realizaci\u00f3n de los hisopados sali\u00f3 del edificio del Hospital<\/strong>. <em>\u201cOjal\u00e1 usemos las instalaciones del m\u00f3dulo m\u00e1s para vacunar que para hacer hisopados\u201d<\/em>, sostuvo el secretario de Salud, Caputo, en aquella ocasi\u00f3n. No sucedi\u00f3 como \u00e9l esperaba, pero s\u00ed se mantuvo el uso del container para los testeos en las temporadas de primavera y verano.<\/p>\n<p>&nbsp;<\/p>\n<p>Cabe recordar que para el invierno, <strong>se dispuso la realizaci\u00f3n de los hisopados en las instalaciones de la Iglesia de Jesucristo de los Santos de los \u00daltimos D\u00edas<\/strong> ubicada frente al centro de salud municipal. De esa manera, se permiti\u00f3 recibir a los pacientes en un espacio cerrado <a href=\"https:\/\/cdnoticias.com\/index.php\/2021\/04\/27\/haran-hisopados-en-la-iglesia-de-jesucristo-de-los-santos-de-los-ultimos-dias\/\" target=\"_blank\" rel=\"noopener\">a partir de mayo de 2021.<\/a><\/p>\n<p>&nbsp;<\/p>\n<p><strong>En la \u00faltima etapa, los hisopados hab\u00edan pasado a realizarse en otro sector del Hospital<\/strong>:<a href=\"https:\/\/cdnoticias.com\/index.php\/2022\/05\/20\/por-las-bajas-temperaturas-realizaran-hisopados-dentro-del-hospital\/\" target=\"_blank\" rel=\"noopener\"> en la vieja entrada por calle Alsina<\/a> donde comenzaron a realizarse en mayo de este a\u00f1o.<\/p>\n<p>&nbsp;<\/p>\n<p><strong>Casi dos a\u00f1os despu\u00e9s de la instalaci\u00f3n del container, y ya sin casos confirmados en Olavarr\u00eda, este lunes fue retirado<\/strong>. La Organizaci\u00f3n Mundial de la Salud no ha establecido el final de la pandemia, pero en nuestro pa\u00eds la situaci\u00f3n de emergencia ha finalizado.<\/p>\n<p>&nbsp;<\/p>\n","protected":false},"excerpt":{"rendered":"<p>Hab\u00eda sido instalado en noviembre de 2020 y marc\u00f3 un hito de la pandemia. Casi dos a\u00f1os despu\u00e9s el Municipio<\/p>\n","protected":false},"author":4,"featured_media":68195,"comment_status":"closed","ping_status":"closed","sticky":false,"template":"","format":"standard","meta":{"_jetpack_memberships_contains_paid_content":false,"footnotes":""},"categories":[5,1],"tags":[],"class_list":["post-68194","post","type-post","status-publish","format-standard","has-post-thumbnail","hentry","category-informacion-general","category-portada"],"jetpack_featured_media_url":"https:\/\/i0.wp.com\/cdnoticias.com\/wp-content\/uploads\/2022\/10\/retiro-del-container-hospital.jpg?fit=800%2C445&ssl=1","jetpack_sharing_enabled":true,"_links":{"self":[{"href":"https:\/\/cdnoticias.com\/index.php\/wp-json\/wp\/v2\/posts\/68194","targetHints":{"allow":["GET"]}}],"collection":[{"href":"https:\/\/cdnoticias.com\/index.php\/wp-json\/wp\/v2\/posts"}],"about":[{"href":"https:\/\/cdnoticias.com\/index.php\/wp-json\/wp\/v2\/types\/post"}],"author":[{"embeddable":true,"href":"https:\/\/cdnoticias.com\/index.php\/wp-json\/wp\/v2\/users\/4"}],"replies":[{"embeddable":true,"href":"https:\/\/cdnoticias.com\/index.php\/wp-json\/wp\/v2\/comments?post=68194"}],"version-history":[{"count":0,"href":"https:\/\/cdnoticias.com\/index.php\/wp-json\/wp\/v2\/posts\/68194\/revisions"}],"wp:featuredmedia":[{"embeddable":true,"href":"https:\/\/cdnoticias.com\/index.php\/wp-json\/wp\/v2\/media\/68195"}],"wp:attachment":[{"href":"https:\/\/cdnoticias.com\/index.php\/wp-json\/wp\/v2\/media?parent=68194"}],"wp:term":[{"taxonomy":"category","embeddable":true,"href":"https:\/\/cdnoticias.com\/index.php\/wp-json\/wp\/v2\/categories?post=68194"},{"taxonomy":"post_tag","embeddable":true,"href":"https:\/\/cdnoticias.com\/index.php\/wp-json\/wp\/v2\/tags?post=68194"}],"curies":[{"name":"wp","href":"https:\/\/api.w.org\/{rel}","templated":true}]}}