{"id":68157,"date":"2022-10-24T20:35:29","date_gmt":"2022-10-24T23:35:29","guid":{"rendered":"https:\/\/www.centraldenoticias.com.ar\/?p=68157"},"modified":"2022-10-25T07:50:19","modified_gmt":"2022-10-25T10:50:19","slug":"red-de-reciclado-en-la-primera-quincena-recolectaron-mas-de-25-mil-kilos","status":"publish","type":"post","link":"https:\/\/cdnoticias.com\/index.php\/2022\/10\/24\/red-de-reciclado-en-la-primera-quincena-recolectaron-mas-de-25-mil-kilos\/","title":{"rendered":"Red de reciclado: en la primera quincena, recolectaron m\u00e1s de 25 mil kilos"},"content":{"rendered":"<p>As\u00ed fue informado por el MTE Olavarr\u00eda, que catalog\u00f3 el comienzo como \u201cun \u00e9xito\u201d. \u201cEstamos demostrando la efectividad de un sistema de reciclado organizado por el sector cartonero\u201d. <!--more--><\/p>\n<hr \/>\n<p>Tras su anuncio semanas atr\u00e1s<strong>, el MTE Olavarr\u00eda inform\u00f3 que en la primera quincena de la Red de Reciclado de Viento en Contra, lograron recolectarse m\u00e1s de 25 mil kilos de materiales reciclables.<\/strong><\/p>\n<p>&nbsp;<\/p>\n<p>Catalogado como <strong>\u201cexitoso\u201d, el MTE indic\u00f3 que con esta Red<\/strong><em> \u201cestamos demostrando la efectividad de un sistema de reciclado organizado por el sector cartonero\u201d<\/em> y por ello <em>\u201cqueremos agradecer a toda la comunidad, instituciones, sindicatos, empresas, etc, que se comprometieron con la Red\u201d.<\/em><\/p>\n<p>&nbsp;<\/p>\n<blockquote><p>En cifras, informaron que<em> \u201cestamos mejorando las condiciones de trabajo de m\u00e1s de 130 familias de cartoneros y cartoneras de la ciudad, generando trabajo local y reconociendo la tarea que diariamente realizan para cuidar el ambiente\u201d.<\/em><\/p><\/blockquote>\n<p>&nbsp;<\/p>\n<p>Adem\u00e1s, se encuentran<em> \u201creduciendo la contaminaci\u00f3n ambiental\u201d<\/em> y <em>\u201cdisminuyendo la cantidad de materiales que terminan enterradas en el relleno sanitario de la ciudad, redundando en un beneficio econ\u00f3mico y ambiental para toda la ciudad\u201d.<\/em><\/p>\n<p>&nbsp;<\/p>\n<blockquote><p>\u201cEstamos devolviendo toneladas de materiales como materia prima a la industria, lo que reduce la necesidad de extracci\u00f3n de materia prima virgen (y por lo tanto reduce las emisiones de gases de efecto invernadero al pa\u00eds)\u201d.<\/p><\/blockquote>\n<p>&nbsp;<\/p>\n<p>Recordaron que <strong>aquellos que tengan comercio, empresa \u201co sos parte de una instituci\u00f3n, sindicato, sociedad de fomento, etc y quer\u00e9s sumarte a nuestro sistema de reciclado con inclusi\u00f3n social pod\u00e9s comunicarte al 2284200339\u201d.<\/strong><\/p>\n<p>&nbsp;<\/p>\n<p><iframe loading=\"lazy\" style=\"border: none; overflow: hidden;\" src=\"https:\/\/www.facebook.com\/plugins\/post.php?href=https%3A%2F%2Fwww.facebook.com%2FCooperativaVientoEnContra%2Fposts%2Fpfbid0AHmgMB8drgzKBHnkVqMKopeEGx2GJnDLatqf5ZfoncyFH4VQhr9Szg8goJSDXj5al&amp;show_text=true&amp;width=500\" width=\"500\" height=\"813\" frameborder=\"0\" scrolling=\"no\" allowfullscreen=\"allowfullscreen\"><\/iframe><\/p>\n<p>&nbsp;<\/p>\n<p>De esta forma, <strong>recibir\u00e1n la visita del cuerpo de Promotoras Ambientales<\/strong> que<em> \u201ccapacitar\u00e1n en c\u00f3mo realizar la separaci\u00f3n en origen; interiorizarte sobre los beneficios ambientales, econ\u00f3micos y sociales del reciclado; y coordinar\u00e1n en conjunto el retiro de los materiales\u201d.<\/em><\/p>\n","protected":false},"excerpt":{"rendered":"<p>As\u00ed fue informado por el MTE Olavarr\u00eda, que catalog\u00f3 el comienzo como \u201cun \u00e9xito\u201d. \u201cEstamos demostrando la efectividad de un<\/p>\n","protected":false},"author":2,"featured_media":68158,"comment_status":"closed","ping_status":"closed","sticky":false,"template":"","format":"standard","meta":{"_jetpack_memberships_contains_paid_content":false,"footnotes":""},"categories":[5,1],"tags":[],"class_list":["post-68157","post","type-post","status-publish","format-standard","has-post-thumbnail","hentry","category-informacion-general","category-portada"],"jetpack_featured_media_url":"https:\/\/i0.wp.com\/cdnoticias.com\/wp-content\/uploads\/2022\/10\/mte-redreci.jpg?fit=1590%2C954&ssl=1","jetpack_sharing_enabled":true,"_links":{"self":[{"href":"https:\/\/cdnoticias.com\/index.php\/wp-json\/wp\/v2\/posts\/68157","targetHints":{"allow":["GET"]}}],"collection":[{"href":"https:\/\/cdnoticias.com\/index.php\/wp-json\/wp\/v2\/posts"}],"about":[{"href":"https:\/\/cdnoticias.com\/index.php\/wp-json\/wp\/v2\/types\/post"}],"author":[{"embeddable":true,"href":"https:\/\/cdnoticias.com\/index.php\/wp-json\/wp\/v2\/users\/2"}],"replies":[{"embeddable":true,"href":"https:\/\/cdnoticias.com\/index.php\/wp-json\/wp\/v2\/comments?post=68157"}],"version-history":[{"count":0,"href":"https:\/\/cdnoticias.com\/index.php\/wp-json\/wp\/v2\/posts\/68157\/revisions"}],"wp:featuredmedia":[{"embeddable":true,"href":"https:\/\/cdnoticias.com\/index.php\/wp-json\/wp\/v2\/media\/68158"}],"wp:attachment":[{"href":"https:\/\/cdnoticias.com\/index.php\/wp-json\/wp\/v2\/media?parent=68157"}],"wp:term":[{"taxonomy":"category","embeddable":true,"href":"https:\/\/cdnoticias.com\/index.php\/wp-json\/wp\/v2\/categories?post=68157"},{"taxonomy":"post_tag","embeddable":true,"href":"https:\/\/cdnoticias.com\/index.php\/wp-json\/wp\/v2\/tags?post=68157"}],"curies":[{"name":"wp","href":"https:\/\/api.w.org\/{rel}","templated":true}]}}