{"id":68145,"date":"2022-10-28T08:06:27","date_gmt":"2022-10-28T11:06:27","guid":{"rendered":"https:\/\/www.centraldenoticias.com.ar\/?p=68145"},"modified":"2022-10-28T08:06:27","modified_gmt":"2022-10-28T11:06:27","slug":"se-realizo-una-maraton-de-lectura-en-la-unidad-penal-2-de-sierra-chica","status":"publish","type":"post","link":"https:\/\/cdnoticias.com\/index.php\/2022\/10\/28\/se-realizo-una-maraton-de-lectura-en-la-unidad-penal-2-de-sierra-chica\/","title":{"rendered":"Se realiz\u00f3 una marat\u00f3n de lectura en la Unidad Penal 2 de Sierra Chica"},"content":{"rendered":"<p>La actividad se llev\u00f3 a cabo en todo el pa\u00eds bajo el lema &#8220;Leer te empodera&#8221;. <!--more--><\/p>\n<hr \/>\n<p>La <strong>Escuela Primaria de Adultos N\u00b0 701 y el Cens N\u00b0455<\/strong> que funcionan en la<strong> Unidad Penal 2 de Sierra Chica,<\/strong> se sumaron a la<strong> 20\u00b0 Marat\u00f3n de Lectura<\/strong> que se realiz\u00f3 en todo el pa\u00eds bajo el lema <em><strong>\u201cLeer te empodera\u201d.<\/strong><\/em><\/p>\n<p>&nbsp;<\/p>\n<p>En los tres turnos de la Escuela Primaria y por ciclo educativo hubo actividades que consistieron en<strong> leer cuentos, poemas, mitos y leyendas latinoamericanas<\/strong> de diversos autores que &#8220;invitaron a reflexionar, intercambiar experiencias, expresar las emociones y sentimientos de los alumnos y alumnas&#8221;.<\/p>\n<p>&nbsp;<\/p>\n<p>La <strong>docente Silvia Parissi<\/strong> coment\u00f3 que \u201cles dimos una ficha a cada alumno donde completaron el t\u00edtulo del cuento, su autor, fecha, qui\u00e9n lo ley\u00f3, el nombre del alumno, la secci\u00f3n y un comentario sobre lo le\u00eddo para socializar en los salones. A cargo de los alumnos de Alfabetizaci\u00f3n est\u00e1 Roque y ellos hicieron un muestreo de cuentos, los alumnos leyeron los t\u00edtulos, e inspeccionaron los libros\u201d.<\/p>\n<p>&nbsp;<\/p>\n<p>Como cierre de la jornada los alumnos recibieron un diploma simb\u00f3lico como reconocimiento a su participaci\u00f3n en el evento. Por otra parte, el Cens N\u00b0455 tambi\u00e9n llev\u00f3 adelante la Marat\u00f3n. Su organizaci\u00f3n y desarrollo estuvo a cargo de la bibliotecaria <strong>Gabriela Holl<\/strong>.<\/p>\n<p>&nbsp;<\/p>\n<p>\u201cPensar la lectura como formaci\u00f3n implica pensarla como una actividad que tiene que ver con la subjetividad del lector: no s\u00f3lo con lo que el lector sabe sino con lo que es. Se trata de <strong>pensar la lectura como algo que nos forma o transforma,<\/strong> como algo que nos constituye o nos pone en cuesti\u00f3n en aquello que somos&#8221; explic\u00f3 Holl.<\/p>\n<p>&nbsp;<\/p>\n<p>Adem\u00e1s Holl agreg\u00f3 que &#8220;a lo largo de la infancia y de la adolescencia debemos poder<strong> aprender a usar en toda su amplitud el lenguaje,<\/strong> si sabemos leer y escribir con amplitud, con eficacia, vamos a poder expresar lo que pensamos, averiguar lo que desconocemos, exigir lo que creemos justo, debatir con las ideas ajenas, construir una propuesta o convocar a otros. Se trata, ni m\u00e1s ni menos, de que todos los estudiantes tengan las palabras para analizar su pasado, narrar su presente e imaginar su futuro&#8221;.<\/p>\n<p>&nbsp;<\/p>\n<p>La propuesta consisti\u00f3 en armar un grupo de trabajo en el cual se design\u00f3 un lector para compartir el cuento<em><strong> \u201cLos colonizadores\u201d<\/strong><\/em> de <strong>Ray Bradbury<\/strong>. Una vez culminada la lectura, como si fueran agencias de turismo, los alumnos crearon un folleto de ese mundo alternativo. Todos los grupos expusieron sus folletos realizados en cartulinas y el director del Cens, Ezequiel Maitini felicit\u00f3 por sus trabajos a todos los participantes.<\/p>\n<p>&nbsp;<\/p>\n<p>&#8220;Los Directivos de la Unidad acompa\u00f1aron a cada instituci\u00f3n educativa al participar de este evento de caracter\u00edsticas nacionales, apoyando la lectura como herramienta que forma y transforma, que brinda nuevas formas de mirar el mundo a quienes deben mirar con esperanza el momento de la libertad&#8221;.<\/p>\n","protected":false},"excerpt":{"rendered":"<p>La actividad se llev\u00f3 a cabo en todo el pa\u00eds bajo el lema &#8220;Leer te empodera&#8221;.<\/p>\n","protected":false},"author":6,"featured_media":68147,"comment_status":"closed","ping_status":"closed","sticky":false,"template":"","format":"standard","meta":{"_jetpack_memberships_contains_paid_content":false,"footnotes":""},"categories":[5,1],"tags":[],"class_list":["post-68145","post","type-post","status-publish","format-standard","has-post-thumbnail","hentry","category-informacion-general","category-portada"],"jetpack_featured_media_url":"https:\/\/i0.wp.com\/cdnoticias.com\/wp-content\/uploads\/2022\/10\/U2-Maraton-de-lectura-Octubre-2022.jpg?fit=1600%2C1200&ssl=1","jetpack_sharing_enabled":true,"_links":{"self":[{"href":"https:\/\/cdnoticias.com\/index.php\/wp-json\/wp\/v2\/posts\/68145","targetHints":{"allow":["GET"]}}],"collection":[{"href":"https:\/\/cdnoticias.com\/index.php\/wp-json\/wp\/v2\/posts"}],"about":[{"href":"https:\/\/cdnoticias.com\/index.php\/wp-json\/wp\/v2\/types\/post"}],"author":[{"embeddable":true,"href":"https:\/\/cdnoticias.com\/index.php\/wp-json\/wp\/v2\/users\/6"}],"replies":[{"embeddable":true,"href":"https:\/\/cdnoticias.com\/index.php\/wp-json\/wp\/v2\/comments?post=68145"}],"version-history":[{"count":0,"href":"https:\/\/cdnoticias.com\/index.php\/wp-json\/wp\/v2\/posts\/68145\/revisions"}],"wp:featuredmedia":[{"embeddable":true,"href":"https:\/\/cdnoticias.com\/index.php\/wp-json\/wp\/v2\/media\/68147"}],"wp:attachment":[{"href":"https:\/\/cdnoticias.com\/index.php\/wp-json\/wp\/v2\/media?parent=68145"}],"wp:term":[{"taxonomy":"category","embeddable":true,"href":"https:\/\/cdnoticias.com\/index.php\/wp-json\/wp\/v2\/categories?post=68145"},{"taxonomy":"post_tag","embeddable":true,"href":"https:\/\/cdnoticias.com\/index.php\/wp-json\/wp\/v2\/tags?post=68145"}],"curies":[{"name":"wp","href":"https:\/\/api.w.org\/{rel}","templated":true}]}}