{"id":68143,"date":"2022-10-24T18:22:16","date_gmt":"2022-10-24T21:22:16","guid":{"rendered":"https:\/\/www.centraldenoticias.com.ar\/?p=68143"},"modified":"2022-10-25T08:13:21","modified_gmt":"2022-10-25T11:13:21","slug":"con-mucha-lluvia-y-posible-caida-de-granizo-rige-una-alerta-por-tormentas-para-olavarria","status":"publish","type":"post","link":"https:\/\/cdnoticias.com\/index.php\/2022\/10\/24\/con-mucha-lluvia-y-posible-caida-de-granizo-rige-una-alerta-por-tormentas-para-olavarria\/","title":{"rendered":"Con mucha lluvia y posible ca\u00edda de granizo, rige una alerta por tormentas para Olavarr\u00eda"},"content":{"rendered":"<p>Si bien se estipula mucha lluvia durante la jornada del martes, la alerta amarilla rige para la noche del martes. C\u00f3mo estar\u00e1 el tiempo. <!--more--><\/p>\n<hr \/>\n<p>Luego de jornadas agradables en lo clim\u00e1tico, se viene la lluvia:<strong> el Servicio Meteorol\u00f3gico Nacional avizor\u00f3 al menos dos d\u00edas con lluvias en Olavarr\u00eda, y en medio de ello, una alerta meteorol\u00f3gica por fuertes tormentas.<\/strong><\/p>\n<p>&nbsp;<\/p>\n<p>Seg\u00fan se logr\u00f3 saber,<strong> si bien est\u00e1 estipulada una de las m\u00e1ximas m\u00e1s altas de los \u00faltimos d\u00edas, con 26 grados, desde la ma\u00f1ana habr\u00e1 probabilidades de tormentas aisladas y tormentas fuertes.<\/strong><\/p>\n<p>&nbsp;<\/p>\n<blockquote><p>Justamente, para la noche del martes rige una<strong> alerta amarilla por tormentas con abundante ca\u00edda de agua en corto periodo de tiempo, y con una posibilidad eventual de ca\u00edda de granizo.<\/strong> De 26 grados, la temperatura bajar\u00e1 a 18 en la noche del martes.<\/p><\/blockquote>\n<p>&nbsp;<\/p>\n<p><strong>Esta alerta amarilla rige para 30 distritos de la Provincia, incluido Olavarr\u00eda.<\/strong> Tambi\u00e9n ocupa una zona de la provincia de La Pampa.<\/p>\n<p>&nbsp;<\/p>\n<p>El mi\u00e9rcoles, ya sin alerta, continuar\u00e1 la lluvia durante toda la jornada con <strong>m\u00e1ximas de 22 grados y con lluvias fuertes durante la ma\u00f1ana y chaparrones aislados durante la tarde, aunque con una probabilidad m\u00e1s baja<\/strong> que lo estipulado tanto para el martes como para la ma\u00f1ana del mi\u00e9rcoles.<\/p>\n","protected":false},"excerpt":{"rendered":"<p>Si bien se estipula mucha lluvia durante la jornada del martes, la alerta amarilla rige para la noche del martes.<\/p>\n","protected":false},"author":2,"featured_media":61042,"comment_status":"closed","ping_status":"closed","sticky":false,"template":"","format":"standard","meta":{"_jetpack_memberships_contains_paid_content":false,"footnotes":""},"categories":[5,1],"tags":[],"class_list":["post-68143","post","type-post","status-publish","format-standard","has-post-thumbnail","hentry","category-informacion-general","category-portada"],"jetpack_featured_media_url":"https:\/\/i0.wp.com\/cdnoticias.com\/wp-content\/uploads\/2022\/07\/lluvia-clima-tiempo01.jpg?fit=1600%2C960&ssl=1","jetpack_sharing_enabled":true,"_links":{"self":[{"href":"https:\/\/cdnoticias.com\/index.php\/wp-json\/wp\/v2\/posts\/68143","targetHints":{"allow":["GET"]}}],"collection":[{"href":"https:\/\/cdnoticias.com\/index.php\/wp-json\/wp\/v2\/posts"}],"about":[{"href":"https:\/\/cdnoticias.com\/index.php\/wp-json\/wp\/v2\/types\/post"}],"author":[{"embeddable":true,"href":"https:\/\/cdnoticias.com\/index.php\/wp-json\/wp\/v2\/users\/2"}],"replies":[{"embeddable":true,"href":"https:\/\/cdnoticias.com\/index.php\/wp-json\/wp\/v2\/comments?post=68143"}],"version-history":[{"count":0,"href":"https:\/\/cdnoticias.com\/index.php\/wp-json\/wp\/v2\/posts\/68143\/revisions"}],"wp:featuredmedia":[{"embeddable":true,"href":"https:\/\/cdnoticias.com\/index.php\/wp-json\/wp\/v2\/media\/61042"}],"wp:attachment":[{"href":"https:\/\/cdnoticias.com\/index.php\/wp-json\/wp\/v2\/media?parent=68143"}],"wp:term":[{"taxonomy":"category","embeddable":true,"href":"https:\/\/cdnoticias.com\/index.php\/wp-json\/wp\/v2\/categories?post=68143"},{"taxonomy":"post_tag","embeddable":true,"href":"https:\/\/cdnoticias.com\/index.php\/wp-json\/wp\/v2\/tags?post=68143"}],"curies":[{"name":"wp","href":"https:\/\/api.w.org\/{rel}","templated":true}]}}