{"id":68142,"date":"2022-10-24T18:18:48","date_gmt":"2022-10-24T21:18:48","guid":{"rendered":"https:\/\/www.centraldenoticias.com.ar\/?p=68142"},"modified":"2022-10-24T18:18:48","modified_gmt":"2022-10-24T21:18:48","slug":"participacion-maria-elena-molinari-q-e-p-d","status":"publish","type":"post","link":"https:\/\/cdnoticias.com\/index.php\/2022\/10\/24\/participacion-maria-elena-molinari-q-e-p-d\/","title":{"rendered":"Participaci\u00f3n- Mar\u00eda Elena Molinari (Q.E.P.D.)"},"content":{"rendered":"<p>La Facultad de Ciencias de la Salud de la UNCPBA participa con profundo pesar del fallecimiento de la se\u00f1ora Mar\u00eda Elena Molinari, madre de la Vicerrectora Profesora Alicia Spinello. Acompa\u00f1amos en este momento de profundo pesar a familiares, amigos y allegados.<\/p>\n<p>&nbsp;<\/p>\n<p>Sus restos son velados este lunes de 18 a 21 y martes de 8 a 10 horas en Casa Alessi y Manna (Mitre 453, Tandil). El sepelio se realizar\u00e1 desde las 10 horas en Cementerio Parque Pradera de Paz (Calle Reforma Universitaria, camino al Campus).<\/p>\n<p>&nbsp;<\/p>\n<p>Falleci\u00f3 a sus 92 a\u00f1os.<\/p>\n","protected":false},"excerpt":{"rendered":"<p>La Facultad de Ciencias de la Salud de la UNCPBA participa con profundo pesar del fallecimiento de la se\u00f1ora Mar\u00eda<\/p>\n","protected":false},"author":6,"featured_media":67646,"comment_status":"closed","ping_status":"closed","sticky":false,"template":"","format":"standard","meta":{"_jetpack_memberships_contains_paid_content":false,"footnotes":""},"categories":[10],"tags":[],"class_list":["post-68142","post","type-post","status-publish","format-standard","has-post-thumbnail","hentry","category-necrologicas"],"jetpack_featured_media_url":"https:\/\/i0.wp.com\/cdnoticias.com\/wp-content\/uploads\/2022\/10\/necrologicas-390-x-240.jpg?fit=390%2C240&ssl=1","jetpack_sharing_enabled":true,"_links":{"self":[{"href":"https:\/\/cdnoticias.com\/index.php\/wp-json\/wp\/v2\/posts\/68142","targetHints":{"allow":["GET"]}}],"collection":[{"href":"https:\/\/cdnoticias.com\/index.php\/wp-json\/wp\/v2\/posts"}],"about":[{"href":"https:\/\/cdnoticias.com\/index.php\/wp-json\/wp\/v2\/types\/post"}],"author":[{"embeddable":true,"href":"https:\/\/cdnoticias.com\/index.php\/wp-json\/wp\/v2\/users\/6"}],"replies":[{"embeddable":true,"href":"https:\/\/cdnoticias.com\/index.php\/wp-json\/wp\/v2\/comments?post=68142"}],"version-history":[{"count":0,"href":"https:\/\/cdnoticias.com\/index.php\/wp-json\/wp\/v2\/posts\/68142\/revisions"}],"wp:featuredmedia":[{"embeddable":true,"href":"https:\/\/cdnoticias.com\/index.php\/wp-json\/wp\/v2\/media\/67646"}],"wp:attachment":[{"href":"https:\/\/cdnoticias.com\/index.php\/wp-json\/wp\/v2\/media?parent=68142"}],"wp:term":[{"taxonomy":"category","embeddable":true,"href":"https:\/\/cdnoticias.com\/index.php\/wp-json\/wp\/v2\/categories?post=68142"},{"taxonomy":"post_tag","embeddable":true,"href":"https:\/\/cdnoticias.com\/index.php\/wp-json\/wp\/v2\/tags?post=68142"}],"curies":[{"name":"wp","href":"https:\/\/api.w.org\/{rel}","templated":true}]}}