{"id":68129,"date":"2022-11-01T17:15:57","date_gmt":"2022-11-01T20:15:57","guid":{"rendered":"https:\/\/www.centraldenoticias.com.ar\/?p=68129"},"modified":"2022-11-01T17:16:26","modified_gmt":"2022-11-01T20:16:26","slug":"la-maquina-de-mirar-llegara-al-centro-cultural-san-jose","status":"publish","type":"post","link":"https:\/\/cdnoticias.com\/index.php\/2022\/11\/01\/la-maquina-de-mirar-llegara-al-centro-cultural-san-jose\/","title":{"rendered":"\u201cLa M\u00e1quina de Mirar\u201d llegar\u00e1 al Centro Cultural San Jos\u00e9"},"content":{"rendered":"<p>La muestra de Andy Cherniavsky con fotograf\u00edas del Rock Argentino tendr\u00e1 su inauguraci\u00f3n el s\u00e1bado 5 de noviembre. <!--more--><\/p>\n<hr \/>\n<p>Desde la Subsecretar\u00eda de Cultura se inform\u00f3 que<strong> Andy Cherniavsky, la gran fot\u00f3grafa del Rock Argentino,<\/strong> presentar\u00e1 en el <strong>Centro Cultural Municipal San Jos\u00e9<\/strong> la muestra <em><strong>\u201cLa M\u00e1quina de Mirar\u201d, Fotograf\u00edas del Rock Argentino.<\/strong><\/em><\/p>\n<p>&nbsp;<\/p>\n<p>Se detall\u00f3 que la<strong> inauguraci\u00f3n <\/strong>se llevar\u00e1 a cabo el pr\u00f3ximo <strong>s\u00e1bado 5 de noviembre, a partir de las 20 horas,<\/strong> y se podr\u00e1 visitar<strong> hasta el domingo 4 de diciembre<\/strong> inclusive.<\/p>\n<p>&nbsp;<\/p>\n<p>La exposici\u00f3n desplegar\u00e1 un conjunto de obras seleccionadas del archivo de Andy Cherniavsky, realizadas<strong> desde los a\u00f1os 80 hasta el presente<\/strong>. En las cuatro salas del edificio hist\u00f3rico ubicado sobre Riobamba 2949 se podr\u00e1n ver las emblem\u00e1ticas fotograf\u00edas que retratan a los m\u00fasicos y bandas m\u00e1s c\u00e9lebres de la historia del rock de nuestro pa\u00eds.<\/p>\n<p>&nbsp;<\/p>\n<p>Desde<strong> Fito P\u00e1ez, Andr\u00e9s Calamaro, Babas\u00f3nicos, Fabiana Cantilo, Gustavo Cerati, Hilda Lizarazu, el Indio Solari y Sumo,<\/strong> con dos de estas salas dedicadas especialmente a <strong>Charly Garc\u00eda.<\/strong><\/p>\n<p>&nbsp;<\/p>\n<p>\u201cHaber vivido el rock desde adentro me marc\u00f3 profundamente,<strong> cada foto est\u00e1 atada a una canci\u00f3n, a una \u00e9poca y a un recuerdo<\/strong>. El rock argentino traspas\u00f3 fronteras y mis fotograf\u00edas tambi\u00e9n, estas im\u00e1genes son como un libro de historia\u201d afirm\u00f3 la fot\u00f3grafa.<\/p>\n<p>&nbsp;<\/p>\n<p>En palabras de <strong>Charly Garc\u00eda<\/strong>: \u201c<strong>Con Andy realmente me enganch\u00e9 como \u2018pareja fotal\u2019.<\/strong> No creo que nos separemos nunca del blanco y negro y de las pinturitas\u201d.<\/p>\n<p>&nbsp;<\/p>\n<p>El Centro Cultural San Jos\u00e9, referente del desarrollo art\u00edstico de la provincia de Buenos Aires, fue declarado patrimonio cultural de la ciudad de Olavarr\u00eda. Con esta exposici\u00f3n, contin\u00faa apostando a exhibir la obra de artistas contempor\u00e1neas consagradas de la escena nacional, como fue el caso de Claudia del Ri\u0301o, Silvia Gurfein, Graciela Hasper, Diana Aisemberg, Leila Tschopp, adem\u00e1s de las muestras de artistas internacionales como Dal\u00ed y Picasso, que ya pasaron por sus salas.<\/p>\n<p>&nbsp;<\/p>\n<p>\u201c<strong>No tengo dudas que los olavarrienses celebrar\u00e1n la llegada de Andy<\/strong> y su historia a nuestra ciudad. El Centro Cultural es un espacio emblem\u00e1tico en Olavarr\u00eda; elegido y visitado por la comunidad \u2013no solo local sino tambi\u00e9n de la regi\u00f3n\u2013 que espero disfrute esta muestra, las fotos de Andy y todas las propuestas en el marco de la exposici\u00f3n\u201d, manifest\u00f3 el <strong>intendente Ezequiel Galli.<\/strong><\/p>\n<p>&nbsp;<\/p>\n<p>\u201cEl Centro Cultural San Jos\u00e9 es un espacio \u00fanico de la Provincia de Buenos Aires, que ha crecido a lo largo de los a\u00f1os gracias a la presencia de exposiciones y artistas locales, nacionales e internaciones que le dieron a la ciudad de Olavarr\u00eda la posibilidad de integrarse a circuitos culturales y art\u00edsticos de todo el pa\u00eds. <strong>Es un honor recibir a Andy, su historia y su fotograf\u00eda en nuestro espacio plural, educativo y cultural.<\/strong> Tendremos un mes para disfrutar de esta gran exposici\u00f3n abierta a toda la comunidad y la regi\u00f3n\u201d,<strong> sostuvo Agustina Marino<\/strong>, Directora de Gesti\u00f3n Cultural del Municipio.<\/p>\n<p>&nbsp;<\/p>\n<p>La inauguraci\u00f3n de la muestra<strong> contar\u00e1 con la presencia de un DJ que musicalizar\u00e1 la noche con cl\u00e1sicos del rock argentino<\/strong>, un mapping de fotos de la artista en la fachada del Centro Cultural y foodtrucks con propuestas gastron\u00f3micas.<\/p>\n<p>&nbsp;<\/p>\n<p>Adem\u00e1s, la exposici\u00f3n estar\u00e1 acompa\u00f1ada por una serie de actividades que propondr\u00e1n diferentes abordajes a la obra exhibida. Cada s\u00e1bado, el Centro Cultural recibir\u00e1 a sus visitantes con propuestas afines al <strong>universo de la fotograf\u00eda y el rock local.<\/strong><\/p>\n<p>&nbsp;<\/p>\n<p>Entre los destacados de la programaci\u00f3n, el <strong>s\u00e1bado 19 de noviembre a las 20 horas<\/strong> tendr\u00e1 lugar un <em><strong>\u201cRecital de Fotos<\/strong><\/em>\u201d protagonizado por <strong>Andy Cherniavsky junto al periodista y m\u00fasico Dany Jim\u00e9nez,<\/strong> <strong>Director Musical de Vorterix,<\/strong> en el que repasar\u00e1n con proyecciones de fotos y m\u00fasica en vivo, las an\u00e9cdotas y el detr\u00e1s de escena de las im\u00e1genes que hoy cuentan la historia del rock argentino.<\/p>\n<p>&nbsp;<\/p>\n<p><strong>La pel\u00edcula y el libro<\/strong><\/p>\n<p>&nbsp;<\/p>\n<p>La exposici\u00f3n antecede el inminente estreno de la<strong> primera pel\u00edcula documental dedicada a la artista Andy Cherniavsky,<\/strong> que se podr\u00e1 ver desde diciembre en las salas de cine nacionales. <em><strong>\u201cExpuesta\u201d<\/strong> <\/em>es una pel\u00edcula sobre su historia y su carrera, dirigida por Eduardo Raspo con m\u00fasica original de Hilda Lizarazu.<\/p>\n<p>&nbsp;<\/p>\n<p>Asimismo, la muestra estar\u00e1 acompa\u00f1ada por el <strong>\u00faltimo libro de la artista,<\/strong> recientemente publicado: <em><strong>\u201cAcceso directo\u201d<\/strong><\/em>. <em><strong>Memorias de una fot\u00f3grafa del rock argentino en los a\u00f1os 80.<\/strong><\/em><\/p>\n<p>&nbsp;<\/p>\n<p><strong>Andy Cherniavsky<\/strong> naci\u00f3 en Buenos Aires, Argentina, donde actualmente vive y trabaja. Realiz\u00f3 las fotograf\u00edas de los artistas y las<strong> tapas de los discos m\u00e1s iconogr\u00e1ficos del rock argentino<\/strong> desde los a\u00f1os 80 hasta hoy. Sus trabajos forman parte de innumerables revistas, tapas de libros y documentales. Public\u00f3 tres libros.<\/p>\n<p>&nbsp;<\/p>\n<p>Realiz\u00f3 diversas exposiciones de fotograf\u00edas, entre ellas, \u201cLos \u00c1ngeles de Charly\u201d en el Palais De Glace, junto a Hilda Lizarazu y Nora Lezano con curadur\u00eda de Elio Kapszuk. Fue durante 10 a\u00f1os Editora Fotogr\u00e1fica de la Revista G7, realizando m\u00e1s de 8000 producciones fotogr\u00e1ficas a artistas, m\u00fasicos, deportistas y personalidades de la cultura.<\/p>\n<p>&nbsp;<\/p>\n","protected":false},"excerpt":{"rendered":"<p>La muestra de Andy Cherniavsky con fotograf\u00edas del Rock Argentino tendr\u00e1 su inauguraci\u00f3n el s\u00e1bado 5 de noviembre.<\/p>\n","protected":false},"author":6,"featured_media":68130,"comment_status":"closed","ping_status":"closed","sticky":false,"template":"","format":"standard","meta":{"_jetpack_memberships_contains_paid_content":false,"footnotes":""},"categories":[9,1],"tags":[],"class_list":["post-68129","post","type-post","status-publish","format-standard","has-post-thumbnail","hentry","category-cultura","category-portada"],"jetpack_featured_media_url":"https:\/\/i0.wp.com\/cdnoticias.com\/wp-content\/uploads\/2022\/10\/Cultura-Muestra-Andy-Cherniavsky-1024x796-1.jpg?fit=1024%2C796&ssl=1","jetpack_sharing_enabled":true,"_links":{"self":[{"href":"https:\/\/cdnoticias.com\/index.php\/wp-json\/wp\/v2\/posts\/68129","targetHints":{"allow":["GET"]}}],"collection":[{"href":"https:\/\/cdnoticias.com\/index.php\/wp-json\/wp\/v2\/posts"}],"about":[{"href":"https:\/\/cdnoticias.com\/index.php\/wp-json\/wp\/v2\/types\/post"}],"author":[{"embeddable":true,"href":"https:\/\/cdnoticias.com\/index.php\/wp-json\/wp\/v2\/users\/6"}],"replies":[{"embeddable":true,"href":"https:\/\/cdnoticias.com\/index.php\/wp-json\/wp\/v2\/comments?post=68129"}],"version-history":[{"count":0,"href":"https:\/\/cdnoticias.com\/index.php\/wp-json\/wp\/v2\/posts\/68129\/revisions"}],"wp:featuredmedia":[{"embeddable":true,"href":"https:\/\/cdnoticias.com\/index.php\/wp-json\/wp\/v2\/media\/68130"}],"wp:attachment":[{"href":"https:\/\/cdnoticias.com\/index.php\/wp-json\/wp\/v2\/media?parent=68129"}],"wp:term":[{"taxonomy":"category","embeddable":true,"href":"https:\/\/cdnoticias.com\/index.php\/wp-json\/wp\/v2\/categories?post=68129"},{"taxonomy":"post_tag","embeddable":true,"href":"https:\/\/cdnoticias.com\/index.php\/wp-json\/wp\/v2\/tags?post=68129"}],"curies":[{"name":"wp","href":"https:\/\/api.w.org\/{rel}","templated":true}]}}