{"id":68119,"date":"2022-10-24T17:05:34","date_gmt":"2022-10-24T20:05:34","guid":{"rendered":"https:\/\/www.centraldenoticias.com.ar\/?p=68119"},"modified":"2022-10-24T17:05:34","modified_gmt":"2022-10-24T20:05:34","slug":"lucia-portos-las-mujeres-no-estamos-participando-del-pbi-de-la-manera-en-que-deberiamos","status":"publish","type":"post","link":"https:\/\/cdnoticias.com\/index.php\/2022\/10\/24\/lucia-portos-las-mujeres-no-estamos-participando-del-pbi-de-la-manera-en-que-deberiamos\/","title":{"rendered":"Luc\u00eda Portos: \u201cLas mujeres no estamos participando del PBI de la manera en que deber\u00edamos\u201d"},"content":{"rendered":"<p>La subsecretaria de Pol\u00edticas de G\u00e9nero y Diversidad Sexual se enfoc\u00f3 en dos fen\u00f3menos preocupantes en la provincia: la feminizaci\u00f3n y la infantilizaci\u00f3n de la pobreza.<!--more--><\/p>\n<hr \/>\n<p><strong>Luc\u00eda Portos subsecretaria de Pol\u00edticas de G\u00e9nero y Diversidad Sexual del Ministerio de Mujeres de la provincia estuvo en el Olavarr\u00eda en el marco del encuentro \u201cNosotras Producimos\u201d<\/strong> donde fue parte de las autoridades que dieron <a href=\"https:\/\/cdnoticias.com\/index.php\/2022\/10\/24\/con-eje-en-mineria-el-ministerio-de-mujeres-busca-reducir-la-desigualdad-laboral\/\" target=\"_blank\" rel=\"noopener\">apertura formal a la reuni\u00f3n en la Sociedad de Fomento Mariano Moreno<\/a>.<\/p>\n<p>&nbsp;<\/p>\n<blockquote><p>Afirm\u00f3 que \u201clas desigualdades por razones de g\u00e9nero son estructurales y la soluci\u00f3n debe ser encontrar otras maneras de vinculaci\u00f3n y organizaci\u00f3n transversales\u201d.<\/p><\/blockquote>\n<p>&nbsp;<\/p>\n<p>Es as\u00ed que este pre congreso \u201cse enmarca en un trabajo que venimos haciendo vinculado a la <strong>agenda de la distribuci\u00f3n de la riqueza,<\/strong> pero tambi\u00e9n de la b\u00fasqueda de la igualdad de mujeres, lesbianas y trans\u201d. Adem\u00e1s, insisti\u00f3 en la necesidad de \u201cterritorializar esa discusi\u00f3n en todos los municipios\u201d.<\/p>\n<p>&nbsp;<\/p>\n<p><img data-recalc-dims=\"1\" loading=\"lazy\" decoding=\"async\" class=\"size-full wp-image-68115 aligncenter\" src=\"https:\/\/i0.wp.com\/cdnoticias.com\/wp-content\/uploads\/2022\/10\/nosotras-producimos-acto-0.jpg?resize=800%2C445&#038;ssl=1\" alt=\"\" width=\"800\" height=\"445\" srcset=\"https:\/\/i0.wp.com\/cdnoticias.com\/wp-content\/uploads\/2022\/10\/nosotras-producimos-acto-0.jpg?w=800&amp;ssl=1 800w, https:\/\/i0.wp.com\/cdnoticias.com\/wp-content\/uploads\/2022\/10\/nosotras-producimos-acto-0.jpg?resize=300%2C167&amp;ssl=1 300w, https:\/\/i0.wp.com\/cdnoticias.com\/wp-content\/uploads\/2022\/10\/nosotras-producimos-acto-0.jpg?resize=768%2C427&amp;ssl=1 768w\" sizes=\"auto, (max-width: 800px) 100vw, 800px\" \/><\/p>\n<p>&nbsp;<\/p>\n<blockquote><p>\u201cEs una agenda que podemos traccionar desde el estado, pero no la podemos llevar a cabo sin apoyo de la sociedad civil. Hay que entender que esto es una necesidad vital. Estamos hablando de la miner\u00eda, una actividad altamente masculinizada, con alta rentabilidad, donde se produce riqueza, se produce valor y donde las mujeres todav\u00eda no estamos o si estamos nos cuesta much\u00edsimo\u201d, asegur\u00f3 Portos.<\/p><\/blockquote>\n<p>&nbsp;<\/p>\n<p>La subsecretaria adem\u00e1s, mostr\u00f3 la preocupaci\u00f3n sobre dos fen\u00f3menos:<strong> la feminizaci\u00f3n y la infantilizaci\u00f3n de la pobreza en la provincia de Buenos Aires<\/strong> \u201cdonde la mayor\u00eda de los pobres son mujeres, ni\u00f1os, ni\u00f1as y adolescentes. Y eso sucede porque<strong> las mujeres no estamos participando del PBI de la manera en que deber\u00edamos porque el patriarcado lo que hace es dejarnos afuera de las formas en las que se produce la riqueza\u201d<\/strong>.<\/p>\n<p>&nbsp;<\/p>\n<p><img data-recalc-dims=\"1\" loading=\"lazy\" decoding=\"async\" class=\"size-full wp-image-68103 aligncenter\" src=\"https:\/\/i0.wp.com\/cdnoticias.com\/wp-content\/uploads\/2022\/10\/nosotras-producimos-acto-05.jpg?resize=800%2C445&#038;ssl=1\" alt=\"\" width=\"800\" height=\"445\" srcset=\"https:\/\/i0.wp.com\/cdnoticias.com\/wp-content\/uploads\/2022\/10\/nosotras-producimos-acto-05.jpg?w=800&amp;ssl=1 800w, https:\/\/i0.wp.com\/cdnoticias.com\/wp-content\/uploads\/2022\/10\/nosotras-producimos-acto-05.jpg?resize=300%2C167&amp;ssl=1 300w, https:\/\/i0.wp.com\/cdnoticias.com\/wp-content\/uploads\/2022\/10\/nosotras-producimos-acto-05.jpg?resize=768%2C427&amp;ssl=1 768w\" sizes=\"auto, (max-width: 800px) 100vw, 800px\" \/><\/p>\n<p>&nbsp;<\/p>\n","protected":false},"excerpt":{"rendered":"<p>La subsecretaria de Pol\u00edticas de G\u00e9nero y Diversidad Sexual se enfoc\u00f3 en dos fen\u00f3menos preocupantes en la provincia: la feminizaci\u00f3n<\/p>\n","protected":false},"author":4,"featured_media":68113,"comment_status":"closed","ping_status":"closed","sticky":false,"template":"","format":"standard","meta":{"_jetpack_memberships_contains_paid_content":false,"footnotes":""},"categories":[3,1],"tags":[],"class_list":["post-68119","post","type-post","status-publish","format-standard","has-post-thumbnail","hentry","category-genero","category-portada"],"jetpack_featured_media_url":"https:\/\/i0.wp.com\/cdnoticias.com\/wp-content\/uploads\/2022\/10\/nosotras-producimos-lucia-portos-0.jpg?fit=800%2C445&ssl=1","jetpack_sharing_enabled":true,"_links":{"self":[{"href":"https:\/\/cdnoticias.com\/index.php\/wp-json\/wp\/v2\/posts\/68119","targetHints":{"allow":["GET"]}}],"collection":[{"href":"https:\/\/cdnoticias.com\/index.php\/wp-json\/wp\/v2\/posts"}],"about":[{"href":"https:\/\/cdnoticias.com\/index.php\/wp-json\/wp\/v2\/types\/post"}],"author":[{"embeddable":true,"href":"https:\/\/cdnoticias.com\/index.php\/wp-json\/wp\/v2\/users\/4"}],"replies":[{"embeddable":true,"href":"https:\/\/cdnoticias.com\/index.php\/wp-json\/wp\/v2\/comments?post=68119"}],"version-history":[{"count":0,"href":"https:\/\/cdnoticias.com\/index.php\/wp-json\/wp\/v2\/posts\/68119\/revisions"}],"wp:featuredmedia":[{"embeddable":true,"href":"https:\/\/cdnoticias.com\/index.php\/wp-json\/wp\/v2\/media\/68113"}],"wp:attachment":[{"href":"https:\/\/cdnoticias.com\/index.php\/wp-json\/wp\/v2\/media?parent=68119"}],"wp:term":[{"taxonomy":"category","embeddable":true,"href":"https:\/\/cdnoticias.com\/index.php\/wp-json\/wp\/v2\/categories?post=68119"},{"taxonomy":"post_tag","embeddable":true,"href":"https:\/\/cdnoticias.com\/index.php\/wp-json\/wp\/v2\/tags?post=68119"}],"curies":[{"name":"wp","href":"https:\/\/api.w.org\/{rel}","templated":true}]}}