{"id":68100,"date":"2022-10-24T15:51:28","date_gmt":"2022-10-24T18:51:28","guid":{"rendered":"https:\/\/www.centraldenoticias.com.ar\/?p=68100"},"modified":"2022-10-24T20:43:57","modified_gmt":"2022-10-24T23:43:57","slug":"con-eje-en-mineria-el-ministerio-de-mujeres-busca-reducir-la-desigualdad-laboral","status":"publish","type":"post","link":"https:\/\/cdnoticias.com\/index.php\/2022\/10\/24\/con-eje-en-mineria-el-ministerio-de-mujeres-busca-reducir-la-desigualdad-laboral\/","title":{"rendered":"Con eje en miner\u00eda, el Ministerio de Mujeres busca reducir la desigualdad laboral"},"content":{"rendered":"<p>\u201cHoy para nosotras gobernar es generar trabajo, y tiene que ser con las mujeres\u201d dijo la ministra Estela D\u00edaz en Olavarr\u00eda. El subsecretario de Miner\u00eda, Federico Aguilera, resalt\u00f3 que \u201cestamos logrando -con muchas dificultades, pero lo estamos haciendo- incorporar a las mujeres al esquema de trabajo de la actividad minera\u201d.<!--more--><\/p>\n<hr \/>\n<p><strong>Este lunes se llev\u00f3 adelante en Olavarr\u00eda el Pre Congreso \u201cNosotras Producimos\u201d<\/strong> organizado por el <em>Ministerio de Mujeres, Pol\u00edticas de G\u00e9nero y Diversidad Sexual; el Ministerio de Trabajo y el Ministerio de Producci\u00f3n de la provincia de Buenos Aires.<\/em><\/p>\n<p>&nbsp;<\/p>\n<p>La apertura formal en la Sociedad de Fomento Mariano Moreno cont\u00f3 con los discursos de la <strong>ministra de Mujeres, Estela D\u00edaz, el ministro de Trabajo Walter Correa, el subsecretario de Miner\u00eda provincial, Federico Aguilera<\/strong>, el diputado provincial por la secci\u00f3n s\u00e9ptima <strong>C\u00e9sar Valicenti<\/strong> y la subsecretaria de Pol\u00edticas de G\u00e9nero y Diversidad Sexual del Ministerio de Mujeres, <strong>Luc\u00eda Portos.<\/strong><\/p>\n<p>&nbsp;<\/p>\n<p><img data-recalc-dims=\"1\" loading=\"lazy\" decoding=\"async\" class=\"size-full wp-image-68109 aligncenter\" src=\"https:\/\/i0.wp.com\/cdnoticias.com\/wp-content\/uploads\/2022\/10\/nosotras-producimos-acto-estela-diaz-0.jpg?resize=800%2C445&#038;ssl=1\" alt=\"\" width=\"800\" height=\"445\" srcset=\"https:\/\/i0.wp.com\/cdnoticias.com\/wp-content\/uploads\/2022\/10\/nosotras-producimos-acto-estela-diaz-0.jpg?w=800&amp;ssl=1 800w, https:\/\/i0.wp.com\/cdnoticias.com\/wp-content\/uploads\/2022\/10\/nosotras-producimos-acto-estela-diaz-0.jpg?resize=300%2C167&amp;ssl=1 300w, https:\/\/i0.wp.com\/cdnoticias.com\/wp-content\/uploads\/2022\/10\/nosotras-producimos-acto-estela-diaz-0.jpg?resize=768%2C427&amp;ssl=1 768w\" sizes=\"auto, (max-width: 800px) 100vw, 800px\" \/><\/p>\n<p><img data-recalc-dims=\"1\" loading=\"lazy\" decoding=\"async\" class=\"size-full wp-image-68102 aligncenter\" src=\"https:\/\/i0.wp.com\/cdnoticias.com\/wp-content\/uploads\/2022\/10\/nosotras-producimos-acto-04.jpg?resize=800%2C445&#038;ssl=1\" alt=\"\" width=\"800\" height=\"445\" srcset=\"https:\/\/i0.wp.com\/cdnoticias.com\/wp-content\/uploads\/2022\/10\/nosotras-producimos-acto-04.jpg?w=800&amp;ssl=1 800w, https:\/\/i0.wp.com\/cdnoticias.com\/wp-content\/uploads\/2022\/10\/nosotras-producimos-acto-04.jpg?resize=300%2C167&amp;ssl=1 300w, https:\/\/i0.wp.com\/cdnoticias.com\/wp-content\/uploads\/2022\/10\/nosotras-producimos-acto-04.jpg?resize=768%2C427&amp;ssl=1 768w\" sizes=\"auto, (max-width: 800px) 100vw, 800px\" \/><\/p>\n<p>&nbsp;<\/p>\n<p>Mediante este tipo de encuentros, <strong>el \u00e1rea de Mujeres busca reducir las brechas de inserci\u00f3n laboral en distintos \u00e1mbitos<\/strong>. En el caso de Olavarr\u00eda fue el primer encuentro regional y estuvo <strong>apuntado a miner\u00eda y a la industria<\/strong>. Se adelant\u00f3 que habr\u00e1 tambi\u00e9n actividades similares en otros distritos y regiones para los sectores puertos, turismo y transporte.<\/p>\n<p>&nbsp;<\/p>\n<p>Asistieron al acto funcionarios y trabajadores de los tres ministerios provinciales que organizaron la jornada.\u00a0Estuvieron tambi\u00e9n la <em>presidenta del interbloque Frente de Todos en el HCD local, Mercedes Land\u00edvar, y m\u00e1s concejales del esa bancada, la coordinadora de la unidad de pol\u00edticas transversales del Ministerio de la Mujer Hosanna Cazola, la concejala In\u00e9s Creimer, el presidente de la Uni\u00f3n Industrial C\u00e9sar Longo, el titular del PIO Jorge Sobarzo, el dirigente de AOMA, Bruno D\u2019Amico, el presidente de la C\u00e1mara de la Piedra de la provincia de Buenos Aires, Gustavo N\u00fa\u00f1ez, la representante de CTA Jorgelina Piccinini<\/em>, entre otros.<\/p>\n<p>&nbsp;<\/p>\n<p><img data-recalc-dims=\"1\" loading=\"lazy\" decoding=\"async\" class=\"size-full wp-image-68104 aligncenter\" src=\"https:\/\/i0.wp.com\/cdnoticias.com\/wp-content\/uploads\/2022\/10\/nosotras-producimos-acto-06.jpg?resize=800%2C445&#038;ssl=1\" alt=\"\" width=\"800\" height=\"445\" srcset=\"https:\/\/i0.wp.com\/cdnoticias.com\/wp-content\/uploads\/2022\/10\/nosotras-producimos-acto-06.jpg?w=800&amp;ssl=1 800w, https:\/\/i0.wp.com\/cdnoticias.com\/wp-content\/uploads\/2022\/10\/nosotras-producimos-acto-06.jpg?resize=300%2C167&amp;ssl=1 300w, https:\/\/i0.wp.com\/cdnoticias.com\/wp-content\/uploads\/2022\/10\/nosotras-producimos-acto-06.jpg?resize=768%2C427&amp;ssl=1 768w\" sizes=\"auto, (max-width: 800px) 100vw, 800px\" \/><\/p>\n<p><img data-recalc-dims=\"1\" loading=\"lazy\" decoding=\"async\" class=\"size-full wp-image-68103 aligncenter\" src=\"https:\/\/i0.wp.com\/cdnoticias.com\/wp-content\/uploads\/2022\/10\/nosotras-producimos-acto-05.jpg?resize=800%2C445&#038;ssl=1\" alt=\"\" width=\"800\" height=\"445\" srcset=\"https:\/\/i0.wp.com\/cdnoticias.com\/wp-content\/uploads\/2022\/10\/nosotras-producimos-acto-05.jpg?w=800&amp;ssl=1 800w, https:\/\/i0.wp.com\/cdnoticias.com\/wp-content\/uploads\/2022\/10\/nosotras-producimos-acto-05.jpg?resize=300%2C167&amp;ssl=1 300w, https:\/\/i0.wp.com\/cdnoticias.com\/wp-content\/uploads\/2022\/10\/nosotras-producimos-acto-05.jpg?resize=768%2C427&amp;ssl=1 768w\" sizes=\"auto, (max-width: 800px) 100vw, 800px\" \/><\/p>\n<p>&nbsp;<\/p>\n<p><span style=\"text-decoration: underline;\"><strong>Desigualdad estructural<\/strong><\/span><\/p>\n<p>&nbsp;<\/p>\n<p>Estela D\u00edaz remarc\u00f3 que <strong>\u201cel trabajo y la producci\u00f3n para nosotras es en un eje. Son un eje central para la gesti\u00f3n provincial y a nosotras nos toca la perspectiva de g\u00e9nero,<\/strong> tenemos que abordar \u00a0desigualdades estructurales. <strong>Los indicadores del mundo productivo y laboral tienen brechas de desigualdad\u201d<\/strong>. En ese sentido, la ministra hizo hincapi\u00e9 en las diferencias de ingresos, en las condiciones laborales, en los sectores de inserci\u00f3n y tambi\u00e9n en la falta de representaci\u00f3n de mujeres en la conducci\u00f3n de las empresas y en las c\u00e1maras empresarias. A\u00f1adi\u00f3 a ello que, a\u00fan est\u00e1n en elaboraci\u00f3n los indicadores para medir la inserci\u00f3n laboral de otros g\u00e9neros por fuera de mujeres y varones.<\/p>\n<p>&nbsp;<\/p>\n<p>Habl\u00f3 de<strong> sectores laborales \u201cprofundamente feminizados\u201d<\/strong>, como los de cuidado, los cuales reproducen desigualdades de g\u00e9nero y sociales. Afirm\u00f3 que mediante estos congresos \u201cnos apuran a poner la igualdad en primer lugar, <strong>no funciona la teor\u00eda del derrame ni para la distribuci\u00f3n econ\u00f3mica ni para la construcci\u00f3n de igualdades.<\/strong> Si no la promovemos activamente, hay brechas e indicadores que no se modifican\u201d.<\/p>\n<p>&nbsp;<\/p>\n<p><img data-recalc-dims=\"1\" loading=\"lazy\" decoding=\"async\" class=\"size-full wp-image-68110 aligncenter\" src=\"https:\/\/i0.wp.com\/cdnoticias.com\/wp-content\/uploads\/2022\/10\/nosotras-producimos-acto-estela-diaz-1.jpg?resize=800%2C445&#038;ssl=1\" alt=\"\" width=\"800\" height=\"445\" srcset=\"https:\/\/i0.wp.com\/cdnoticias.com\/wp-content\/uploads\/2022\/10\/nosotras-producimos-acto-estela-diaz-1.jpg?w=800&amp;ssl=1 800w, https:\/\/i0.wp.com\/cdnoticias.com\/wp-content\/uploads\/2022\/10\/nosotras-producimos-acto-estela-diaz-1.jpg?resize=300%2C167&amp;ssl=1 300w, https:\/\/i0.wp.com\/cdnoticias.com\/wp-content\/uploads\/2022\/10\/nosotras-producimos-acto-estela-diaz-1.jpg?resize=768%2C427&amp;ssl=1 768w\" sizes=\"auto, (max-width: 800px) 100vw, 800px\" \/><\/p>\n<p><img data-recalc-dims=\"1\" loading=\"lazy\" decoding=\"async\" class=\"size-full wp-image-68107 aligncenter\" src=\"https:\/\/i0.wp.com\/cdnoticias.com\/wp-content\/uploads\/2022\/10\/nosotras-producimos-acto-09.jpg?resize=800%2C445&#038;ssl=1\" alt=\"\" width=\"800\" height=\"445\" srcset=\"https:\/\/i0.wp.com\/cdnoticias.com\/wp-content\/uploads\/2022\/10\/nosotras-producimos-acto-09.jpg?w=800&amp;ssl=1 800w, https:\/\/i0.wp.com\/cdnoticias.com\/wp-content\/uploads\/2022\/10\/nosotras-producimos-acto-09.jpg?resize=300%2C167&amp;ssl=1 300w, https:\/\/i0.wp.com\/cdnoticias.com\/wp-content\/uploads\/2022\/10\/nosotras-producimos-acto-09.jpg?resize=768%2C427&amp;ssl=1 768w\" sizes=\"auto, (max-width: 800px) 100vw, 800px\" \/><\/p>\n<p>&nbsp;<\/p>\n<p>Luego Este D\u00edaz expres\u00f3 que hubo <strong>\u201cuna reactivaci\u00f3n productiva muy significativa\u201d, especialmente en construcci\u00f3n e industria manufacturera, donde incluy\u00f3 la miner\u00eda, \u201call\u00ed las mujeres no estamos como trabajadoras<\/strong>, y cuando estamos es en la administraci\u00f3n o sectores t\u00e9cnicos, cuesta mucho en la producci\u00f3n\u201d.<\/p>\n<p>&nbsp;<\/p>\n<blockquote><p>\u201cSe trata de que cuando pensamos que el trabajo y la producci\u00f3n organizan la sociedad, tienen que traer como resultado justicia social y es con igualdad de g\u00e9nero, con la presencia de las mujeres y las diversidades\u201d defini\u00f3 la ministra. \u201cEl trabajo no se debe distinguir por g\u00e9nero sino que debe ser por vocaci\u00f3n, inter\u00e9s o entusiasmo\u201d agreg\u00f3.<\/p><\/blockquote>\n<p>&nbsp;<\/p>\n<p><img data-recalc-dims=\"1\" loading=\"lazy\" decoding=\"async\" class=\"size-full wp-image-68106 aligncenter\" src=\"https:\/\/i0.wp.com\/cdnoticias.com\/wp-content\/uploads\/2022\/10\/nosotras-producimos-acto-08.jpg?resize=800%2C445&#038;ssl=1\" alt=\"\" width=\"800\" height=\"445\" srcset=\"https:\/\/i0.wp.com\/cdnoticias.com\/wp-content\/uploads\/2022\/10\/nosotras-producimos-acto-08.jpg?w=800&amp;ssl=1 800w, https:\/\/i0.wp.com\/cdnoticias.com\/wp-content\/uploads\/2022\/10\/nosotras-producimos-acto-08.jpg?resize=300%2C167&amp;ssl=1 300w, https:\/\/i0.wp.com\/cdnoticias.com\/wp-content\/uploads\/2022\/10\/nosotras-producimos-acto-08.jpg?resize=768%2C427&amp;ssl=1 768w\" sizes=\"auto, (max-width: 800px) 100vw, 800px\" \/><\/p>\n<p>&nbsp;<\/p>\n<p><img data-recalc-dims=\"1\" loading=\"lazy\" decoding=\"async\" class=\"size-full wp-image-68115 aligncenter\" src=\"https:\/\/i0.wp.com\/cdnoticias.com\/wp-content\/uploads\/2022\/10\/nosotras-producimos-acto-0.jpg?resize=800%2C445&#038;ssl=1\" alt=\"\" width=\"800\" height=\"445\" srcset=\"https:\/\/i0.wp.com\/cdnoticias.com\/wp-content\/uploads\/2022\/10\/nosotras-producimos-acto-0.jpg?w=800&amp;ssl=1 800w, https:\/\/i0.wp.com\/cdnoticias.com\/wp-content\/uploads\/2022\/10\/nosotras-producimos-acto-0.jpg?resize=300%2C167&amp;ssl=1 300w, https:\/\/i0.wp.com\/cdnoticias.com\/wp-content\/uploads\/2022\/10\/nosotras-producimos-acto-0.jpg?resize=768%2C427&amp;ssl=1 768w\" sizes=\"auto, (max-width: 800px) 100vw, 800px\" \/><\/p>\n<p>&nbsp;<\/p>\n<p>Por \u00faltimo, reafirm\u00f3 que <strong>si bien a\u00fan resta mucho por avanzar ya se observan cambios<\/strong>. Cont\u00f3 que en la Encuesta Permanente de Hogares a nivel nacional creci\u00f3 5% la participaci\u00f3n de mujeres en la construcci\u00f3n y 7% en comunicaci\u00f3n y transporte. \u201cEs baj\u00edsimo pero es una se\u00f1al, necesitamos muchos encuentros como los que vamos a tener ahora en Olavarr\u00eda\u201d dijo.<\/p>\n<p>&nbsp;<\/p>\n<blockquote><p>\u201cHoy para nosotras gobernar es generar trabajo, y tiene que ser con las mujeres, con los colectivos de la diversidad, con mayor inclusi\u00f3n e igualdad. Mujeres trabajadoras, el trabajo nos dignifica. Y el trabajo de producci\u00f3n potencia nuestra identidad tambi\u00e9n en nuestras comunidades\u201d cerr\u00f3 Estela D\u00edaz.<\/p><\/blockquote>\n<p>&nbsp;<\/p>\n<p><span style=\"text-decoration: underline;\"><strong>En el sector minero<\/strong><\/span><\/p>\n<p>&nbsp;<\/p>\n<p><strong>Federico Aguilera<\/strong>, subsecretario de Miner\u00eda bonaerense resalt\u00f3 que <strong>\u201cestamos logrando -con muchas dificultades, pero lo estamos haciendo- incorporar a las mujeres al esquema de trabajo de la actividad minera\u201d.<\/strong><\/p>\n<p>&nbsp;<\/p>\n<p><img data-recalc-dims=\"1\" loading=\"lazy\" decoding=\"async\" class=\"size-full wp-image-68112 aligncenter\" src=\"https:\/\/i0.wp.com\/cdnoticias.com\/wp-content\/uploads\/2022\/10\/nosotras-producimos-federico-aguilera-0.jpg?resize=800%2C445&#038;ssl=1\" alt=\"\" width=\"800\" height=\"445\" srcset=\"https:\/\/i0.wp.com\/cdnoticias.com\/wp-content\/uploads\/2022\/10\/nosotras-producimos-federico-aguilera-0.jpg?w=800&amp;ssl=1 800w, https:\/\/i0.wp.com\/cdnoticias.com\/wp-content\/uploads\/2022\/10\/nosotras-producimos-federico-aguilera-0.jpg?resize=300%2C167&amp;ssl=1 300w, https:\/\/i0.wp.com\/cdnoticias.com\/wp-content\/uploads\/2022\/10\/nosotras-producimos-federico-aguilera-0.jpg?resize=768%2C427&amp;ssl=1 768w\" sizes=\"auto, (max-width: 800px) 100vw, 800px\" \/><\/p>\n<p>&nbsp;<\/p>\n<p>Para ello <strong>\u201cuna de las actividades fundamentales es la concientizaci\u00f3n y el debate cultural\u201d<\/strong>. En ese sentido, coment\u00f3 que se realizan charlas en escuelas \u201cpara interactuar con los j\u00f3venes y demostrar la importancia de la perspectiva de g\u00e9nero en la cuesti\u00f3n laboral y sobre todo en la actividad minera\u201d.<\/p>\n<p>&nbsp;<\/p>\n<blockquote><p>Adem\u00e1s, indic\u00f3 que \u201cya hay mujeres en el municipio de Olavarr\u00eda trabajando en la actividad minera pero sigue costando mucho\u201d.<\/p><\/blockquote>\n<p>&nbsp;<\/p>\n<p><img data-recalc-dims=\"1\" loading=\"lazy\" decoding=\"async\" class=\"size-full wp-image-68111 aligncenter\" src=\"https:\/\/i0.wp.com\/cdnoticias.com\/wp-content\/uploads\/2022\/10\/nosotras-producimos-cesar-valicenti-0.jpg?resize=800%2C445&#038;ssl=1\" alt=\"\" width=\"800\" height=\"445\" srcset=\"https:\/\/i0.wp.com\/cdnoticias.com\/wp-content\/uploads\/2022\/10\/nosotras-producimos-cesar-valicenti-0.jpg?w=800&amp;ssl=1 800w, https:\/\/i0.wp.com\/cdnoticias.com\/wp-content\/uploads\/2022\/10\/nosotras-producimos-cesar-valicenti-0.jpg?resize=300%2C167&amp;ssl=1 300w, https:\/\/i0.wp.com\/cdnoticias.com\/wp-content\/uploads\/2022\/10\/nosotras-producimos-cesar-valicenti-0.jpg?resize=768%2C427&amp;ssl=1 768w\" sizes=\"auto, (max-width: 800px) 100vw, 800px\" \/><\/p>\n<p>&nbsp;<\/p>\n<p><strong>C\u00e9sar Valicenti,<\/strong> por su lado, destac\u00f3 la presencia de los funcionarios provinciales y se\u00f1al\u00f3 que \u201ctenemos en la historia de la provincia de Buenos Aires a la primera ministra de las Mujeres que representa realmente esa disputa que cotidianamente dan las compa\u00f1eras en todos los \u00e1mbitos\u201d y \u201ctambi\u00e9n es hist\u00f3rica la presencia de Walter (Correa) porque es la primera vez que un compa\u00f1ero de tracci\u00f3n gremial es ministro de Trabajo de la provincia de Buenos Aires. Un trabajador al frente del Ministerio\u201d.<\/p>\n<p>&nbsp;<\/p>\n<blockquote><p>El diputado provincial indic\u00f3 que \u201ctenemos un desaf\u00edo desde nuestra ciudad: que los funcionarios de la provincia conozcan el potencial productivo y econ\u00f3mico\u201d y resalt\u00f3: \u201chay un potencial enorme de las pymes que han crecido mucho y generan muchos puestos de trabajo\u201d.<\/p><\/blockquote>\n<p>&nbsp;<\/p>\n<p><img data-recalc-dims=\"1\" loading=\"lazy\" decoding=\"async\" class=\"size-full wp-image-68108 aligncenter\" src=\"https:\/\/i0.wp.com\/cdnoticias.com\/wp-content\/uploads\/2022\/10\/nosotras-producimos-acto-10.jpg?resize=800%2C445&#038;ssl=1\" alt=\"\" width=\"800\" height=\"445\" srcset=\"https:\/\/i0.wp.com\/cdnoticias.com\/wp-content\/uploads\/2022\/10\/nosotras-producimos-acto-10.jpg?w=800&amp;ssl=1 800w, https:\/\/i0.wp.com\/cdnoticias.com\/wp-content\/uploads\/2022\/10\/nosotras-producimos-acto-10.jpg?resize=300%2C167&amp;ssl=1 300w, https:\/\/i0.wp.com\/cdnoticias.com\/wp-content\/uploads\/2022\/10\/nosotras-producimos-acto-10.jpg?resize=768%2C427&amp;ssl=1 768w\" sizes=\"auto, (max-width: 800px) 100vw, 800px\" \/><\/p>\n<p>&nbsp;<\/p>\n<p><strong>\u201cEn el \u00e1mbito de la miner\u00eda tenemos mucho para crecer.<\/strong> Axel tom\u00f3 la decisi\u00f3n de convertir lo que hist\u00f3ricamente fue una direcci\u00f3n de Miner\u00eda en una subsecretar\u00eda. Lo tenemos que destacar para que esa jerarquizaci\u00f3n institucional no se pierda\u201d, afirm\u00f3 Valicenti.<\/p>\n<p>&nbsp;<\/p>\n<p>\u201cEn este marco, pensar el rol de las compa\u00f1eras es esencial.<strong> Es muy importante que se desarrolle la rentabilidad minera en el marco de una sociedad con desarrollo para todos\u201d,<\/strong> concluy\u00f3.<\/p>\n<p>&nbsp;<\/p>\n<p><img data-recalc-dims=\"1\" loading=\"lazy\" decoding=\"async\" class=\"size-full wp-image-68105 aligncenter\" src=\"https:\/\/i0.wp.com\/cdnoticias.com\/wp-content\/uploads\/2022\/10\/nosotras-producimos-acto-07.jpg?resize=800%2C445&#038;ssl=1\" alt=\"\" width=\"800\" height=\"445\" srcset=\"https:\/\/i0.wp.com\/cdnoticias.com\/wp-content\/uploads\/2022\/10\/nosotras-producimos-acto-07.jpg?w=800&amp;ssl=1 800w, https:\/\/i0.wp.com\/cdnoticias.com\/wp-content\/uploads\/2022\/10\/nosotras-producimos-acto-07.jpg?resize=300%2C167&amp;ssl=1 300w, https:\/\/i0.wp.com\/cdnoticias.com\/wp-content\/uploads\/2022\/10\/nosotras-producimos-acto-07.jpg?resize=768%2C427&amp;ssl=1 768w\" sizes=\"auto, (max-width: 800px) 100vw, 800px\" \/><\/p>\n<p>&nbsp;<\/p>\n<p><span style=\"text-decoration: underline;\"><strong>\u201cPotenciar la industria\u201d<\/strong><\/span><\/p>\n<p>&nbsp;<\/p>\n<p><strong>El ministro de Trabajo, Walter Correa,<\/strong> hizo hincapi\u00e9 en la llegada a Olavarr\u00eda y en la labor en todos los municipios. Apunt\u00f3 a los aspectos de comunicaci\u00f3n en el \u00e1mbito del trabajo, de inclusi\u00f3n laboral y de rol del estado para que se de esa inclusi\u00f3n.\u00a0Se\u00f1al\u00f3 en ese marco que<strong> \u201clas cooperativas llegaron para quedarse, hay ejemplos muy claros en el mundo\u201d<\/strong> para referirse a la importancia de potenciar esa forma de agrupaci\u00f3n, inserci\u00f3n y generaci\u00f3n de puestos de trabajo.<\/p>\n<p>&nbsp;<\/p>\n<p>Luego avanz\u00f3 sobre la necesidad e importancia de que <strong>el estado potencie la industria y el campo<\/strong>. Se refiri\u00f3 a la maquinaria industrial y a c\u00f3mo los est\u00e1ndares de producci\u00f3n se determinan en la provincia de Buenos Aires y, desde Estados Unidos, llegan al mundo.<\/p>\n<p>&nbsp;<\/p>\n<p><img data-recalc-dims=\"1\" loading=\"lazy\" decoding=\"async\" class=\"size-full wp-image-68116 aligncenter\" src=\"https:\/\/i0.wp.com\/cdnoticias.com\/wp-content\/uploads\/2022\/10\/nosotras-producimos-acto-01.jpg?resize=800%2C445&#038;ssl=1\" alt=\"\" width=\"800\" height=\"445\" srcset=\"https:\/\/i0.wp.com\/cdnoticias.com\/wp-content\/uploads\/2022\/10\/nosotras-producimos-acto-01.jpg?w=800&amp;ssl=1 800w, https:\/\/i0.wp.com\/cdnoticias.com\/wp-content\/uploads\/2022\/10\/nosotras-producimos-acto-01.jpg?resize=300%2C167&amp;ssl=1 300w, https:\/\/i0.wp.com\/cdnoticias.com\/wp-content\/uploads\/2022\/10\/nosotras-producimos-acto-01.jpg?resize=768%2C427&amp;ssl=1 768w\" sizes=\"auto, (max-width: 800px) 100vw, 800px\" \/><\/p>\n<p><img data-recalc-dims=\"1\" loading=\"lazy\" decoding=\"async\" class=\"size-full wp-image-68101 aligncenter\" src=\"https:\/\/i0.wp.com\/cdnoticias.com\/wp-content\/uploads\/2022\/10\/nosotras-producimos-acto-02.jpg?resize=800%2C445&#038;ssl=1\" alt=\"\" width=\"800\" height=\"445\" srcset=\"https:\/\/i0.wp.com\/cdnoticias.com\/wp-content\/uploads\/2022\/10\/nosotras-producimos-acto-02.jpg?w=800&amp;ssl=1 800w, https:\/\/i0.wp.com\/cdnoticias.com\/wp-content\/uploads\/2022\/10\/nosotras-producimos-acto-02.jpg?resize=300%2C167&amp;ssl=1 300w, https:\/\/i0.wp.com\/cdnoticias.com\/wp-content\/uploads\/2022\/10\/nosotras-producimos-acto-02.jpg?resize=768%2C427&amp;ssl=1 768w\" sizes=\"auto, (max-width: 800px) 100vw, 800px\" \/><\/p>\n<p>&nbsp;<\/p>\n<blockquote><p>\u201cNosotros tenemos que tener un fuerte concepto de c\u00f3mo potenciamos la industria. La cartera laboral se pone a disposici\u00f3n de este proceso\u201d plante\u00f3 para afirmar luego que \u201cno desconocemos el potencial de Olavarr\u00eda para concretar esta tarea\u201d.<\/p><\/blockquote>\n<p>&nbsp;<\/p>\n<p>Por \u00faltimo se expres\u00f3 sobre el tema de inserci\u00f3n laboral de mujeres y diversidades. Cit\u00f3 como ejemplo un caso sucedido en el gobierno anterior donde, una medida deriv\u00f3 en que las mujeres de la localidad de Magdalena pudieran insertarse en dos industrias, de alimentaci\u00f3n y de cuero.<strong> Subray\u00f3 que la situaci\u00f3n se dio de \u201ccasualidad\u201d, porque los hombres se volcaron a otro sector laboral.<\/strong><\/p>\n<p>&nbsp;<\/p>\n<blockquote><p>Contrast\u00f3 con las pol\u00edticas dispuestas por el Ministerio de Mujeres que facilitaron la inserci\u00f3n de mujeres en el rubro ferroviario en los \u00faltimos a\u00f1os. \u201cNosotros desde el Gobierno de la Provincia direccionamos directamente para que las compa\u00f1eras tengan la oportunidad\u201d remarc\u00f3.<\/p><\/blockquote>\n<p>&nbsp;<\/p>\n<blockquote class=\"wp-embedded-content\" data-secret=\"6bqvbEAuVH\"><p><a href=\"https:\/\/cdnoticias.com\/index.php\/2022\/10\/24\/estela-diaz-nos-parece-central-el-debate-sobre-las-condiciones-de-trabajo-de-las-mujeres\/\">Estela D\u00edaz: \u201cNos parece central el debate sobre las condiciones de trabajo de las mujeres\u201d<\/a><\/p><\/blockquote>\n<p><iframe loading=\"lazy\" class=\"wp-embedded-content\" sandbox=\"allow-scripts\" security=\"restricted\" style=\"position: absolute; clip: rect(1px, 1px, 1px, 1px);\" title=\"&#8220;Estela D\u00edaz: \u201cNos parece central el debate sobre las condiciones de trabajo de las mujeres\u201d&#8221; &#8212; Central de Noticias | Olavarr\u00eda\" src=\"https:\/\/cdnoticias.com\/index.php\/2022\/10\/24\/estela-diaz-nos-parece-central-el-debate-sobre-las-condiciones-de-trabajo-de-las-mujeres\/embed\/#?secret=IbxZoCQAB9#?secret=6bqvbEAuVH\" data-secret=\"6bqvbEAuVH\" width=\"600\" height=\"338\" frameborder=\"0\" marginwidth=\"0\" marginheight=\"0\" scrolling=\"no\"><\/iframe><\/p>\n<p>&nbsp;<\/p>\n","protected":false},"excerpt":{"rendered":"<p>\u201cHoy para nosotras gobernar es generar trabajo, y tiene que ser con las mujeres\u201d dijo la ministra Estela D\u00edaz en<\/p>\n","protected":false},"author":4,"featured_media":68114,"comment_status":"closed","ping_status":"closed","sticky":false,"template":"","format":"standard","meta":{"_jetpack_memberships_contains_paid_content":false,"footnotes":""},"categories":[3,1],"tags":[],"class_list":["post-68100","post","type-post","status-publish","format-standard","has-post-thumbnail","hentry","category-genero","category-portada"],"jetpack_featured_media_url":"https:\/\/i0.wp.com\/cdnoticias.com\/wp-content\/uploads\/2022\/10\/nosotras-producimos-acto-00.jpg?fit=800%2C445&ssl=1","jetpack_sharing_enabled":true,"_links":{"self":[{"href":"https:\/\/cdnoticias.com\/index.php\/wp-json\/wp\/v2\/posts\/68100","targetHints":{"allow":["GET"]}}],"collection":[{"href":"https:\/\/cdnoticias.com\/index.php\/wp-json\/wp\/v2\/posts"}],"about":[{"href":"https:\/\/cdnoticias.com\/index.php\/wp-json\/wp\/v2\/types\/post"}],"author":[{"embeddable":true,"href":"https:\/\/cdnoticias.com\/index.php\/wp-json\/wp\/v2\/users\/4"}],"replies":[{"embeddable":true,"href":"https:\/\/cdnoticias.com\/index.php\/wp-json\/wp\/v2\/comments?post=68100"}],"version-history":[{"count":0,"href":"https:\/\/cdnoticias.com\/index.php\/wp-json\/wp\/v2\/posts\/68100\/revisions"}],"wp:featuredmedia":[{"embeddable":true,"href":"https:\/\/cdnoticias.com\/index.php\/wp-json\/wp\/v2\/media\/68114"}],"wp:attachment":[{"href":"https:\/\/cdnoticias.com\/index.php\/wp-json\/wp\/v2\/media?parent=68100"}],"wp:term":[{"taxonomy":"category","embeddable":true,"href":"https:\/\/cdnoticias.com\/index.php\/wp-json\/wp\/v2\/categories?post=68100"},{"taxonomy":"post_tag","embeddable":true,"href":"https:\/\/cdnoticias.com\/index.php\/wp-json\/wp\/v2\/tags?post=68100"}],"curies":[{"name":"wp","href":"https:\/\/api.w.org\/{rel}","templated":true}]}}