{"id":68087,"date":"2022-10-24T12:52:49","date_gmt":"2022-10-24T15:52:49","guid":{"rendered":"https:\/\/www.centraldenoticias.com.ar\/?p=68087"},"modified":"2022-10-24T15:51:56","modified_gmt":"2022-10-24T18:51:56","slug":"estela-diaz-nos-parece-central-el-debate-sobre-las-condiciones-de-trabajo-de-las-mujeres","status":"publish","type":"post","link":"https:\/\/cdnoticias.com\/index.php\/2022\/10\/24\/estela-diaz-nos-parece-central-el-debate-sobre-las-condiciones-de-trabajo-de-las-mujeres\/","title":{"rendered":"Estela D\u00edaz: \u201cNos parece central el debate sobre las condiciones de trabajo de las mujeres\u201d"},"content":{"rendered":"<p>La titular del Ministerio de las Mujeres estuvo en la jornada \u201cNosotras Producimos\u201d. Habl\u00f3 de la necesidad de fomentar la igualdad laboral. Adem\u00e1s, se refiri\u00f3 a las denuncias de abuso en el \u00e1mbito de la polic\u00eda y a la implementaci\u00f3n del cupo travesti trans.<!--more--><\/p>\n<hr \/>\n<p>La ministra las Mujeres, Pol\u00edticas de G\u00e9nero y Diversidad Sexual Estela D\u00edaz y el ministro de Trabajo bonaerense Walter Correa estuvieron en Olavarr\u00eda en el marco de la <strong>apertura del Pre Expo Congreso \u201cNosotras Producimos\u201d<\/strong> que se desarroll\u00f3 en el sal\u00f3n de la Sociedad de Fomento Mariano Moreno.<\/p>\n<p>&nbsp;<\/p>\n<p>Antes de la inauguraci\u00f3n formal del encuentro<strong> Estela D\u00edaz<\/strong> habl\u00f3 con los medios presentes y se\u00f1al\u00f3 que es <strong>la primera vez que se realiza la propuesta de forma regional<\/strong> <strong>y con una preponderancia de la miner\u00eda en cuanto a temas de debate.<\/strong> \u201cEl tema minero es un tema important\u00edsimo de desarrollo de esta regi\u00f3n y nos parece central el debate en torno a las condiciones de trabajo de las mujeres. Ha habido hist\u00f3ricamente mucha resistencia, una presencia en los m\u00e1rgenes de la tarea nunca con igualdad de oportunidades\u201d, resalt\u00f3.<\/p>\n<p>&nbsp;<\/p>\n<p>Para la jornada asegur\u00f3 que espera \u201cdiscutir la tem\u00e1tica en clave de g\u00e9nero y de igualdad. Esperamos que pueda haber un gran debate con los sectores empresarios, sindicales y de trabajadoras\u201d. En ese sentido, enfatiz\u00f3 en la importancia de la formaci\u00f3n y destac\u00f3 el programa \u201cOficio sin prejuicios\u201d que apunta a la formaci\u00f3n en sectores no tradicionales de trabajo.<\/p>\n<p>&nbsp;<\/p>\n<p><img data-recalc-dims=\"1\" loading=\"lazy\" decoding=\"async\" class=\"size-full wp-image-68095 aligncenter\" src=\"https:\/\/i0.wp.com\/cdnoticias.com\/wp-content\/uploads\/2022\/10\/nosotras-producimos-estela-diaz-2.jpg?resize=800%2C445&#038;ssl=1\" alt=\"\" width=\"800\" height=\"445\" srcset=\"https:\/\/i0.wp.com\/cdnoticias.com\/wp-content\/uploads\/2022\/10\/nosotras-producimos-estela-diaz-2.jpg?w=800&amp;ssl=1 800w, https:\/\/i0.wp.com\/cdnoticias.com\/wp-content\/uploads\/2022\/10\/nosotras-producimos-estela-diaz-2.jpg?resize=300%2C167&amp;ssl=1 300w, https:\/\/i0.wp.com\/cdnoticias.com\/wp-content\/uploads\/2022\/10\/nosotras-producimos-estela-diaz-2.jpg?resize=768%2C427&amp;ssl=1 768w\" sizes=\"auto, (max-width: 800px) 100vw, 800px\" \/><\/p>\n<p>&nbsp;<\/p>\n<blockquote><p>\u201cDiscutir oportunidades para que el trabajo sea cada vez m\u00e1s formal y con m\u00e1s presencia de mujeres en igualdad de oportunidades\u201d.<\/p><\/blockquote>\n<p>&nbsp;<\/p>\n<p><strong>Cupo laboral travesti trans: \u201cqueremos impulsarlo en el sector privado\u201d<\/strong><\/p>\n<p>&nbsp;<\/p>\n<p>La ministra Estela D\u00edaz hizo referencia a la implementaci\u00f3n del cupo laboral travesti trans \u201cDiana Sacay\u00e1n\u201d cuya norma data del a\u00f1o 2015 \u201cy no fue implementada por la gesti\u00f3n anterior\u201d. Sin embargo, \u201cnosotros la reglamentamos inmediatamente, construimos la comisi\u00f3n mixta, tenemos el registro Diana Sacay\u00e1n en el Ministerio de Trabajo\u201d.<\/p>\n<p>&nbsp;<\/p>\n<p>Asegur\u00f3 que <strong>\u201cha habido una importante cantidad de incorporaci\u00f3n en el estado de la Provincia, mucha adhesi\u00f3n de los municipios, pero tambi\u00e9n queremos impulsarlo en el sector privado&#8221;.<\/strong><\/p>\n<p>&nbsp;<\/p>\n<p>\u201cLa prioridad para nosotras es dar la oportunidad de que las personas trans travesti puedan quedarse en su localidad. <strong>Migrar es un derecho pero no tendr\u00eda que ser una obligaci\u00f3n por no tener oportunidades<\/strong>\u201d, afirm\u00f3 D\u00edaz.<\/p>\n<p>&nbsp;<\/p>\n<p><img data-recalc-dims=\"1\" loading=\"lazy\" decoding=\"async\" class=\"size-full wp-image-68094 aligncenter\" src=\"https:\/\/i0.wp.com\/cdnoticias.com\/wp-content\/uploads\/2022\/10\/nosotras-producimos-estela-diaz-1.jpg?resize=800%2C445&#038;ssl=1\" alt=\"\" width=\"800\" height=\"445\" srcset=\"https:\/\/i0.wp.com\/cdnoticias.com\/wp-content\/uploads\/2022\/10\/nosotras-producimos-estela-diaz-1.jpg?w=800&amp;ssl=1 800w, https:\/\/i0.wp.com\/cdnoticias.com\/wp-content\/uploads\/2022\/10\/nosotras-producimos-estela-diaz-1.jpg?resize=300%2C167&amp;ssl=1 300w, https:\/\/i0.wp.com\/cdnoticias.com\/wp-content\/uploads\/2022\/10\/nosotras-producimos-estela-diaz-1.jpg?resize=768%2C427&amp;ssl=1 768w\" sizes=\"auto, (max-width: 800px) 100vw, 800px\" \/><\/p>\n<p>&nbsp;<\/p>\n<p><strong>Polic\u00eda bonaerense: \u201chubo m\u00e1s de 200 denuncias de abuso sexual\u201d <\/strong><\/p>\n<p>&nbsp;<\/p>\n<p>Por otra parte, se refiri\u00f3 a las <strong>denuncias de violencia sexual y abuso sexual en el \u00e1mbito de la Polic\u00eda Bonaerense<\/strong> y asegur\u00f3 que es un tema de \u201cenorme preocupaci\u00f3n\u201d y que han trabajado junto al ministerio de Seguridad \u201cen la construcci\u00f3n de un protocolo y un programa para la formaci\u00f3n y abordaje especifico de la violencia de g\u00e9nero y abuso sexual\u201d.<\/p>\n<p>&nbsp;<\/p>\n<blockquote><p>\u201cHubo m\u00e1s de 200 denuncias de abuso sexual, es casi el 3 por ciento de los sumarios que hace la polic\u00eda de Buenos Aires\u201d, indic\u00f3.<\/p><\/blockquote>\n<p>&nbsp;<\/p>\n<p>Adem\u00e1s, se registran casos de <strong>violencia de g\u00e9nero<\/strong>: \u201cel a\u00f1o pasado hubo <strong>800 denuncias de violencia de g\u00e9nero de mujeres polic\u00edas,<\/strong> en el \u00e1mbito dom\u00e9stico o en el \u00e1mbito de trabajo. A veces, sucede que el superior jer\u00e1rquico es adem\u00e1s pareja afectiva\u201d, asegur\u00f3.<\/p>\n<p>&nbsp;<\/p>\n<p>En estos casos, \u201cse implementa la licencia por violencia de g\u00e9nero y hemos formado los equipos interdisciplinarios como lo hicimos en los 40 ministerios y organismos de la provincia. <strong>Se act\u00faa pero no alcanza, necesitamos mucha m\u00e1s transformaci\u00f3n porque adem\u00e1s la polic\u00eda tiene una estructura jer\u00e1rquica y patriarcal.<\/strong> Su trabajo es con la violencia y no rigen los derechos laborales, la representaci\u00f3n sindical, las intervenciones siempre tienen dificultad\u201d.<\/p>\n<p>&nbsp;<\/p>\n<p><img data-recalc-dims=\"1\" loading=\"lazy\" decoding=\"async\" class=\"size-full wp-image-68096 aligncenter\" src=\"https:\/\/i0.wp.com\/cdnoticias.com\/wp-content\/uploads\/2022\/10\/nosotras-producimos-estela-diaz-5.jpg?resize=800%2C445&#038;ssl=1\" alt=\"\" width=\"800\" height=\"445\" srcset=\"https:\/\/i0.wp.com\/cdnoticias.com\/wp-content\/uploads\/2022\/10\/nosotras-producimos-estela-diaz-5.jpg?w=800&amp;ssl=1 800w, https:\/\/i0.wp.com\/cdnoticias.com\/wp-content\/uploads\/2022\/10\/nosotras-producimos-estela-diaz-5.jpg?resize=300%2C167&amp;ssl=1 300w, https:\/\/i0.wp.com\/cdnoticias.com\/wp-content\/uploads\/2022\/10\/nosotras-producimos-estela-diaz-5.jpg?resize=768%2C427&amp;ssl=1 768w\" sizes=\"auto, (max-width: 800px) 100vw, 800px\" \/><\/p>\n<p>&nbsp;<\/p>\n<blockquote class=\"wp-embedded-content\" data-secret=\"538ljDKNXR\"><p><a href=\"https:\/\/cdnoticias.com\/index.php\/2022\/10\/24\/con-eje-en-mineria-el-ministerio-de-mujeres-busca-reducir-la-desigualdad-laboral\/\">Con eje en miner\u00eda, el Ministerio de Mujeres busca reducir la desigualdad laboral<\/a><\/p><\/blockquote>\n<p><iframe loading=\"lazy\" class=\"wp-embedded-content\" sandbox=\"allow-scripts\" security=\"restricted\" style=\"position: absolute; clip: rect(1px, 1px, 1px, 1px);\" title=\"&#8220;Con eje en miner\u00eda, el Ministerio de Mujeres busca reducir la desigualdad laboral&#8221; &#8212; Central de Noticias | Olavarr\u00eda\" src=\"https:\/\/cdnoticias.com\/index.php\/2022\/10\/24\/con-eje-en-mineria-el-ministerio-de-mujeres-busca-reducir-la-desigualdad-laboral\/embed\/#?secret=lj4M9d4xbj#?secret=538ljDKNXR\" data-secret=\"538ljDKNXR\" width=\"600\" height=\"338\" frameborder=\"0\" marginwidth=\"0\" marginheight=\"0\" scrolling=\"no\"><\/iframe><\/p>\n<p>&nbsp;<\/p>\n","protected":false},"excerpt":{"rendered":"<p>La titular del Ministerio de las Mujeres estuvo en la jornada \u201cNosotras Producimos\u201d. Habl\u00f3 de la necesidad de fomentar la<\/p>\n","protected":false},"author":5,"featured_media":68093,"comment_status":"closed","ping_status":"closed","sticky":false,"template":"","format":"standard","meta":{"_jetpack_memberships_contains_paid_content":false,"footnotes":""},"categories":[3,1],"tags":[],"class_list":["post-68087","post","type-post","status-publish","format-standard","has-post-thumbnail","hentry","category-genero","category-portada"],"jetpack_featured_media_url":"https:\/\/i0.wp.com\/cdnoticias.com\/wp-content\/uploads\/2022\/10\/nosotras-producimos-estela-diaz-0.jpg?fit=800%2C445&ssl=1","jetpack_sharing_enabled":true,"_links":{"self":[{"href":"https:\/\/cdnoticias.com\/index.php\/wp-json\/wp\/v2\/posts\/68087","targetHints":{"allow":["GET"]}}],"collection":[{"href":"https:\/\/cdnoticias.com\/index.php\/wp-json\/wp\/v2\/posts"}],"about":[{"href":"https:\/\/cdnoticias.com\/index.php\/wp-json\/wp\/v2\/types\/post"}],"author":[{"embeddable":true,"href":"https:\/\/cdnoticias.com\/index.php\/wp-json\/wp\/v2\/users\/5"}],"replies":[{"embeddable":true,"href":"https:\/\/cdnoticias.com\/index.php\/wp-json\/wp\/v2\/comments?post=68087"}],"version-history":[{"count":0,"href":"https:\/\/cdnoticias.com\/index.php\/wp-json\/wp\/v2\/posts\/68087\/revisions"}],"wp:featuredmedia":[{"embeddable":true,"href":"https:\/\/cdnoticias.com\/index.php\/wp-json\/wp\/v2\/media\/68093"}],"wp:attachment":[{"href":"https:\/\/cdnoticias.com\/index.php\/wp-json\/wp\/v2\/media?parent=68087"}],"wp:term":[{"taxonomy":"category","embeddable":true,"href":"https:\/\/cdnoticias.com\/index.php\/wp-json\/wp\/v2\/categories?post=68087"},{"taxonomy":"post_tag","embeddable":true,"href":"https:\/\/cdnoticias.com\/index.php\/wp-json\/wp\/v2\/tags?post=68087"}],"curies":[{"name":"wp","href":"https:\/\/api.w.org\/{rel}","templated":true}]}}