{"id":68084,"date":"2022-10-24T14:34:33","date_gmt":"2022-10-24T17:34:33","guid":{"rendered":"https:\/\/www.centraldenoticias.com.ar\/?p=68084"},"modified":"2022-10-24T14:34:33","modified_gmt":"2022-10-24T17:34:33","slug":"integrando-salud-charla-de-coopelectric-y-ola-rosa","status":"publish","type":"post","link":"https:\/\/cdnoticias.com\/index.php\/2022\/10\/24\/integrando-salud-charla-de-coopelectric-y-ola-rosa\/","title":{"rendered":"\u201cIntegrando Salud\u201d: Charla de Coopelectric y Ola Rosa"},"content":{"rendered":"<p>Ser\u00e1 este jueves 27 de octubre a las 18:15 en el Audit\u00f3rium de la cooperativa. La entrada es libre y gratuita y se pedir\u00e1 la donaci\u00f3n de un alimento no perecedero.<!--more--><\/p>\n<hr \/>\n<p>En el mes de concientizaci\u00f3n sobre el c\u00e1ncer de mama, <strong>Coopelectric y Ola Rosa invitan a la comunidad a participar de la charla \u201cIntegrando Salud\u201d<\/strong> que se realizar\u00e1 en el marco del Ciclo de charlas y conferencias 2022. Tendr\u00e1 lugar el <strong>jueves 27 de octubre a las 18:15 hs. en el Sal\u00f3n Audit\u00f3rium de Coopelectric ubicado en Belgrano 2850.<\/strong><\/p>\n<p>&nbsp;<\/p>\n<p>La misma ser\u00e1 dictada por <strong>Marcela Mayet<\/strong>, M\u00e9dica Gastroenter\u00f3loga con formaci\u00f3n en Psiconeuroinmunolog\u00eda (PNIE); <strong>Mar\u00eda Laura Canil<\/strong>, Bioqu\u00edmica con formaci\u00f3n en Psiconeuroinmunolog\u00eda (PNIE); y<strong> Mar\u00eda Alejandra Vitale<\/strong> M\u00e9dica especialista en Psiquiatr\u00eda Infantil Juvenil, facilitadora Mindfulness; quienes forman parte del espacio \u201cIntegrativa Olavarr\u00eda\u201d.<\/p>\n<p>&nbsp;<\/p>\n<p>Compartiendo como premisa que somos art\u00edfices de nuestro propio bienestar con elementos que tenemos al alcance de las manos, las profesionales de la salud abordar\u00e1n diversos conceptos y brindar\u00e1n herramientas para contribuir a generar un <strong>estado de conciencia que nos permita vivir mejor.<\/strong><\/p>\n<p>&nbsp;<\/p>\n<p>Si bien <strong>la entrada es libre y gratuita<\/strong>, se recibir\u00e1 a modo de colaboraci\u00f3n un <strong>alimento no perecedero para donar<\/strong> luego a una instituci\u00f3n local.<\/p>\n<p>&nbsp;<\/p>\n","protected":false},"excerpt":{"rendered":"<p>Ser\u00e1 este jueves 27 de octubre a las 18:15 en el Audit\u00f3rium de la cooperativa. La entrada es libre y<\/p>\n","protected":false},"author":5,"featured_media":0,"comment_status":"closed","ping_status":"closed","sticky":false,"template":"","format":"standard","meta":{"_jetpack_memberships_contains_paid_content":false,"footnotes":""},"categories":[5,1],"tags":[],"class_list":["post-68084","post","type-post","status-publish","format-standard","hentry","category-informacion-general","category-portada"],"jetpack_featured_media_url":"","jetpack_sharing_enabled":true,"_links":{"self":[{"href":"https:\/\/cdnoticias.com\/index.php\/wp-json\/wp\/v2\/posts\/68084","targetHints":{"allow":["GET"]}}],"collection":[{"href":"https:\/\/cdnoticias.com\/index.php\/wp-json\/wp\/v2\/posts"}],"about":[{"href":"https:\/\/cdnoticias.com\/index.php\/wp-json\/wp\/v2\/types\/post"}],"author":[{"embeddable":true,"href":"https:\/\/cdnoticias.com\/index.php\/wp-json\/wp\/v2\/users\/5"}],"replies":[{"embeddable":true,"href":"https:\/\/cdnoticias.com\/index.php\/wp-json\/wp\/v2\/comments?post=68084"}],"version-history":[{"count":0,"href":"https:\/\/cdnoticias.com\/index.php\/wp-json\/wp\/v2\/posts\/68084\/revisions"}],"wp:attachment":[{"href":"https:\/\/cdnoticias.com\/index.php\/wp-json\/wp\/v2\/media?parent=68084"}],"wp:term":[{"taxonomy":"category","embeddable":true,"href":"https:\/\/cdnoticias.com\/index.php\/wp-json\/wp\/v2\/categories?post=68084"},{"taxonomy":"post_tag","embeddable":true,"href":"https:\/\/cdnoticias.com\/index.php\/wp-json\/wp\/v2\/tags?post=68084"}],"curies":[{"name":"wp","href":"https:\/\/api.w.org\/{rel}","templated":true}]}}