{"id":68078,"date":"2022-10-24T10:33:03","date_gmt":"2022-10-24T13:33:03","guid":{"rendered":"https:\/\/www.centraldenoticias.com.ar\/?p=68078"},"modified":"2022-10-24T12:53:03","modified_gmt":"2022-10-24T15:53:03","slug":"tres-personas-internadas-en-grave-estado-tras-los-siniestros-viales-en-ruta-51","status":"publish","type":"post","link":"https:\/\/cdnoticias.com\/index.php\/2022\/10\/24\/tres-personas-internadas-en-grave-estado-tras-los-siniestros-viales-en-ruta-51\/","title":{"rendered":"Tres personas internadas en grave estado tras los siniestros viales en ruta 51"},"content":{"rendered":"<p>Est\u00e1n en UTI: son adolescentes y una ni\u00f1a. Adem\u00e1s, un adolescente tambi\u00e9n qued\u00f3 internado. Otros dos heridos fueron derivados a un centro privado.<!--more--><\/p>\n<hr \/>\n<p><strong>Tras los dos siniestros viales que se registraron el domingo sobre la ruta 51, cuatro personas siguen internadas<\/strong> en el Hospital Municipal y en el Centro de Medicina Infantil.<\/p>\n<p>&nbsp;<\/p>\n<blockquote><p>Tres de ellas en grave estado en salas de Terapia Intensiva (UT) de adultos y de pediatr\u00eda.<\/p><\/blockquote>\n<p>&nbsp;<\/p>\n<p>Adem\u00e1s, m\u00e1s pacientes, tambi\u00e9n accidentados el domingo fueron derivados a otras instituciones sanitarias locales.<\/p>\n<p>&nbsp;<\/p>\n<p><img data-recalc-dims=\"1\" loading=\"lazy\" decoding=\"async\" class=\"aligncenter wp-image-68001\" src=\"https:\/\/i0.wp.com\/cdnoticias.com\/wp-content\/uploads\/2022\/10\/choque.webp?resize=800%2C534&#038;ssl=1\" alt=\"\" width=\"800\" height=\"534\" srcset=\"https:\/\/i0.wp.com\/cdnoticias.com\/wp-content\/uploads\/2022\/10\/choque.webp?w=1024&amp;ssl=1 1024w, https:\/\/i0.wp.com\/cdnoticias.com\/wp-content\/uploads\/2022\/10\/choque.webp?resize=300%2C200&amp;ssl=1 300w, https:\/\/i0.wp.com\/cdnoticias.com\/wp-content\/uploads\/2022\/10\/choque.webp?resize=768%2C512&amp;ssl=1 768w, https:\/\/i0.wp.com\/cdnoticias.com\/wp-content\/uploads\/2022\/10\/choque.webp?resize=272%2C182&amp;ssl=1 272w\" sizes=\"auto, (max-width: 800px) 100vw, 800px\" \/><\/p>\n<p>&nbsp;<\/p>\n<p>En el caso del siniestro vial de <a href=\"https:\/\/cdnoticias.com\/index.php\/2022\/10\/23\/tres-heridos-en-un-violento-accidente-en-barrio-aoma\/\" target=\"_blank\" rel=\"noopener\">ruta 51 a la altura del acceso por autopista Fortabat<\/a>, se inform\u00f3 que<strong> dos personas quedan internadas en el Hospital.<\/strong><\/p>\n<p>&nbsp;<\/p>\n<blockquote><p>Una joven de 18 a\u00f1os se encuentra alojada en UTI con laceraci\u00f3n hep\u00e1tica y un joven de la misma edad est\u00e1 internado en sala con fractura de pelvis.<\/p><\/blockquote>\n<p>&nbsp;<\/p>\n<p><img data-recalc-dims=\"1\" loading=\"lazy\" decoding=\"async\" class=\"size-full wp-image-68054 aligncenter\" src=\"https:\/\/i0.wp.com\/cdnoticias.com\/wp-content\/uploads\/2022\/10\/choque-ruta-51-00A.jpg?resize=800%2C445&#038;ssl=1\" alt=\"\" width=\"800\" height=\"445\" srcset=\"https:\/\/i0.wp.com\/cdnoticias.com\/wp-content\/uploads\/2022\/10\/choque-ruta-51-00A.jpg?w=800&amp;ssl=1 800w, https:\/\/i0.wp.com\/cdnoticias.com\/wp-content\/uploads\/2022\/10\/choque-ruta-51-00A.jpg?resize=300%2C167&amp;ssl=1 300w, https:\/\/i0.wp.com\/cdnoticias.com\/wp-content\/uploads\/2022\/10\/choque-ruta-51-00A.jpg?resize=768%2C427&amp;ssl=1 768w\" sizes=\"auto, (max-width: 800px) 100vw, 800px\" \/><\/p>\n<p>&nbsp;<\/p>\n<p>Respecto del hecho que <a href=\"https:\/\/cdnoticias.com\/index.php\/2022\/10\/23\/cuatro-heridos-en-un-siniestro-vial-sobre-la-ruta-51\/\" target=\"_blank\" rel=\"noopener\">se dio por la noche en ruta 51 casi ruta 226<\/a>, <strong>los dos pacientes est\u00e1n en UTI aunque en distintos centros.<\/strong><\/p>\n<p>&nbsp;<\/p>\n<blockquote><p>Un adolescente qued\u00f3 internado en el Hospital Municipal. Presentaba fractura de pelvis y traumatismo encefalocraneano. En tanto, una ni\u00f1a fue internada en el Centro de Medicina Infantil \u201cLuciano Fortabat\u201d. Sufri\u00f3 hemoneurotorax con fractura costal. Se indic\u00f3 que se encuentra estable y compensada.<\/p><\/blockquote>\n<p>&nbsp;<\/p>\n<p>Las otras dos personas que resultaron heridas producto de este caso ingresaron en la noche del domingo al Hospital Municipal y luego <strong>fueron derivadas a un centro de salud privado de nuestra ciudad.<\/strong><\/p>\n<p>&nbsp;<\/p>\n","protected":false},"excerpt":{"rendered":"<p>Est\u00e1n en UTI: son adolescentes y una ni\u00f1a. Adem\u00e1s, un adolescente tambi\u00e9n qued\u00f3 internado. Otros dos heridos fueron derivados a<\/p>\n","protected":false},"author":4,"featured_media":68082,"comment_status":"closed","ping_status":"closed","sticky":false,"template":"","format":"standard","meta":{"_jetpack_memberships_contains_paid_content":false,"footnotes":""},"categories":[14,1],"tags":[],"class_list":["post-68078","post","type-post","status-publish","format-standard","has-post-thumbnail","hentry","category-policiales","category-portada"],"jetpack_featured_media_url":"https:\/\/i0.wp.com\/cdnoticias.com\/wp-content\/uploads\/2022\/10\/choque-ruta-51-casi226.jpg?fit=1115%2C621&ssl=1","jetpack_sharing_enabled":true,"_links":{"self":[{"href":"https:\/\/cdnoticias.com\/index.php\/wp-json\/wp\/v2\/posts\/68078","targetHints":{"allow":["GET"]}}],"collection":[{"href":"https:\/\/cdnoticias.com\/index.php\/wp-json\/wp\/v2\/posts"}],"about":[{"href":"https:\/\/cdnoticias.com\/index.php\/wp-json\/wp\/v2\/types\/post"}],"author":[{"embeddable":true,"href":"https:\/\/cdnoticias.com\/index.php\/wp-json\/wp\/v2\/users\/4"}],"replies":[{"embeddable":true,"href":"https:\/\/cdnoticias.com\/index.php\/wp-json\/wp\/v2\/comments?post=68078"}],"version-history":[{"count":0,"href":"https:\/\/cdnoticias.com\/index.php\/wp-json\/wp\/v2\/posts\/68078\/revisions"}],"wp:featuredmedia":[{"embeddable":true,"href":"https:\/\/cdnoticias.com\/index.php\/wp-json\/wp\/v2\/media\/68082"}],"wp:attachment":[{"href":"https:\/\/cdnoticias.com\/index.php\/wp-json\/wp\/v2\/media?parent=68078"}],"wp:term":[{"taxonomy":"category","embeddable":true,"href":"https:\/\/cdnoticias.com\/index.php\/wp-json\/wp\/v2\/categories?post=68078"},{"taxonomy":"post_tag","embeddable":true,"href":"https:\/\/cdnoticias.com\/index.php\/wp-json\/wp\/v2\/tags?post=68078"}],"curies":[{"name":"wp","href":"https:\/\/api.w.org\/{rel}","templated":true}]}}