{"id":68075,"date":"2022-10-24T10:15:44","date_gmt":"2022-10-24T13:15:44","guid":{"rendered":"https:\/\/www.centraldenoticias.com.ar\/?p=68075"},"modified":"2022-10-24T10:35:31","modified_gmt":"2022-10-24T13:35:31","slug":"villa-aurora-preocupacion-ante-reiterados-robos-en-el-sector","status":"publish","type":"post","link":"https:\/\/cdnoticias.com\/index.php\/2022\/10\/24\/villa-aurora-preocupacion-ante-reiterados-robos-en-el-sector\/","title":{"rendered":"Villa Aurora: preocupaci\u00f3n ante reiterados robos en el sector"},"content":{"rendered":"<p>Un vecino relat\u00f3 el robo que sufri\u00f3 en su vivienda y lo que pasa en el barrio. Se\u00f1al\u00f3 que crearon un grupo de WhatsApp para mantenerse en contacto y piden mayor seguridad.<!--more--><\/p>\n<hr \/>\n<p><strong>Daniel, vecino del barrio Villa Aurora<\/strong> habl\u00f3 con <em>Levantate (FM 102.7 Radio Sapiens)<\/em> ante los \u00faltimos hechos de inseguridad en ese sector de la ciudad.<\/p>\n<p>&nbsp;<\/p>\n<p>Se\u00f1al\u00f3 que si bien \u201chace poco empec\u00e9 a ser parte del barrio\u201d <strong>los vecinos le hab\u00edan manifestado preocupaci\u00f3n ante reiterados robos en obras en construcci\u00f3n y viviendas<\/strong>, y \u201cen esta oportunidad, lamentablemente me toc\u00f3 a m\u00ed\u201d.<\/p>\n<p>&nbsp;<\/p>\n<blockquote><p>\u201cEntraron a mi casa, forzaron una ventana y sustrajeron dos televisores y dem\u00e1s elementos personales. Yo no hab\u00eda llegado econ\u00f3micamente a poner rejas y alarma y entraron cuando no estaba en casa\u201d, relat\u00f3 Daniel.<\/p><\/blockquote>\n<p>&nbsp;<\/p>\n<p>\u201cEn mi caso particular tuve una respuesta, me tomaron la denuncia enseguida, fue personal de cient\u00edfica a tomar huellas y tuve la visita del personal de calle. Atendieron el reclamo\u201d continu\u00f3 y agreg\u00f3: <strong>\u201cojal\u00e1 podamos llegar a asegurar m\u00e1s el barrio y que no sigan sucediendo estos hechos\u201d. \u00a0<\/strong><\/p>\n<p>&nbsp;<\/p>\n<p>Por otra parte, se\u00f1al\u00f3 que los vecinos del sector tomaron la determinaci\u00f3n de crear un <strong>grupo de WhatsApp<\/strong> para mantenerse en contacto y advertir cualquier situaci\u00f3n sospechosa.<\/p>\n","protected":false},"excerpt":{"rendered":"<p>Un vecino relat\u00f3 el robo que sufri\u00f3 en su vivienda y lo que pasa en el barrio. Se\u00f1al\u00f3 que crearon<\/p>\n","protected":false},"author":5,"featured_media":40654,"comment_status":"closed","ping_status":"closed","sticky":false,"template":"","format":"standard","meta":{"_jetpack_memberships_contains_paid_content":false,"footnotes":""},"categories":[14,1],"tags":[],"class_list":["post-68075","post","type-post","status-publish","format-standard","has-post-thumbnail","hentry","category-policiales","category-portada"],"jetpack_featured_media_url":"https:\/\/i0.wp.com\/cdnoticias.com\/wp-content\/uploads\/2021\/12\/WhatsApp-Image-2021-12-06-at-15.42.27-2.jpeg?fit=1600%2C900&ssl=1","jetpack_sharing_enabled":true,"_links":{"self":[{"href":"https:\/\/cdnoticias.com\/index.php\/wp-json\/wp\/v2\/posts\/68075","targetHints":{"allow":["GET"]}}],"collection":[{"href":"https:\/\/cdnoticias.com\/index.php\/wp-json\/wp\/v2\/posts"}],"about":[{"href":"https:\/\/cdnoticias.com\/index.php\/wp-json\/wp\/v2\/types\/post"}],"author":[{"embeddable":true,"href":"https:\/\/cdnoticias.com\/index.php\/wp-json\/wp\/v2\/users\/5"}],"replies":[{"embeddable":true,"href":"https:\/\/cdnoticias.com\/index.php\/wp-json\/wp\/v2\/comments?post=68075"}],"version-history":[{"count":0,"href":"https:\/\/cdnoticias.com\/index.php\/wp-json\/wp\/v2\/posts\/68075\/revisions"}],"wp:featuredmedia":[{"embeddable":true,"href":"https:\/\/cdnoticias.com\/index.php\/wp-json\/wp\/v2\/media\/40654"}],"wp:attachment":[{"href":"https:\/\/cdnoticias.com\/index.php\/wp-json\/wp\/v2\/media?parent=68075"}],"wp:term":[{"taxonomy":"category","embeddable":true,"href":"https:\/\/cdnoticias.com\/index.php\/wp-json\/wp\/v2\/categories?post=68075"},{"taxonomy":"post_tag","embeddable":true,"href":"https:\/\/cdnoticias.com\/index.php\/wp-json\/wp\/v2\/tags?post=68075"}],"curies":[{"name":"wp","href":"https:\/\/api.w.org\/{rel}","templated":true}]}}