{"id":68061,"date":"2022-10-24T08:23:07","date_gmt":"2022-10-24T11:23:07","guid":{"rendered":"https:\/\/www.centraldenoticias.com.ar\/?p=68061"},"modified":"2022-10-24T08:23:07","modified_gmt":"2022-10-24T11:23:07","slug":"catalina-ostertag-viuda-de-weimann-q-e-p-d","status":"publish","type":"post","link":"https:\/\/cdnoticias.com\/index.php\/2022\/10\/24\/catalina-ostertag-viuda-de-weimann-q-e-p-d\/","title":{"rendered":"Catalina Ostertag viuda de Weimann (Q.E.P.D.)"},"content":{"rendered":"<p>Falleci\u00f3 en Colonia Hinojo el 23 de octubre de 2022 a los 90 a\u00f1os de edad. Sus hijos: Norma, Graciela, Marcelo, Liliana, Mar\u00eda del Carmen, Mar\u00eda Susana, Julio y Fabi\u00e1n Weimann; sus hijos pol\u00edticos; sus nietos; sus bisnietos; sus hermanas: Mar\u00eda e Irma; sus hermanas pol\u00edticas y dem\u00e1s deudos participan su fallecimiento.<\/p>\n<p>&nbsp;<\/p>\n<p>Sus restos son velados en Sala de Colonia Hinojo y ser\u00e1n inhumados en el Cementerio Municipal de Colonia Hinojo este lunes 24 de octubre a las 12:00, previa Misa de Cuerpo Presente en la Iglesia de Colonia Hinojo a las 11:30. Vecina de Colonia Hinojo. Nacida en Coronel Suarez. Jubilada y Pensionada.<\/p>\n","protected":false},"excerpt":{"rendered":"<p>Falleci\u00f3 en Colonia Hinojo el 23 de octubre de 2022 a los 90 a\u00f1os de edad. Sus hijos: Norma, Graciela,<\/p>\n","protected":false},"author":5,"featured_media":67646,"comment_status":"closed","ping_status":"closed","sticky":false,"template":"","format":"standard","meta":{"_jetpack_memberships_contains_paid_content":false,"footnotes":""},"categories":[10],"tags":[],"class_list":["post-68061","post","type-post","status-publish","format-standard","has-post-thumbnail","hentry","category-necrologicas"],"jetpack_featured_media_url":"https:\/\/i0.wp.com\/cdnoticias.com\/wp-content\/uploads\/2022\/10\/necrologicas-390-x-240.jpg?fit=390%2C240&ssl=1","jetpack_sharing_enabled":true,"_links":{"self":[{"href":"https:\/\/cdnoticias.com\/index.php\/wp-json\/wp\/v2\/posts\/68061","targetHints":{"allow":["GET"]}}],"collection":[{"href":"https:\/\/cdnoticias.com\/index.php\/wp-json\/wp\/v2\/posts"}],"about":[{"href":"https:\/\/cdnoticias.com\/index.php\/wp-json\/wp\/v2\/types\/post"}],"author":[{"embeddable":true,"href":"https:\/\/cdnoticias.com\/index.php\/wp-json\/wp\/v2\/users\/5"}],"replies":[{"embeddable":true,"href":"https:\/\/cdnoticias.com\/index.php\/wp-json\/wp\/v2\/comments?post=68061"}],"version-history":[{"count":0,"href":"https:\/\/cdnoticias.com\/index.php\/wp-json\/wp\/v2\/posts\/68061\/revisions"}],"wp:featuredmedia":[{"embeddable":true,"href":"https:\/\/cdnoticias.com\/index.php\/wp-json\/wp\/v2\/media\/67646"}],"wp:attachment":[{"href":"https:\/\/cdnoticias.com\/index.php\/wp-json\/wp\/v2\/media?parent=68061"}],"wp:term":[{"taxonomy":"category","embeddable":true,"href":"https:\/\/cdnoticias.com\/index.php\/wp-json\/wp\/v2\/categories?post=68061"},{"taxonomy":"post_tag","embeddable":true,"href":"https:\/\/cdnoticias.com\/index.php\/wp-json\/wp\/v2\/tags?post=68061"}],"curies":[{"name":"wp","href":"https:\/\/api.w.org\/{rel}","templated":true}]}}