{"id":67989,"date":"2022-10-23T19:00:31","date_gmt":"2022-10-23T22:00:31","guid":{"rendered":"https:\/\/www.centraldenoticias.com.ar\/?p=67989"},"modified":"2022-10-23T20:28:28","modified_gmt":"2022-10-23T23:28:28","slug":"el-miercoles-kicillof-en-olavarria","status":"publish","type":"post","link":"https:\/\/cdnoticias.com\/index.php\/2022\/10\/23\/el-miercoles-kicillof-en-olavarria\/","title":{"rendered":"El mi\u00e9rcoles, Kicillof en Olavarr\u00eda"},"content":{"rendered":"<p>El gobernador estar\u00e1 en el Parque \u201cSenador Lara\u201d frente al monumento a San Mart\u00edn.<\/p>\n<p><!--more--><\/p>\n<hr \/>\n<p><strong>El gobernador Axel Kicillof llegar\u00e1 el mi\u00e9rcoles a Olavarr\u00eda<\/strong>: se anunci\u00f3 este domingo de manera oficial.<\/p>\n<p>&nbsp;<\/p>\n<p><strong>\u201cAxel en Olavarr\u00eda\u201d reza la convocatoria para las 17 en el Parque \u201cSenador Lara\u201d<\/strong> frente al monumento a San Mart\u00edn en lo que, se espera, ser\u00e1 <strong>un acto abierto.<\/strong><\/p>\n<p><img data-recalc-dims=\"1\" loading=\"lazy\" decoding=\"async\" class=\"alignnone size-full wp-image-67990\" src=\"https:\/\/i0.wp.com\/cdnoticias.com\/wp-content\/uploads\/2022\/10\/kicillof-acto-olavarria.jpg?resize=600%2C600&#038;ssl=1\" alt=\"\" width=\"600\" height=\"600\" srcset=\"https:\/\/i0.wp.com\/cdnoticias.com\/wp-content\/uploads\/2022\/10\/kicillof-acto-olavarria.jpg?w=600&amp;ssl=1 600w, https:\/\/i0.wp.com\/cdnoticias.com\/wp-content\/uploads\/2022\/10\/kicillof-acto-olavarria.jpg?resize=300%2C300&amp;ssl=1 300w, https:\/\/i0.wp.com\/cdnoticias.com\/wp-content\/uploads\/2022\/10\/kicillof-acto-olavarria.jpg?resize=150%2C150&amp;ssl=1 150w\" sizes=\"auto, (max-width: 600px) 100vw, 600px\" \/><\/p>\n<p><strong>Central de Noticias<\/strong> hab\u00eda dado a conocer en las \u00faltimas horas las<a href=\"https:\/\/cdnoticias.com\/index.php\/2022\/10\/23\/kicillof-resalto-la-obra-del-barrio-educadores\/\" target=\"_blank\" rel=\"noopener\"> expresiones del mandatario en redes sobre el<strong> avance del barrio Educadores<\/strong><\/a> y trascendi\u00f3 que tambi\u00e9n har\u00e1 una recorrida por la obra de construcci\u00f3n.<\/p>\n<p>&nbsp;<\/p>\n<p>Hace unos diez d\u00edas, <a href=\"https:\/\/cdnoticias.com\/index.php\/2022\/10\/12\/wesner-se-reunio-con-kicillof-y-le-confirmo-una-visita-a-olavarria-en-los-proximos-dias\/\" target=\"_blank\" rel=\"noopener\">Kicillof recibi\u00f3 al concejal Maxiliano Wesner<\/a> y se comprometi\u00f3 con \u00e9l a regresar a nuestra ciudad.<\/p>\n<p>&nbsp;<\/p>\n<p><strong>En agosto de 2021, Axel Kicillof particip\u00f3 de un acto en el mismo punto al que llegar\u00e1 el mi\u00e9rcoles<\/strong> <em>(foto de tapa)<\/em>, aunque en ese caso se trat\u00f3 de una actividad impulsada por Presidencia de la Naci\u00f3n donde estuvieron Alberto Fern\u00e1ndez y Sergio Massa, entre otros dirigentes nacionales.<\/p>\n<p>&nbsp;<\/p>\n<p>&nbsp;<\/p>\n<p>&nbsp;<\/p>\n","protected":false},"excerpt":{"rendered":"<p>El gobernador estar\u00e1 en el Parque \u201cSenador Lara\u201d frente al monumento a San Mart\u00edn.<\/p>\n","protected":false},"author":4,"featured_media":29583,"comment_status":"closed","ping_status":"closed","sticky":false,"template":"","format":"standard","meta":{"_jetpack_memberships_contains_paid_content":false,"footnotes":""},"categories":[4,1],"tags":[],"class_list":["post-67989","post","type-post","status-publish","format-standard","has-post-thumbnail","hentry","category-politica","category-portada"],"jetpack_featured_media_url":"https:\/\/i0.wp.com\/cdnoticias.com\/wp-content\/uploads\/2021\/08\/AB1313_2.jpg?fit=2602%2C1733&ssl=1","jetpack_sharing_enabled":true,"_links":{"self":[{"href":"https:\/\/cdnoticias.com\/index.php\/wp-json\/wp\/v2\/posts\/67989","targetHints":{"allow":["GET"]}}],"collection":[{"href":"https:\/\/cdnoticias.com\/index.php\/wp-json\/wp\/v2\/posts"}],"about":[{"href":"https:\/\/cdnoticias.com\/index.php\/wp-json\/wp\/v2\/types\/post"}],"author":[{"embeddable":true,"href":"https:\/\/cdnoticias.com\/index.php\/wp-json\/wp\/v2\/users\/4"}],"replies":[{"embeddable":true,"href":"https:\/\/cdnoticias.com\/index.php\/wp-json\/wp\/v2\/comments?post=67989"}],"version-history":[{"count":0,"href":"https:\/\/cdnoticias.com\/index.php\/wp-json\/wp\/v2\/posts\/67989\/revisions"}],"wp:featuredmedia":[{"embeddable":true,"href":"https:\/\/cdnoticias.com\/index.php\/wp-json\/wp\/v2\/media\/29583"}],"wp:attachment":[{"href":"https:\/\/cdnoticias.com\/index.php\/wp-json\/wp\/v2\/media?parent=67989"}],"wp:term":[{"taxonomy":"category","embeddable":true,"href":"https:\/\/cdnoticias.com\/index.php\/wp-json\/wp\/v2\/categories?post=67989"},{"taxonomy":"post_tag","embeddable":true,"href":"https:\/\/cdnoticias.com\/index.php\/wp-json\/wp\/v2\/tags?post=67989"}],"curies":[{"name":"wp","href":"https:\/\/api.w.org\/{rel}","templated":true}]}}