{"id":67988,"date":"2022-10-23T16:35:52","date_gmt":"2022-10-23T19:35:52","guid":{"rendered":"https:\/\/www.centraldenoticias.com.ar\/?p=67988"},"modified":"2022-10-23T16:35:52","modified_gmt":"2022-10-23T19:35:52","slug":"el-frente-de-todos-se-lleva-las-miradas-con-el-gobernador-en-el-horizonte","status":"publish","type":"post","link":"https:\/\/cdnoticias.com\/index.php\/2022\/10\/23\/el-frente-de-todos-se-lleva-las-miradas-con-el-gobernador-en-el-horizonte\/","title":{"rendered":"El Frente de Todos se lleva las miradas con el gobernador en el horizonte"},"content":{"rendered":"<p><span style=\"font-weight: 400;\">Se dieron al menos tres escenarios con distintas figuras del Frente de Todos y del peronismo, incluyendo el D\u00eda de la Lealtad; y un par para prestar atenci\u00f3n al oficialismo local entre ellos la \u201cCumbre de Alcaldes\u201d. El regreso de Kicillof.<\/span><!--more--><\/p>\n<hr \/>\n<p><em>(Este es un extracto del newsletter Volver a las Fuentes*, realizado por Josefina Bargas y Alexis Grierson.\u00a0<a href=\"https:\/\/mailchi.mp\/9cb68f8eb497\/los-escenarios-del-frente-de-todos-y-kicillof-en-el-horizonte?e=e4ffb04d40\" target=\"_blank\" rel=\"noopener\">La versi\u00f3n completa la pueden leer ac\u00e1<\/a>).\u00a0<\/em><\/p>\n<p>&nbsp;<\/p>\n<p><span style=\"text-decoration: underline;\"><strong>Dale play a la Marcha Peronista<\/strong><\/span><\/p>\n<p>&nbsp;<\/p>\n<p>Tres actos durante la semana pusieron la lupa sobre <strong>tres figuras distintas del Frente de Todos\u00a0de Olavarr\u00eda<\/strong>. Y si se ampl\u00eda el espectro para incluir al peronismo hay m\u00e1s escenarios y m\u00e1s figuras para mirar.<\/p>\n<p>&nbsp;<\/p>\n<p>El lunes fue el\u00a0<strong>D\u00eda de la Lealtad, fecha clave para el sector peronista<\/strong>. La\u00a0disgregaci\u00f3n nacional de actos\u00a0y pronunciamientos tuvo su correlato en Olavarr\u00eda. La verdad que era hasta llamativo: faltaban pocas horas para que se iniciara el 17 de octubre y no hab\u00eda convocatorias en Olavarr\u00eda.\u00a0\u00bf\u00cdbamos a tener que poner la Marcha en Spotify y mirar viejos actos por Youtube incluso aquel del dirigente que hizo el acting de abrir las puertas del PJ?<\/p>\n<p>&nbsp;<\/p>\n<p><a href=\"https:\/\/cdnoticias.com\/index.php\/2022\/10\/17\/el-frente-sindical-y-gremial-de-olavarria-se-pronuncio-en-el-dia-de-la-lealtad-y-unidad\/\" target=\"_blank\" rel=\"noopener\">Un\u00a0comunicado del Frente Sindical y Gremial<\/a>\u00a0abri\u00f3 la conmemoraci\u00f3n aunque s\u00f3lo con un pronunciamiento. Fue por el\u00a0<strong>\u201cD\u00eda de la Lealtad y la Unidad\u201d\u00a0con eje en el rol de los trabajadores<\/strong> y un llamado a\u00a0frenar la \u201cavanzada neoliberal\u201d. No hubo mensaje partidario directo en el comunicado que firmaron 27 gremios, tampoco hac\u00eda falta. Ante la dispersi\u00f3n nacional en el propio Frente de Todos, la palabra \u201cunidad\u201d en el nombre ya era el mensaje. Aunque tambi\u00e9n puede leerse en el marco de la\u00a0<strong>disputa local por el armado de la CGT<\/strong>.<\/p>\n<p>&nbsp;<\/p>\n<p><strong>Y al final hubo dos actos<\/strong>. Primero movi\u00f3 las fichas\u00a0<strong>Generaci\u00f3n Bicentenario<\/strong>, la agrupaci\u00f3n formada el a\u00f1o pasado con Alan Aguirre como referente. La convocatoria fue en el parque, frente a los bustos de Per\u00f3n y Eva, donde habitualmente hacen sus actos los integrantes del peronismo m\u00e1s tradicional de la ciudad. Y claro, ellos estaban all\u00ed.\u00a0Alberto Lestelle, \u201cPano\u201d Vega, Domingo Soraiz, estuvieron para cantar la marcha. Y <a href=\"https:\/\/cdnoticias.com\/index.php\/2022\/10\/17\/generacion-bicentenario-y-otras-agrupaciones-conmemoraron-el-dia-de-la-lealtad\/\" target=\"_blank\" rel=\"noopener\">Generaci\u00f3n Bicentenario puso los oradores, todos con discursos centrados en recordar el origen de la fecha<\/a> y la figura de Per\u00f3n para\u00a0proyectar desde ah\u00ed <strong>un peronismo anclado en los valores que le dieron nacimiento.<\/strong><\/p>\n<p><img data-recalc-dims=\"1\" loading=\"lazy\" decoding=\"async\" class=\"size-large wp-image-67420 aligncenter\" src=\"https:\/\/i0.wp.com\/cdnoticias.com\/wp-content\/uploads\/2022\/10\/WhatsApp-Image-2022-10-17-at-18.19.45.jpeg?resize=800%2C600&#038;ssl=1\" alt=\"\" width=\"800\" height=\"600\" srcset=\"https:\/\/i0.wp.com\/cdnoticias.com\/wp-content\/uploads\/2022\/10\/WhatsApp-Image-2022-10-17-at-18.19.45.jpeg?resize=1024%2C768&amp;ssl=1 1024w, https:\/\/i0.wp.com\/cdnoticias.com\/wp-content\/uploads\/2022\/10\/WhatsApp-Image-2022-10-17-at-18.19.45.jpeg?resize=300%2C225&amp;ssl=1 300w, https:\/\/i0.wp.com\/cdnoticias.com\/wp-content\/uploads\/2022\/10\/WhatsApp-Image-2022-10-17-at-18.19.45.jpeg?resize=768%2C576&amp;ssl=1 768w, https:\/\/i0.wp.com\/cdnoticias.com\/wp-content\/uploads\/2022\/10\/WhatsApp-Image-2022-10-17-at-18.19.45.jpeg?resize=1536%2C1152&amp;ssl=1 1536w, https:\/\/i0.wp.com\/cdnoticias.com\/wp-content\/uploads\/2022\/10\/WhatsApp-Image-2022-10-17-at-18.19.45.jpeg?w=1600&amp;ssl=1 1600w\" sizes=\"auto, (max-width: 800px) 100vw, 800px\" \/><\/p>\n<p>&nbsp;<\/p>\n<p><strong>En el Sal\u00f3n de AOMA, el\u00a0Partido Justicialista<\/strong>\u00a0convoc\u00f3 al segundo acto al que\u00a0asistieron referentes de <strong>todos los sectores del Frente de Todos local<\/strong>.\u00a0<strong>Federico Aguilera\u00a0fue la figura principal<\/strong> y el clima fue de fiesta con entrega de<a href=\"https:\/\/cdnoticias.com\/index.php\/2022\/10\/18\/dia-de-la-lealtad-en-el-pj-en-olavarria-tenemos-el-compromiso-de-dejar-de-tener-un-gobierno-mediocre\/\" target=\"_blank\" rel=\"noopener\"> reconocimientos a militantes y figuras destacadas del partido<\/a> que sirvieron para homenajear a quienes \u201chace 40 a\u00f1os que militan y nunca pidieron ning\u00fan cargo\u201d.<\/p>\n<p>&nbsp;<\/p>\n<p>El acto comenz\u00f3 con un video en el que se repasaron los resultados electorales desde los a\u00f1os 50 hasta ahora del peronismo en Olavarr\u00eda y que cerr\u00f3 destacando que <strong>Aguilera obtuvo \u201cel mejor resultado\u201d hist\u00f3rico en caudal de votos en 2021<\/strong>. As\u00ed se dio paso al discurso del presidente del PJ quien areng\u00f3 a mirar al 2023 para obtener una victoria y \u201cdejar de tener un gobierno mediocre\u201d. Fue de neto corte local y muy breve para dar paso a la entrega de distinciones para la que fueron invitados tambi\u00e9n <strong>Guillermo Santell\u00e1n, Mercedes Land\u00edvar, Maxi Wesner y Alejandro Santill\u00e1n<\/strong>.<\/p>\n<p>&nbsp;<\/p>\n<p>Hubo lugar para el recuerdo y la nostalgia, pero sobre todo se impuso la alegr\u00eda de los reconocidos. <strong>El cierre fue de H\u00e9ctor Llera.<\/strong><\/p>\n<p>&nbsp;<\/p>\n<p><img data-recalc-dims=\"1\" loading=\"lazy\" decoding=\"async\" class=\"size-full wp-image-67465 aligncenter\" src=\"https:\/\/i0.wp.com\/cdnoticias.com\/wp-content\/uploads\/2022\/10\/dia-de-la-lealtad-00.jpg?resize=800%2C445&#038;ssl=1\" alt=\"\" width=\"800\" height=\"445\" srcset=\"https:\/\/i0.wp.com\/cdnoticias.com\/wp-content\/uploads\/2022\/10\/dia-de-la-lealtad-00.jpg?w=800&amp;ssl=1 800w, https:\/\/i0.wp.com\/cdnoticias.com\/wp-content\/uploads\/2022\/10\/dia-de-la-lealtad-00.jpg?resize=300%2C167&amp;ssl=1 300w, https:\/\/i0.wp.com\/cdnoticias.com\/wp-content\/uploads\/2022\/10\/dia-de-la-lealtad-00.jpg?resize=768%2C427&amp;ssl=1 768w\" sizes=\"auto, (max-width: 800px) 100vw, 800px\" \/><\/p>\n<p>&nbsp;<\/p>\n<p><strong>Un discurso rompi\u00f3 con el corte local: Mat\u00edas Moreno<\/strong>\u00a0recibi\u00f3 un reconocimiento en nombre de su padre y evidenci\u00f3 en sus palabras el quiebre entre La C\u00e1mpora y el gobierno de Alberto Fern\u00e1ndez, con reivindicaci\u00f3n a las gestiones de N\u00e9stor Kirchner y Cristina Fern\u00e1ndez.\u00a0<strong>\u201cLa \u00fanica esperanza para revertir esta situaci\u00f3n es desde el movimiento justicialista\u201d<\/strong>\u00a0dijo despu\u00e9s de dejar en claro que ten\u00eda presente que sus pies estaban en tierra de AOMA.<\/p>\n<p>&nbsp;<\/p>\n<p>En tanto, <a href=\"https:\/\/cdnoticias.com\/index.php\/2022\/10\/17\/dia-de-la-lealtad-cesar-valicenti-y-olavarrienses-participaron-del-acto-en-plaza-de-mayo\/\" target=\"_blank\" rel=\"noopener\">C\u00e9sar Valicenti se mostr\u00f3 en el acto de Plaza de Mayo<\/a> donde se concret\u00f3 la movilizaci\u00f3n organizada por el PJ, Pablo Moyano, las CTA y La C\u00e1mpora.<\/p>\n<p>&nbsp;<\/p>\n<p><img data-recalc-dims=\"1\" loading=\"lazy\" decoding=\"async\" class=\"size-large wp-image-67444 aligncenter\" src=\"https:\/\/i0.wp.com\/cdnoticias.com\/wp-content\/uploads\/2022\/10\/campora-capital1.jpg?resize=800%2C533&#038;ssl=1\" alt=\"\" width=\"800\" height=\"533\" srcset=\"https:\/\/i0.wp.com\/cdnoticias.com\/wp-content\/uploads\/2022\/10\/campora-capital1.jpg?resize=1024%2C682&amp;ssl=1 1024w, https:\/\/i0.wp.com\/cdnoticias.com\/wp-content\/uploads\/2022\/10\/campora-capital1.jpg?resize=300%2C200&amp;ssl=1 300w, https:\/\/i0.wp.com\/cdnoticias.com\/wp-content\/uploads\/2022\/10\/campora-capital1.jpg?resize=768%2C512&amp;ssl=1 768w, https:\/\/i0.wp.com\/cdnoticias.com\/wp-content\/uploads\/2022\/10\/campora-capital1.jpg?resize=272%2C182&amp;ssl=1 272w, https:\/\/i0.wp.com\/cdnoticias.com\/wp-content\/uploads\/2022\/10\/campora-capital1.jpg?w=1280&amp;ssl=1 1280w\" sizes=\"auto, (max-width: 800px) 100vw, 800px\" \/><\/p>\n<p>&nbsp;<\/p>\n<p><span style=\"text-decoration: underline;\"><strong>Espacio de la Memoria, y convocatoria a la unidad<\/strong><\/span><\/p>\n<p>&nbsp;<\/p>\n<p>Si hay algo que no se puede negar, es que <strong>dentro del peronismo hay\u00a0un sector que no para de llamar a la unidad<\/strong>, que no para de convocar a trabajar en conjunto, a\u00fan en las diferencias. Y <strong>ah\u00ed estuvo\u00a0C\u00e9sar Valicenti, con pr\u00e1cticamente todos los sectores del Frente de Todos de Olavarr\u00eda (excepto el Frente Renovador)\u00a0<\/strong>con un discurso que\u00a0<strong>interpel\u00f3 desde los derechos humanos a la gesti\u00f3n local<\/strong>, pero adem\u00e1s pidi\u00f3\u00a0evitar el fuego interno y trabajar en conjunto, aunque haya diferencias internas que se podr\u00edan dirimir, incluso, en eventuales internas.<\/p>\n<p>&nbsp;<\/p>\n<p>En di\u00e1logo con este newsletter, varios dirigentes dieron fe de esta intenci\u00f3n del referente de la Secci\u00f3n:\u00a0<em>\u201cLa idea es sumar agrupaciones dentro del peronismo y hacer cada vez m\u00e1s grande el Frente de Todos en Olavarr\u00eda\u2026 imaginate a nivel nacional hay sectores peleados como si fuera algo irreversible y ac\u00e1 en la ciudad trabajan todos codo a codo\u201d<\/em>\u00a0dijeron. Uno de los ejemplos de la semana fue -otra vez- La C\u00e1mpora vs Movimiento Evita.<\/p>\n<p>&nbsp;<\/p>\n<blockquote class=\"wp-embedded-content\" data-secret=\"1n1LtTHU0Q\"><p><a href=\"https:\/\/cdnoticias.com\/index.php\/2022\/10\/21\/con-emocion-y-reparacion-se-firmo-el-convenio-para-que-monte-pelloni-sea-espacio-de-la-memoria\/\">Con emoci\u00f3n y reparaci\u00f3n se firm\u00f3 el convenio para que Monte Pelloni sea Espacio de la Memoria<\/a><\/p><\/blockquote>\n<p><iframe loading=\"lazy\" class=\"wp-embedded-content\" sandbox=\"allow-scripts\" security=\"restricted\" style=\"position: absolute; clip: rect(1px, 1px, 1px, 1px);\" title=\"&#8220;Con emoci\u00f3n y reparaci\u00f3n se firm\u00f3 el convenio para que Monte Pelloni sea Espacio de la Memoria&#8221; &#8212; Central de Noticias | Olavarr\u00eda\" src=\"https:\/\/cdnoticias.com\/index.php\/2022\/10\/21\/con-emocion-y-reparacion-se-firmo-el-convenio-para-que-monte-pelloni-sea-espacio-de-la-memoria\/embed\/#?secret=Ss4RtNxBU8#?secret=1n1LtTHU0Q\" data-secret=\"1n1LtTHU0Q\" width=\"600\" height=\"338\" frameborder=\"0\" marginwidth=\"0\" marginheight=\"0\" scrolling=\"no\"><\/iframe><\/p>\n<p>&nbsp;<\/p>\n<p>En concreto,\u00a0Valicenti pidi\u00f3 <strong>trabajar \u201ccon grandeza, construir con amor y representar a una porci\u00f3n cada vez m\u00e1s grande de argentinos\u201d<\/strong>.\u00a0Y despu\u00e9s\u00a0expuso\u00a0<strong>algunas cr\u00edticas internas sobre funcionarios del espacio<\/strong>\u00a0que, en su momento, militaron por causas como la de Monte Pelloni, por ejemplo. \u201cEn 2016 hab\u00eda compa\u00f1eros y compa\u00f1eras que cortaban el pasto para no olvidar el Monte Pelloni y hoy tienen responsabilidades institucionales\u2026 ojo, que hoy el poder lo tengan esos compa\u00f1eros nos tiene que hermanar, no enfrentar\u201d.<\/p>\n<p>&nbsp;<\/p>\n<p><strong>Se acord\u00f3 del Municipio, que\u00a0\u201cno tiene Secretar\u00eda de Derechos Humanos,<\/strong> hay que pedirle por favor que corte el pasto, una Municipalidad que no tiene un cuadro de un detenido\/desaparecido en ninguna oficina del Estado, ac\u00e1, en este lugar\u201d.<\/p>\n<p><img data-recalc-dims=\"1\" loading=\"lazy\" decoding=\"async\" class=\"size-full wp-image-67869 aligncenter\" src=\"https:\/\/i0.wp.com\/cdnoticias.com\/wp-content\/uploads\/2022\/10\/MontePelloniMemoria27.jpg?resize=720%2C480&#038;ssl=1\" alt=\"\" width=\"720\" height=\"480\" srcset=\"https:\/\/i0.wp.com\/cdnoticias.com\/wp-content\/uploads\/2022\/10\/MontePelloniMemoria27.jpg?w=720&amp;ssl=1 720w, https:\/\/i0.wp.com\/cdnoticias.com\/wp-content\/uploads\/2022\/10\/MontePelloniMemoria27.jpg?resize=300%2C200&amp;ssl=1 300w, https:\/\/i0.wp.com\/cdnoticias.com\/wp-content\/uploads\/2022\/10\/MontePelloniMemoria27.jpg?resize=272%2C182&amp;ssl=1 272w\" sizes=\"auto, (max-width: 720px) 100vw, 720px\" \/><\/p>\n<p>&nbsp;<\/p>\n<p>Para cerrar,\u00a0pidi\u00f3 \u201cexigirle\u201d m\u00e1s al Municipio \u201cque es de todos\u201d\u00a0y Valicenti se anot\u00f3 como una referencia directa de cara a lo que viene: <strong>\u201cSoy un peleador nato por lo que creo y lo que quiero, y voy a seguir peleando, porque as\u00ed llegamos hasta ac\u00e1\u201d<\/strong>.<\/p>\n<p>&nbsp;<\/p>\n<p><span style=\"text-decoration: underline;\"><strong>Axel y el Educadores, la visita<\/strong><\/span><\/p>\n<p>&nbsp;<\/p>\n<p>Entre el viernes y el s\u00e1bado,\u00a0<a href=\"https:\/\/cdnoticias.com\/index.php\/2022\/10\/23\/kicillof-resalto-la-obra-del-barrio-educadores\/\" target=\"_blank\" rel=\"noopener\">el Ministerio de H\u00e1bitat y Axel Kicillof destacaron la construcci\u00f3n de la \u00faltima etapa del barrio Educadores<\/a> en redes. \u00bfTe acord\u00e1s que la semana pasada hablamos de la reuni\u00f3n que Maxi Wesner estuvo con el gobernador? <a href=\"https:\/\/cdnoticias.com\/index.php\/2022\/10\/12\/wesner-se-reunio-con-kicillof-y-le-confirmo-una-visita-a-olavarria-en-los-proximos-dias\/\" target=\"_blank\" rel=\"noopener\">\u00bfY que Kicillof se comprometi\u00f3 a venir a la ciudad en el corto plazo y ser\u00eda para fin de mes?<\/a><\/p>\n<p>&nbsp;<\/p>\n<p>Bueno, estar\u00eda todo dado para que\u00a0en la pr\u00f3xima edici\u00f3n tengamos <strong>algo para contarte que relacione al gobernador con el barrio Educadores<\/strong>. Qui\u00e9n te dice, tambi\u00e9n una foto. <strong>La fecha se\u00f1alada ser\u00eda\u00a0el mi\u00e9rcoles<\/strong>, as\u00ed lo mencionaron los beneficiarios que podr\u00edan asistir a la recorrida estipulada.<\/p>\n<p>&nbsp;<\/p>\n<blockquote class=\"wp-embedded-content\" data-secret=\"UUHt9vqNz9\"><p><a href=\"https:\/\/cdnoticias.com\/index.php\/2022\/10\/23\/el-miercoles-kicillof-en-olavarria\/\">El mi\u00e9rcoles, Kicillof en Olavarr\u00eda<\/a><\/p><\/blockquote>\n<p><iframe loading=\"lazy\" class=\"wp-embedded-content\" sandbox=\"allow-scripts\" security=\"restricted\" style=\"position: absolute; clip: rect(1px, 1px, 1px, 1px);\" title=\"&#8220;El mi\u00e9rcoles, Kicillof en Olavarr\u00eda&#8221; &#8212; Central de Noticias | Olavarr\u00eda\" src=\"https:\/\/cdnoticias.com\/index.php\/2022\/10\/23\/el-miercoles-kicillof-en-olavarria\/embed\/#?secret=xOKpjn6djU#?secret=UUHt9vqNz9\" data-secret=\"UUHt9vqNz9\" width=\"600\" height=\"338\" frameborder=\"0\" marginwidth=\"0\" marginheight=\"0\" scrolling=\"no\"><\/iframe><\/p>\n<p>De concretarse -obvio que tenemos en cuenta que una agenda como la de Kicillof tiene alt\u00edsima movilidad-, <strong>ser\u00e1 una nueva visita del gobernador a nuestra ciudad<\/strong>. Siempre ha venido por distintas razones: desde campa\u00f1a, hasta varias gestiones en distintos temas, incluso a poner en funciones a m\u00e1s de mil polic\u00edas rurales.<\/p>\n<p><strong>Adem\u00e1s del barrio Educadores,\u00a0sigue dentro de las posibilidades la chance de que Kicillof<\/strong> entregue escrituras, tal como hab\u00eda sido anticipado en un acto de firma semanas atr\u00e1s.<\/p>\n<p>&nbsp;<\/p>\n<p><img data-recalc-dims=\"1\" loading=\"lazy\" decoding=\"async\" class=\"size-full wp-image-66582 aligncenter\" src=\"https:\/\/i0.wp.com\/cdnoticias.com\/wp-content\/uploads\/2022\/10\/barrio-educadores-4.jpg?resize=800%2C450&#038;ssl=1\" alt=\"\" width=\"800\" height=\"450\" srcset=\"https:\/\/i0.wp.com\/cdnoticias.com\/wp-content\/uploads\/2022\/10\/barrio-educadores-4.jpg?w=800&amp;ssl=1 800w, https:\/\/i0.wp.com\/cdnoticias.com\/wp-content\/uploads\/2022\/10\/barrio-educadores-4.jpg?resize=300%2C169&amp;ssl=1 300w, https:\/\/i0.wp.com\/cdnoticias.com\/wp-content\/uploads\/2022\/10\/barrio-educadores-4.jpg?resize=768%2C432&amp;ssl=1 768w\" sizes=\"auto, (max-width: 800px) 100vw, 800px\" \/><\/p>\n<p>&nbsp;<\/p>\n<p><span style=\"text-decoration: underline;\"><strong>Prend\u00e9 la tablet<\/strong><\/span><\/p>\n<p>&nbsp;<\/p>\n<p><strong>Despu\u00e9s de meses de consultas de vecinos de la ciudad,\u00a0<a href=\"https:\/\/cdnoticias.com\/index.php\/2022\/10\/18\/enacom-entrego-615-tablets-a-vecinos-de-olavarria\/\" target=\"_blank\" rel=\"noopener\">Enacom entreg\u00f3 615 tablets en Olavarr\u00eda<\/a><\/strong>. Pero para llegar hasta ah\u00ed <a href=\"https:\/\/cdnoticias.com\/index.php\/2022\/07\/04\/eduardo-rodriguez-el-enacom-anuncio-la-primera-entrega-de-350-tablets-para-olavarria\/\" target=\"_blank\" rel=\"noopener\">hubo\u00a0<strong>gestiones de Eduardo Rodr\u00edguez<\/strong><\/a>, quien fue figura destacada en el acto que comparti\u00f3 en el Fort\u00edn con\u00a0<strong>Ezequiel Galli y Maximiliano Wesner<\/strong>, esta vez como titular de Anses.<\/p>\n<p>&nbsp;<\/p>\n<p>Prim\u00f3 la <strong>concordia con el intendente<\/strong> y la intenci\u00f3n de mostrar que el primer objetivo es <strong>responder a la demanda de los vecinos.\u00a0<\/strong><\/p>\n<p>&nbsp;<\/p>\n<p><img data-recalc-dims=\"1\" loading=\"lazy\" decoding=\"async\" class=\"size-large wp-image-67492 aligncenter\" src=\"https:\/\/i0.wp.com\/cdnoticias.com\/wp-content\/uploads\/2022\/10\/entrega-tablets-11.jpg?resize=800%2C480&#038;ssl=1\" alt=\"\" width=\"800\" height=\"480\" srcset=\"https:\/\/i0.wp.com\/cdnoticias.com\/wp-content\/uploads\/2022\/10\/entrega-tablets-11-scaled.jpg?resize=1024%2C614&amp;ssl=1 1024w, https:\/\/i0.wp.com\/cdnoticias.com\/wp-content\/uploads\/2022\/10\/entrega-tablets-11-scaled.jpg?resize=300%2C180&amp;ssl=1 300w, https:\/\/i0.wp.com\/cdnoticias.com\/wp-content\/uploads\/2022\/10\/entrega-tablets-11-scaled.jpg?resize=768%2C461&amp;ssl=1 768w, https:\/\/i0.wp.com\/cdnoticias.com\/wp-content\/uploads\/2022\/10\/entrega-tablets-11-scaled.jpg?resize=1536%2C922&amp;ssl=1 1536w, https:\/\/i0.wp.com\/cdnoticias.com\/wp-content\/uploads\/2022\/10\/entrega-tablets-11-scaled.jpg?resize=2048%2C1229&amp;ssl=1 2048w, https:\/\/i0.wp.com\/cdnoticias.com\/wp-content\/uploads\/2022\/10\/entrega-tablets-11-scaled.jpg?w=1600&amp;ssl=1 1600w, https:\/\/i0.wp.com\/cdnoticias.com\/wp-content\/uploads\/2022\/10\/entrega-tablets-11-scaled.jpg?w=2400&amp;ssl=1 2400w\" sizes=\"auto, (max-width: 800px) 100vw, 800px\" \/><\/p>\n<p><strong>Por parte del\u00a0m\u00e1ximo referente del massismo, adem\u00e1s, se encarg\u00f3 de nombrar a los que hab\u00eda que nombrar<\/strong>:\u00a0\u201ccelebramos esta iniciativa del Gobierno Nacional, de nuestro presidente Alberto Fern\u00e1ndez, la vicepresidenta Cristina Fern\u00e1ndez de Kirchner y nuestro Ministro de Econom\u00eda, Sergio Massa, a trav\u00e9s del Enacom, bajo la Direcci\u00f3n de Claudio Ambrosini\u201d. Y repas\u00f3 m\u00e1s medidas del Ente de Comunicaciones que tuvieron a Olavarr\u00eda como beneficiaria.<\/p>\n<p>&nbsp;<\/p>\n<p>En todos estos actos, como dijimos, <strong>los reflectores se encendieron sobre distintas figuras del Frente: Aguilera, Valicenti, Rodr\u00edguez<\/strong>. Y adem\u00e1s en el omnipresente <strong>Wesner<\/strong>. M\u00e1s adelante vamos a se\u00f1alar tambi\u00e9n a <strong>Mercedes Land\u00edvar.\u00a0<\/strong><\/p>\n<p>&nbsp;<\/p>\n<p><span style=\"text-decoration: underline;\"><strong>Galli en la red de Juntos<\/strong><\/span><\/p>\n<p>&nbsp;<\/p>\n<p>Ezequiel Galli tuvo una semana relativamente tranquila. Su agenda sigui\u00f3 con\u00a0<strong>recorridas por obras, en las que destac\u00f3 especialmente las vinculadas con infraestructura escolar<\/strong>. <a href=\"https:\/\/cdnoticias.com\/index.php\/2022\/10\/21\/avance-de-obras-en-las-escuelas-secundarias-no-14-y-no-20\/\" target=\"_blank\" rel=\"noopener\">Foto y declaraci\u00f3n mediante, no tiene competencia en ese rubro<\/a>.<\/p>\n<p><img data-recalc-dims=\"1\" loading=\"lazy\" decoding=\"async\" class=\"size-large wp-image-67883 aligncenter\" src=\"https:\/\/i0.wp.com\/cdnoticias.com\/wp-content\/uploads\/2022\/10\/Obras-Recorrida-Secundaria-N%C2%B014-1-scaled-1-1024x684.jpg?resize=800%2C534&#038;ssl=1\" alt=\"\" width=\"800\" height=\"534\" srcset=\"https:\/\/i0.wp.com\/cdnoticias.com\/wp-content\/uploads\/2022\/10\/Obras-Recorrida-Secundaria-N%C2%B014-1-scaled-1.jpg?resize=1024%2C684&amp;ssl=1 1024w, https:\/\/i0.wp.com\/cdnoticias.com\/wp-content\/uploads\/2022\/10\/Obras-Recorrida-Secundaria-N%C2%B014-1-scaled-1.jpg?resize=300%2C201&amp;ssl=1 300w, https:\/\/i0.wp.com\/cdnoticias.com\/wp-content\/uploads\/2022\/10\/Obras-Recorrida-Secundaria-N%C2%B014-1-scaled-1.jpg?resize=768%2C513&amp;ssl=1 768w, https:\/\/i0.wp.com\/cdnoticias.com\/wp-content\/uploads\/2022\/10\/Obras-Recorrida-Secundaria-N%C2%B014-1-scaled-1.jpg?resize=1536%2C1027&amp;ssl=1 1536w, https:\/\/i0.wp.com\/cdnoticias.com\/wp-content\/uploads\/2022\/10\/Obras-Recorrida-Secundaria-N%C2%B014-1-scaled-1.jpg?resize=2048%2C1369&amp;ssl=1 2048w, https:\/\/i0.wp.com\/cdnoticias.com\/wp-content\/uploads\/2022\/10\/Obras-Recorrida-Secundaria-N%C2%B014-1-scaled-1.jpg?resize=272%2C182&amp;ssl=1 272w, https:\/\/i0.wp.com\/cdnoticias.com\/wp-content\/uploads\/2022\/10\/Obras-Recorrida-Secundaria-N%C2%B014-1-scaled-1.jpg?w=1600&amp;ssl=1 1600w, https:\/\/i0.wp.com\/cdnoticias.com\/wp-content\/uploads\/2022\/10\/Obras-Recorrida-Secundaria-N%C2%B014-1-scaled-1.jpg?w=2400&amp;ssl=1 2400w\" sizes=\"auto, (max-width: 800px) 100vw, 800px\" \/><\/p>\n<p>&nbsp;<\/p>\n<p>Esta semana <strong><a href=\"https:\/\/cdnoticias.com\/index.php\/2022\/10\/20\/el-intendente-galli-participo-de-la-cumbre-mundial-de-alcaldes-c40\/\" target=\"_blank\" rel=\"noopener\">form\u00f3 parte de la\u00a0Cumbre Mundial de Alcaldes C40<\/a>, una actividad que tuvo a Rodr\u00edguez Larreta como anfitri\u00f3n<\/strong> en la que aprovech\u00f3 para hacer\u00a0una especie de demostraci\u00f3n de fuerza con sus apoyos entre los intendentes\u00a0en lo que se ley\u00f3 como un mensaje hacia adentro del Pro donde sigue la disputa por la pr\u00f3xima candidatura presidencial con Patricia Bullrich y los tironeos con Mauricio Macri.<\/p>\n<p>&nbsp;<\/p>\n<p><strong>\u201cUna gran experiencia para poder debatir el futuro que queremos, en la que reafirmamos nuestro compromiso de trabajar por y en ciudades cada vez m\u00e1s sustentables\u201d<\/strong>\u00a0dijo Ezequiel Galli tras esta reuni\u00f3n.<\/p>\n<p>&nbsp;<\/p>\n<p>Pero vamos a detenernos en\u00a0otro <strong>hecho \u201ctuitero\u201d<\/strong>\u00a0de la semana.<\/p>\n<p>&nbsp;<\/p>\n<p><span style=\"text-decoration: underline;\"><strong>Un veto y despu\u00e9s<\/strong><\/span><\/p>\n<p>&nbsp;<\/p>\n<p><strong>Mercedes Land\u00edvar\u00a0dio la noticia por Facebook y se quej\u00f3<\/strong>:\u00a0<a href=\"https:\/\/cdnoticias.com\/index.php\/2022\/10\/20\/galli-veto-la-ordenanza-de-microbasurales-venia-a-dar-respuesta-a-una-demanda-historica\/\" target=\"_blank\" rel=\"noopener\">Galli hab\u00eda vetado la ordenanza propuesta por el Frente de Todos<\/a>\u00a0que creaba un programa de erradicaci\u00f3n de microbasurales. La ordenanza se hab\u00eda aprobado por mayor\u00eda y en esa ocasi\u00f3n Juntos fue el \u00fanico bloque que vot\u00f3 en contra, lo que hac\u00eda <strong>muy previsible el veto<\/strong>.<\/p>\n<p>&nbsp;<\/p>\n<p><strong>\u201cSostenemos que esta ordenanza ven\u00eda a dar respuesta a una demanda hist\u00f3rica\u201d<\/strong>\u00a0dijo la presidenta del interbloque para se\u00f1alar que es un problema generalizado en todo el distrito.<\/p>\n<p>&nbsp;<\/p>\n<p><img data-recalc-dims=\"1\" loading=\"lazy\" decoding=\"async\" class=\"size-full wp-image-58133 aligncenter\" src=\"https:\/\/i0.wp.com\/cdnoticias.com\/wp-content\/uploads\/2022\/06\/HCD-mercedes-landivar.jpg?resize=800%2C445&#038;ssl=1\" alt=\"\" width=\"800\" height=\"445\" srcset=\"https:\/\/i0.wp.com\/cdnoticias.com\/wp-content\/uploads\/2022\/06\/HCD-mercedes-landivar.jpg?w=800&amp;ssl=1 800w, https:\/\/i0.wp.com\/cdnoticias.com\/wp-content\/uploads\/2022\/06\/HCD-mercedes-landivar.jpg?resize=300%2C167&amp;ssl=1 300w, https:\/\/i0.wp.com\/cdnoticias.com\/wp-content\/uploads\/2022\/06\/HCD-mercedes-landivar.jpg?resize=768%2C427&amp;ssl=1 768w\" sizes=\"auto, (max-width: 800px) 100vw, 800px\" \/><\/p>\n<p>&nbsp;<\/p>\n<p><strong>Galli le respondi\u00f3\u00a0por su red favorita, Twitter<\/strong>, <a href=\"https:\/\/cdnoticias.com\/index.php\/2022\/10\/20\/lo-que-propone-el-frente-de-todos-es-lo-que-el-municipio-hace-desde-el-dia-uno\/\" target=\"_blank\" rel=\"noopener\">\u201cno hay soluci\u00f3n nueva en el proyecto del FdT, porque lo que proponen es\u00a0lo que el Municipio hace desde el d\u00eda uno\u201d<\/a>\u00a0sostuvo.<\/p>\n<p>&nbsp;<\/p>\n<p><strong>La disputa gir\u00f3 en torno al\u00a0lugar de los temas ambientales en la gesti\u00f3n municipal<\/strong>, aspecto que gana terreno en todos los sectores pol\u00edticos y de gesti\u00f3n de la mano de la urgencia que imponen las consecuencias del cambio clim\u00e1tico. Es cierto que\u00a0<strong>el Municipio destina muchos recursos y tiempo para la limpieza de los microbasurales<\/strong>\u00a0(5,5 millones por mes, inform\u00f3 el intendente), pero\u00a0la propuesta de la ordenanza era<strong> involucrar a organizaciones sociales y barriales<\/strong> en la tarea\u00a0como una forma de comprometer a los vecinos en mantener la limpieza y generar conciencia. Sobre ese \u00faltimo aspecto no hubo referencia de Galli en la respuesta.<\/p>\n<p>&nbsp;<\/p>\n<p><a href=\"https:\/\/cdnoticias.com\/index.php\/2022\/10\/12\/tras-los-cruces-en-redes-galli-recibio-a-concejales-del-frente-de-todos\/\" target=\"_blank\" rel=\"noopener\">Hab\u00eda pasado una semana de la foto entre Galli y los concejales del Frente de Todos<\/a>. Ya hab\u00eda otra foto con otro bloque:\u00a0<strong>Galli y los concejales de la UCR, Bel\u00e9n Vergel y Sebasti\u00e1n Matrella<\/strong>.\u00a0\u201cDentro de nuestro espacio pensamos, proyectamos y trabajamos de manera articulada, porque queremos lo mejor para el Partido de Olavarr\u00eda y para la Argentina\u201d\u00a0comunic\u00f3 el intendente.<\/p>\n<p>&nbsp;<\/p>\n<blockquote class=\"twitter-tweet\">\n<p dir=\"ltr\" lang=\"es\">Mantuvimos una reuni\u00f3n con integrantes del bloque UCR y dialogamos sobre diferentes tem\u00e1ticas del <a href=\"https:\/\/twitter.com\/hashtag\/HCD?src=hash&amp;ref_src=twsrc%5Etfw\">#HCD<\/a>.<br \/>\nDentro de nuestro espacio pensamos, proyectamos y trabajamos de manera articulada, porque queremos lo mejor para el Partido de Olavarr\u00eda y para la Argentina. <a href=\"https:\/\/t.co\/4xrhXHIBel\">pic.twitter.com\/4xrhXHIBel<\/a><\/p>\n<p>\u2014 Ezequiel Galli (@ezequielgalli) <a href=\"https:\/\/twitter.com\/ezequielgalli\/status\/1583142761540177922?ref_src=twsrc%5Etfw\">October 20, 2022<\/a><\/p><\/blockquote>\n<p><script async src=\"https:\/\/platform.twitter.com\/widgets.js\" charset=\"utf-8\"><\/script><\/p>\n<p>*<em>\u00a0Un extracto<\/em><\/p>\n<p><em>Esta publicaci\u00f3n es parte de la edici\u00f3n de este domingo del\u00a0newsletter Volver a las Fuentes\u00a0que escriben\u00a0Alexis Grierson y Josefina Bargas.<a href=\"https:\/\/mailchi.mp\/9cb68f8eb497\/los-escenarios-del-frente-de-todos-y-kicillof-en-el-horizonte?e=e4ffb04d40\" target=\"_blank\" rel=\"noopener\">\u00a0La edici\u00f3n completa est\u00e1 disponible aqu\u00ed<\/a>\u00a0y se pueden suscribir de forma gratuita para recibirlo por mail<a href=\"https:\/\/gmail.us17.list-manage.com\/subscribe?u=cba2a41506a8e26d100c3f0f8&amp;id=63ce583cd9\" target=\"_blank\" rel=\"noopener\">\u00a0dejando sus datos en este formulario.<\/a><\/em><\/p>\n<p>&nbsp;<\/p>\n","protected":false},"excerpt":{"rendered":"<p>Se dieron al menos tres escenarios con distintas figuras del Frente de Todos y del peronismo, incluyendo el D\u00eda de<\/p>\n","protected":false},"author":4,"featured_media":67870,"comment_status":"closed","ping_status":"closed","sticky":false,"template":"","format":"standard","meta":{"_jetpack_memberships_contains_paid_content":false,"footnotes":""},"categories":[4,1],"tags":[],"class_list":["post-67988","post","type-post","status-publish","format-standard","has-post-thumbnail","hentry","category-politica","category-portada"],"jetpack_featured_media_url":"https:\/\/i0.wp.com\/cdnoticias.com\/wp-content\/uploads\/2022\/10\/MontePelloniMemoria28.jpg?fit=720%2C480&ssl=1","jetpack_sharing_enabled":true,"_links":{"self":[{"href":"https:\/\/cdnoticias.com\/index.php\/wp-json\/wp\/v2\/posts\/67988","targetHints":{"allow":["GET"]}}],"collection":[{"href":"https:\/\/cdnoticias.com\/index.php\/wp-json\/wp\/v2\/posts"}],"about":[{"href":"https:\/\/cdnoticias.com\/index.php\/wp-json\/wp\/v2\/types\/post"}],"author":[{"embeddable":true,"href":"https:\/\/cdnoticias.com\/index.php\/wp-json\/wp\/v2\/users\/4"}],"replies":[{"embeddable":true,"href":"https:\/\/cdnoticias.com\/index.php\/wp-json\/wp\/v2\/comments?post=67988"}],"version-history":[{"count":0,"href":"https:\/\/cdnoticias.com\/index.php\/wp-json\/wp\/v2\/posts\/67988\/revisions"}],"wp:featuredmedia":[{"embeddable":true,"href":"https:\/\/cdnoticias.com\/index.php\/wp-json\/wp\/v2\/media\/67870"}],"wp:attachment":[{"href":"https:\/\/cdnoticias.com\/index.php\/wp-json\/wp\/v2\/media?parent=67988"}],"wp:term":[{"taxonomy":"category","embeddable":true,"href":"https:\/\/cdnoticias.com\/index.php\/wp-json\/wp\/v2\/categories?post=67988"},{"taxonomy":"post_tag","embeddable":true,"href":"https:\/\/cdnoticias.com\/index.php\/wp-json\/wp\/v2\/tags?post=67988"}],"curies":[{"name":"wp","href":"https:\/\/api.w.org\/{rel}","templated":true}]}}