{"id":67982,"date":"2022-10-24T09:29:19","date_gmt":"2022-10-24T12:29:19","guid":{"rendered":"https:\/\/www.centraldenoticias.com.ar\/?p=67982"},"modified":"2022-10-24T09:29:19","modified_gmt":"2022-10-24T12:29:19","slug":"graduados-y-graduadas-de-la-facultad-de-ciencias-sociales-recibieron-sus-diplomas","status":"publish","type":"post","link":"https:\/\/cdnoticias.com\/index.php\/2022\/10\/24\/graduados-y-graduadas-de-la-facultad-de-ciencias-sociales-recibieron-sus-diplomas\/","title":{"rendered":"Graduados y graduadas de la Facultad de Ciencias Sociales recibieron sus diplomas"},"content":{"rendered":"<p>En el c\u00e1lido encuentro que se realiz\u00f3 en el edificio de Aulas Comunes del Complejo Universitario Olavarr\u00eda, m\u00e1s de una veintena de estudiantes de la FACSO recibieron sus t\u00edtulos de grado y postgrado.<!--more--><\/p>\n<hr \/>\n<p><strong>Estudiantes de la Facultad de Ciencias Sociales y la <a href=\"https:\/\/cdnoticias.com\/index.php\/2022\/10\/22\/egresaron-50-profesionales-de-la-facultad-de-ciencias-de-la-salud\/\" target=\"_blank\" rel=\"noopener\">Facultad de Ciencias de la Salud<\/a><\/strong> de la Universidad Nacional del Centro de la Provincia de Buenos Aires <strong>recibieron sus diplomas en el 158\u00b0 acto de Colaci\u00f3n de Grados<\/strong>.<\/p>\n<p>&nbsp;<\/p>\n<p>El mismo fue encabezado por la <strong>Vicerrectora de la Universidad Nacional del Centro de la Provincia de Buenos Aires, Prof. Alicia Spinello<\/strong>, quien estuvo acompa\u00f1ada por la <strong>Decana de la Facultad de Ciencias Sociales, Lic. Gabriela Gamberini<\/strong> y el <strong>Decano de la Facultad de Ciencias de la Salud, Dr. H\u00e9ctor Trebucq<\/strong>.<\/p>\n<p>&nbsp;<\/p>\n<p>En representaci\u00f3n de FACSO, estuvieron presentes tambi\u00e9n su Vicedecana, Dra. Mar\u00eda Luz Endere y la Secretaria Acad\u00e9mica, Lic. Gabriela Loustaunau. Participaron adem\u00e1s autoridades y miembros de otras unidades acad\u00e9micas de la UNICEN, autoridades y referentes de instituciones sociales y familiares de los graduados y graduadas.<\/p>\n<p>&nbsp;<\/p>\n<p><img data-recalc-dims=\"1\" loading=\"lazy\" decoding=\"async\" class=\"size-full wp-image-67986 aligncenter\" src=\"https:\/\/i0.wp.com\/cdnoticias.com\/wp-content\/uploads\/2022\/10\/facso-colacion-de-grado-3.jpg?resize=800%2C348&#038;ssl=1\" alt=\"\" width=\"800\" height=\"348\" srcset=\"https:\/\/i0.wp.com\/cdnoticias.com\/wp-content\/uploads\/2022\/10\/facso-colacion-de-grado-3.jpg?w=800&amp;ssl=1 800w, https:\/\/i0.wp.com\/cdnoticias.com\/wp-content\/uploads\/2022\/10\/facso-colacion-de-grado-3.jpg?resize=300%2C131&amp;ssl=1 300w, https:\/\/i0.wp.com\/cdnoticias.com\/wp-content\/uploads\/2022\/10\/facso-colacion-de-grado-3.jpg?resize=768%2C334&amp;ssl=1 768w\" sizes=\"auto, (max-width: 800px) 100vw, 800px\" \/><\/p>\n<p>&nbsp;<\/p>\n<p>En primer lugar, luego de que se entonara el Himno Nacional Argentino, pronunci\u00f3 las <strong>palabras de despedida Giuliana Manetti, estudiante graduada de la Facultad de Ciencias de la Salud<\/strong>, quien destac\u00f3 las experiencias logradas a lo largo de los a\u00f1os de estudio y expres\u00f3: <em>&#8220;Cuando pusimos el pie en la facultad empezamos a cumplir el sue\u00f1o que deseamos, y hoy estamos a un paso de lograrlo&#8221;<\/em>.<\/p>\n<p>&nbsp;<\/p>\n<blockquote><p>Mientras tanto, la decana de la Facultad de Ciencias Sociales, Lic. Gamberini, dio sus palabras a graduadas y graduados y destac\u00f3 que &#8220;este momento es de enorme significaci\u00f3n porque expresa el corolario de una carrera que iniciaron hace algunos a\u00f1os, un recorrido exitoso que implica adem\u00e1s la concreci\u00f3n de un proyecto personal y educativo que ha atravesado los \u00faltimos a\u00f1os de su vida y all\u00ed, identificar\u00e1n situaciones especiales, personas y v\u00ednculos que los marcar\u00e1n para siempre&#8221;.<\/p><\/blockquote>\n<p>&nbsp;<\/p>\n<p><img data-recalc-dims=\"1\" loading=\"lazy\" decoding=\"async\" class=\"size-full wp-image-67984 aligncenter\" src=\"https:\/\/i0.wp.com\/cdnoticias.com\/wp-content\/uploads\/2022\/10\/facso-colacion-de-grado-1.jpg?resize=800%2C445&#038;ssl=1\" alt=\"\" width=\"800\" height=\"445\" srcset=\"https:\/\/i0.wp.com\/cdnoticias.com\/wp-content\/uploads\/2022\/10\/facso-colacion-de-grado-1.jpg?w=800&amp;ssl=1 800w, https:\/\/i0.wp.com\/cdnoticias.com\/wp-content\/uploads\/2022\/10\/facso-colacion-de-grado-1.jpg?resize=300%2C167&amp;ssl=1 300w, https:\/\/i0.wp.com\/cdnoticias.com\/wp-content\/uploads\/2022\/10\/facso-colacion-de-grado-1.jpg?resize=768%2C427&amp;ssl=1 768w\" sizes=\"auto, (max-width: 800px) 100vw, 800px\" \/><\/p>\n<p>&nbsp;<\/p>\n<p>Asimismo, la Lic. Gamberini invit\u00f3 &#8220;desde este lugar donde estamos reunidos, a que <strong>defiendan siempre, con orgullo y convicci\u00f3n, a la universidad p\u00fablica&#8221;<\/strong>. En este marco celebr\u00f3 el 34 aniversario de la creaci\u00f3n de la Facultad de Ciencias Sociales, que se cumpli\u00f3 el viernes 21 de octubre.<\/p>\n<p>&nbsp;<\/p>\n<p>Al momento de la jura a los futuros y futuras graduados y graduadas, la Vicerrectora Prof. Spinello inst\u00f3 a que est\u00e9n &#8220;comprometidos con su formaci\u00f3n disciplinar pero sobre todo con su compromiso y responsabilidad social&#8221;. Adem\u00e1s manifest\u00f3:<strong> &#8220;Una universidad p\u00fablica es cogobernada, por lo que le vamos a dar la despedida como estudiantes y la bienvenida como graduados y graduadas<\/strong> y les invitamos a seguir siendo parte de la universidad p\u00fablica&#8221;.<\/p>\n<p>&nbsp;<\/p>\n<p><span style=\"text-decoration: underline;\"><strong>Graduados y graduadas de FACSO<\/strong><\/span><\/p>\n<p>&nbsp;<\/p>\n<ul>\n<li>Licenciada en Comunicaci\u00f3n Social: Guillermina Hermani, Silvina Mentasti y Rosa Antonella Musarra Grasso.<\/li>\n<\/ul>\n<p>&nbsp;<\/p>\n<ul>\n<li>Licenciado\/a en Comunicaci\u00f3n Social con orientaci\u00f3n en Comunicaci\u00f3n Medi\u00e1tica: Lisi Ail\u00e9n Batres, Sebasti\u00e1n Mart\u00ednez Pintos y Jorge Joaqu\u00edn M\u00e9ndez.<\/li>\n<\/ul>\n<p>&nbsp;<\/p>\n<ul>\n<li>Licenciada en Comunicaci\u00f3n Social con orientaci\u00f3n en Comunicaci\u00f3n Institucional: Mar\u00eda Soledad Restivo y Jesica Anabella Su\u00e1rez (tambi\u00e9n recibi\u00f3 el t\u00edtulo de Profesora de Comunicaci\u00f3n Social).<\/li>\n<\/ul>\n<p>&nbsp;<\/p>\n<ul>\n<li>Licenciado en Antropolog\u00eda orientaci\u00f3n Arqueolog\u00eda: Marcos Recofsky y Augusto Oliv\u00e1n.<\/li>\n<\/ul>\n<p>&nbsp;<\/p>\n<p><img data-recalc-dims=\"1\" loading=\"lazy\" decoding=\"async\" class=\"size-full wp-image-67983 aligncenter\" src=\"https:\/\/i0.wp.com\/cdnoticias.com\/wp-content\/uploads\/2022\/10\/facso-colacion-de-grado-0.jpg?resize=800%2C445&#038;ssl=1\" alt=\"\" width=\"800\" height=\"445\" srcset=\"https:\/\/i0.wp.com\/cdnoticias.com\/wp-content\/uploads\/2022\/10\/facso-colacion-de-grado-0.jpg?w=800&amp;ssl=1 800w, https:\/\/i0.wp.com\/cdnoticias.com\/wp-content\/uploads\/2022\/10\/facso-colacion-de-grado-0.jpg?resize=300%2C167&amp;ssl=1 300w, https:\/\/i0.wp.com\/cdnoticias.com\/wp-content\/uploads\/2022\/10\/facso-colacion-de-grado-0.jpg?resize=768%2C427&amp;ssl=1 768w\" sizes=\"auto, (max-width: 800px) 100vw, 800px\" \/><\/p>\n<p>&nbsp;<\/p>\n<ul>\n<li>Licenciada en Relaciones Laborales \u2013 Ciclo de Licenciatura: Mariana Stefan\u00eda Lete y Karina Beatriz Usar.<\/li>\n<\/ul>\n<p>&nbsp;<\/p>\n<ul>\n<li>Periodista: Marco Becker, Candelaria Malvina Moreno, Mart\u00edn Mozotegui, Agustina Pagano y Luc\u00eda Palacios.<\/li>\n<\/ul>\n<p>&nbsp;<\/p>\n<ul>\n<li>Profesora de Antropolog\u00eda: Natalia Mengochea.<\/li>\n<\/ul>\n<p>&nbsp;<\/p>\n<ul>\n<li>Profesora de Comunicaci\u00f3n Social: Alejandra Mariel Rodr\u00edguez.<\/li>\n<\/ul>\n<p>&nbsp;<\/p>\n<ul>\n<li>T\u00e9cnica Universitaria en Producci\u00f3n Medi\u00e1tica: Pamela Gisele Videla (tambi\u00e9n recibi\u00f3 el t\u00edtulo de T\u00e9cnica Universitaria en Comunicaci\u00f3n Institucional).<\/li>\n<\/ul>\n<p>&nbsp;<\/p>\n<ul>\n<li>Doctor\/a en Arqueolog\u00eda: Kemel Esteban Sade Mart\u00ednez y Nuria Andrea Sura\u00f1es.<\/li>\n<\/ul>\n<p>&nbsp;<\/p>\n<ul>\n<li>Mag\u00edster en Antropolog\u00eda Social: Andrea Alejandra Rivero.<\/li>\n<\/ul>\n<p>&nbsp;<\/p>\n<p>Por otra parte, se entregaron las <strong>menciones de honor a graduadas y graduados de la UNICEN<\/strong>, de acuerdo a lo establecido en la ordenanza del Honorable Consejo Superior N\u00ba 4427\/16. Por la Facultad de Ciencias Sociales las menciones de honor correspondieron a<strong> la periodista Luc\u00eda Palacios y al licenciado Marcos Recokfsky<\/strong>.<\/p>\n<p>&nbsp;<\/p>\n","protected":false},"excerpt":{"rendered":"<p>En el c\u00e1lido encuentro que se realiz\u00f3 en el edificio de Aulas Comunes del Complejo Universitario Olavarr\u00eda, m\u00e1s de una<\/p>\n","protected":false},"author":4,"featured_media":67985,"comment_status":"closed","ping_status":"closed","sticky":false,"template":"","format":"standard","meta":{"_jetpack_memberships_contains_paid_content":false,"footnotes":""},"categories":[5,1],"tags":[],"class_list":["post-67982","post","type-post","status-publish","format-standard","has-post-thumbnail","hentry","category-informacion-general","category-portada"],"jetpack_featured_media_url":"https:\/\/i0.wp.com\/cdnoticias.com\/wp-content\/uploads\/2022\/10\/facso-colacion-de-grado-2.jpg?fit=800%2C445&ssl=1","jetpack_sharing_enabled":true,"_links":{"self":[{"href":"https:\/\/cdnoticias.com\/index.php\/wp-json\/wp\/v2\/posts\/67982","targetHints":{"allow":["GET"]}}],"collection":[{"href":"https:\/\/cdnoticias.com\/index.php\/wp-json\/wp\/v2\/posts"}],"about":[{"href":"https:\/\/cdnoticias.com\/index.php\/wp-json\/wp\/v2\/types\/post"}],"author":[{"embeddable":true,"href":"https:\/\/cdnoticias.com\/index.php\/wp-json\/wp\/v2\/users\/4"}],"replies":[{"embeddable":true,"href":"https:\/\/cdnoticias.com\/index.php\/wp-json\/wp\/v2\/comments?post=67982"}],"version-history":[{"count":0,"href":"https:\/\/cdnoticias.com\/index.php\/wp-json\/wp\/v2\/posts\/67982\/revisions"}],"wp:featuredmedia":[{"embeddable":true,"href":"https:\/\/cdnoticias.com\/index.php\/wp-json\/wp\/v2\/media\/67985"}],"wp:attachment":[{"href":"https:\/\/cdnoticias.com\/index.php\/wp-json\/wp\/v2\/media?parent=67982"}],"wp:term":[{"taxonomy":"category","embeddable":true,"href":"https:\/\/cdnoticias.com\/index.php\/wp-json\/wp\/v2\/categories?post=67982"},{"taxonomy":"post_tag","embeddable":true,"href":"https:\/\/cdnoticias.com\/index.php\/wp-json\/wp\/v2\/tags?post=67982"}],"curies":[{"name":"wp","href":"https:\/\/api.w.org\/{rel}","templated":true}]}}