{"id":67929,"date":"2022-10-22T20:03:03","date_gmt":"2022-10-22T23:03:03","guid":{"rendered":"https:\/\/www.centraldenoticias.com.ar\/?p=67929"},"modified":"2022-10-22T20:03:03","modified_gmt":"2022-10-22T23:03:03","slug":"egresaron-50-profesionales-de-la-facultad-de-ciencias-de-la-salud","status":"publish","type":"post","link":"https:\/\/cdnoticias.com\/index.php\/2022\/10\/22\/egresaron-50-profesionales-de-la-facultad-de-ciencias-de-la-salud\/","title":{"rendered":"Egresaron 50 profesionales de la Facultad de Ciencias de la Salud"},"content":{"rendered":"<p>Este viernes 21 de octubre se realiz\u00f3 la 158\u00ba Colaci\u00f3n de Grados de la Unicen. <!--more--><\/p>\n<hr \/>\n<p>Este viernes 21 de octubre a las 18 horas se llev\u00f3 a cabo la <strong>edici\u00f3n n\u00famero 158\u00ba de Colaci\u00f3n de Grado<\/strong> en el Campus Universitario de Olavarr\u00eda, ubicado en avenida Del Valle 5737.<\/p>\n<p>&nbsp;<\/p>\n<p>En esta ocasi\u00f3n se graduaron estudiantes de las Facultades de Ciencias Sociales y de Ciencias de la Salud. <b>De la Facultad de Salud en total egresaron 7 enfermeros profesionales, 2 Licenciados en Enfermer\u00eda y 41 m\u00e9dicos.<\/b><\/p>\n<p>&nbsp;<\/p>\n<p>A continuaci\u00f3n, los graduados y graduadas:<\/p>\n<p>&nbsp;<\/p>\n<p><strong>Enfermera Profesional<\/strong><\/p>\n<p>ARIAS Tamara, BARRUETO Valeria, CHAVEZ Marta Jessica y FERN\u00c1NDEZ, Romina Bel\u00e9n.<\/p>\n<p>GONGORA Camila Antonella, RODR\u00cdGUEZ Leonor Marisa Elizabet y SOSA Giselle Alejandra.<\/p>\n<p>&nbsp;<\/p>\n<p><strong>Licenciado en Enfermer\u00eda<\/strong><\/p>\n<p>DIETRICH Mar\u00eda Florencia y FERN\u00c1NDEZ Myryan Elisabeth.<\/p>\n<p>&nbsp;<\/p>\n<p><strong>M\u00e9dico<\/strong><\/p>\n<p>AGUISNAGA Jael Mar\u00eda Florencia, \u00c1NGEL Tom\u00e1s BARBATO STRANO, Mar\u00eda Victoria BILBAO, Cintia Fernanda, BARRIO RAM\u00cdREZ, Emilia Corina, BLANCO, Valentina CARDONA VASQUEZ, Nataly CEPEDA, Milagros Magal\u00ed, CIANCIO PAGANO Juan Manuel, DUE\u00d1AS DIAZ Paula, GADEA\u00a0 Natali Ayel\u00e9n, GERTISER Carla Yanet, GUERRA BARRUETA Raisa Isabel, GUEVARA Mar\u00eda Melanie, LASTRA VAILATI Cintia Gabriela, LORENZO Camila, MANETTI, Giuliana MANZANOS, Mar\u00eda Soledad M\u00dcLLER OREJAS, Pilar MUSCILLO, Mar\u00eda P\u00eda PE\u00d1A, Estefan\u00eda POBLETE CAMPOS Fiama Genesis, RAMIREZ, Ezequiel Alejandro RODRIGUEZ WAGNER, Aldana RUBIO CANEPA, Mariana STANEK, Evelyn Yael VULCANO, Jaquelina Bel\u00e9n DIETRICH, Gimena, ETCHEVERRY, Sof\u00eda, FORTUNY, Violeta In\u00e9s, FUENTES, Manuela Antonio, GONZALEZ, Emiliana, JARA, Camila, MAMONDE, Luis Horacio, MOSCARDI MORO, Juan, PASTEN, Mar\u00eda Sol, PEREZ ARIAS, Camila, POZZI, Ileana Magali SORIA, Lucas Manuel, ZARATE, Jonathan Emanuel y ZITTA, Leandro Andr\u00e9s.<\/p>\n<p>&nbsp;<\/p>\n","protected":false},"excerpt":{"rendered":"<p>Este viernes 21 de octubre se realiz\u00f3 la 158\u00ba Colaci\u00f3n de Grados de la Unicen.<\/p>\n","protected":false},"author":6,"featured_media":67930,"comment_status":"closed","ping_status":"closed","sticky":false,"template":"","format":"standard","meta":{"_jetpack_memberships_contains_paid_content":false,"footnotes":""},"categories":[5,1],"tags":[],"class_list":["post-67929","post","type-post","status-publish","format-standard","has-post-thumbnail","hentry","category-informacion-general","category-portada"],"jetpack_featured_media_url":"https:\/\/i0.wp.com\/cdnoticias.com\/wp-content\/uploads\/2022\/10\/IMG_8582_copia.jpg?fit=2500%2C1219&ssl=1","jetpack_sharing_enabled":true,"_links":{"self":[{"href":"https:\/\/cdnoticias.com\/index.php\/wp-json\/wp\/v2\/posts\/67929","targetHints":{"allow":["GET"]}}],"collection":[{"href":"https:\/\/cdnoticias.com\/index.php\/wp-json\/wp\/v2\/posts"}],"about":[{"href":"https:\/\/cdnoticias.com\/index.php\/wp-json\/wp\/v2\/types\/post"}],"author":[{"embeddable":true,"href":"https:\/\/cdnoticias.com\/index.php\/wp-json\/wp\/v2\/users\/6"}],"replies":[{"embeddable":true,"href":"https:\/\/cdnoticias.com\/index.php\/wp-json\/wp\/v2\/comments?post=67929"}],"version-history":[{"count":0,"href":"https:\/\/cdnoticias.com\/index.php\/wp-json\/wp\/v2\/posts\/67929\/revisions"}],"wp:featuredmedia":[{"embeddable":true,"href":"https:\/\/cdnoticias.com\/index.php\/wp-json\/wp\/v2\/media\/67930"}],"wp:attachment":[{"href":"https:\/\/cdnoticias.com\/index.php\/wp-json\/wp\/v2\/media?parent=67929"}],"wp:term":[{"taxonomy":"category","embeddable":true,"href":"https:\/\/cdnoticias.com\/index.php\/wp-json\/wp\/v2\/categories?post=67929"},{"taxonomy":"post_tag","embeddable":true,"href":"https:\/\/cdnoticias.com\/index.php\/wp-json\/wp\/v2\/tags?post=67929"}],"curies":[{"name":"wp","href":"https:\/\/api.w.org\/{rel}","templated":true}]}}