{"id":67923,"date":"2022-10-22T15:40:09","date_gmt":"2022-10-22T18:40:09","guid":{"rendered":"https:\/\/www.centraldenoticias.com.ar\/?p=67923"},"modified":"2022-12-07T15:43:36","modified_gmt":"2022-12-07T18:43:36","slug":"el-papa-francisco-le-mando-una-carta-a-horacio-rodriguez-larreta","status":"publish","type":"post","link":"https:\/\/cdnoticias.com\/index.php\/2022\/10\/22\/el-papa-francisco-le-mando-una-carta-a-horacio-rodriguez-larreta\/","title":{"rendered":"El papa Francisco le mand\u00f3 una carta a Horacio Rodr\u00edguez Larreta"},"content":{"rendered":"<p>El mensaje fue por la Cumbre Mundial de Alcaldes de C40.<br \/>\n<!--more--><\/p>\n<hr \/>\n<p>En el cierre de la <strong>Cumbre Mundial de Alcaldes de C40<\/strong> que se realiza en la ciudad de Buenos Aires y que cont\u00f3 con la <strong>participaci\u00f3n de 150 intendentes de todo el pa\u00eds<\/strong>, <strong>el papa Francisco<\/strong> le envi\u00f3 una<strong> carta <\/strong>al jefe de Gobierno de la Ciudad de Buenos Aires<strong>, Horacio Rodr\u00edguez Larreta,<\/strong> en la que agradeci\u00f3 la invitaci\u00f3n al encuentro y se dirigi\u00f3 a los alcaldes.<\/p>\n<p>&nbsp;<\/p>\n<p>En su saludo, el papa se refiri\u00f3 al jefe de Gobierno como <strong>\u201cquerido hermano\u201d<\/strong> y destac\u00f3 el encuentro: \u201cEsta cumbre convocada por ustedes, alcaldes de distintas ciudades, y la din\u00e1mica de trabajo propuesta tiene la particularidad y la riqueza de una doble perspectiva que sortea dial\u00e9cticas o falsos antagonismos que, ciertamente, no ayudan a asumir la <strong>complejidad de la cuesti\u00f3n ambiental<\/strong> y de las m\u00faltiples dimensiones que implica. Al reunirse, ustedes reconocen la imperiosa necesidad de ampliar la mirada y buscar un bien mayor que favorecer\u00e1 a todos; pero lo hacen sin evadirse ni desarraigarse de las problem\u00e1ticas como de las posibilidades que sus ciudades representan\u201d.<\/p>\n<p>&nbsp;<\/p>\n<p>Asimismo, Francisco cit\u00f3 la exhortaci\u00f3n apost\u00f3lica Evangelii Gaudium y se\u00f1al\u00f3 que &#8220;<strong>este tipo de encuentros e iniciativas nos recuerda que tambi\u00e9n somos parte de la soluci\u00f3n y que la misma vendr\u00e1 como fruto de un trabajo com\u00fan.<\/strong> Gracias\u201d.<\/p>\n<p>&nbsp;<\/p>\n<p>En su carta, el papa tambi\u00e9n cit\u00f3 un pasaje de la enc\u00edclica Laudato Si, y sostiene que &#8220;darle a la ciudadan\u00eda la b\u00fasqueda de transformaciones estructurales que permitan<strong> reducir la contaminaci\u00f3n clim\u00e1tica<\/strong> nos impulsa a <strong>\u00abreconocer que un verdadero planteo ecol\u00f3gico se convierte siempre en un planteo social,<\/strong> que debe integrar la justicia en las discusiones sobre el ambiente, para <strong>escuchar tanto el clamor de la tierra como el clamor de los pobres<\/strong>\u00bb\u201d. Adem\u00e1s sostuvo que &#8220;no hay que sumarse a la apat\u00eda y la desidia fruto de pol\u00edticas mal aplicadas y de ret\u00f3ricas est\u00e9riles&#8221;.<\/p>\n<p>&nbsp;<\/p>\n<p>\u201cImpulsemos en nuestras comunidades una cultura en la que todos se sientan convocados a colaborar como instrumentos de Dios en el cuidado de la creaci\u00f3n para que esta siga siendo una casa para todos\u201d, indic\u00f3 el papa en el p\u00e1rrafo final de la misiva.<\/p>\n<p>&nbsp;<\/p>\n<p>La carta fue le\u00edda por el secretario general y de Relaciones Internacionales de la Ciudad, Fernando Straface, en el cierre del <strong>encuentro internacional m\u00e1s importante sobre ciudades y cambio clim\u00e1tico.<\/strong><\/p>\n<p>&nbsp;<\/p>\n<p>&#8220;Es la primera vez que en el marco de una cumbre de C40 se realiza un Foro Interreligioso y Social con l\u00edderes de cultos y comunidades de fe. Como resultado de ese encuentro, realizado ayer en la Usina del Arte, los alcaldes recibieron la publicaci\u00f3n Foro de Di\u00e1logo Interreligioso y Social: Aportes de las religiones frente al cambio clim\u00e1tico, que re\u00fane las contribuciones de m\u00e1s de 20 instituciones y comunidades de fe&#8221; se indic\u00f3.<\/p>\n<p>&nbsp;<\/p>\n<p>\u201c<strong>El compromiso de todas las ciudades que formaron parte de la Cumbre Mundial de Alcaldes C40 tiene que potenciarse, multiplicarse y expandirse.<\/strong> Todo el trabajo que hicimos ac\u00e1 tiene que llegar, a trav\u00e9s de ustedes, a sus pa\u00edses de origen para ponerlo en marcha a nivel nacional y global. Camino a la COP 27, tenemos que seguir profundizando este rumbo para llegar a ese encuentro mejor preparados, m\u00e1s comprometidos, y con acuerdos mucho m\u00e1s s\u00f3lidos a nivel internacional\u201d, concluy\u00f3 Rodr\u00edguez Larreta.<\/p>\n<p>&nbsp;<\/p>\n<p>La <strong>Cumbre Mundial de Alcaldes de C4<\/strong>0 es el <strong>encuentro internacional de ciudades y cambio clim\u00e1tico m\u00e1s importante.<\/strong> Durante tres d\u00edas, m\u00e1s de <strong>120 alcaldes de ciudades de todo el mundo<\/strong> y 150 ciudades argentinas debatieron sobre recuperaci\u00f3n verde y justa, bienestar integral y financiamiento verde.<\/p>\n<p>&nbsp;<\/p>\n<p>Como resultado,<strong> intendentes de todo el pa\u00eds presentaron una Declaraci\u00f3n de Ciudades Argentinas<\/strong>, que las compromete a <strong>presentar planes de acci\u00f3n clim\u00e1tica<\/strong> y abrir informaci\u00f3n y datos sobre el cambio clim\u00e1tico, entre otras cuestiones. Asimismo, tras la cumbre internacional, y de cara a la COP27, las ciudades arribaron al \u201cConsenso de Buenos Aires\u201d, con nuevos compromisos de las ciudades, de las principales instituciones financieras de la regi\u00f3n y del sector privado para garantizar el financiamiento clim\u00e1tico que requieren las ciudades de Am\u00e9rica Latina.<\/p>\n","protected":false},"excerpt":{"rendered":"<p>El mensaje fue por la Cumbre Mundial de Alcaldes de C40.<\/p>\n","protected":false},"author":6,"featured_media":67924,"comment_status":"closed","ping_status":"closed","sticky":false,"template":"","format":"standard","meta":{"_jetpack_memberships_contains_paid_content":false,"footnotes":""},"categories":[6],"tags":[],"class_list":["post-67923","post","type-post","status-publish","format-standard","has-post-thumbnail","hentry","category-nacionales"],"jetpack_featured_media_url":"https:\/\/i0.wp.com\/cdnoticias.com\/wp-content\/uploads\/2022\/10\/WhatsApp-Image-2022-10-21-at-17.55.12.jpeg?fit=1280%2C851&ssl=1","jetpack_sharing_enabled":true,"_links":{"self":[{"href":"https:\/\/cdnoticias.com\/index.php\/wp-json\/wp\/v2\/posts\/67923","targetHints":{"allow":["GET"]}}],"collection":[{"href":"https:\/\/cdnoticias.com\/index.php\/wp-json\/wp\/v2\/posts"}],"about":[{"href":"https:\/\/cdnoticias.com\/index.php\/wp-json\/wp\/v2\/types\/post"}],"author":[{"embeddable":true,"href":"https:\/\/cdnoticias.com\/index.php\/wp-json\/wp\/v2\/users\/6"}],"replies":[{"embeddable":true,"href":"https:\/\/cdnoticias.com\/index.php\/wp-json\/wp\/v2\/comments?post=67923"}],"version-history":[{"count":0,"href":"https:\/\/cdnoticias.com\/index.php\/wp-json\/wp\/v2\/posts\/67923\/revisions"}],"wp:featuredmedia":[{"embeddable":true,"href":"https:\/\/cdnoticias.com\/index.php\/wp-json\/wp\/v2\/media\/67924"}],"wp:attachment":[{"href":"https:\/\/cdnoticias.com\/index.php\/wp-json\/wp\/v2\/media?parent=67923"}],"wp:term":[{"taxonomy":"category","embeddable":true,"href":"https:\/\/cdnoticias.com\/index.php\/wp-json\/wp\/v2\/categories?post=67923"},{"taxonomy":"post_tag","embeddable":true,"href":"https:\/\/cdnoticias.com\/index.php\/wp-json\/wp\/v2\/tags?post=67923"}],"curies":[{"name":"wp","href":"https:\/\/api.w.org\/{rel}","templated":true}]}}