{"id":67882,"date":"2022-10-21T19:53:09","date_gmt":"2022-10-21T22:53:09","guid":{"rendered":"https:\/\/www.centraldenoticias.com.ar\/?p=67882"},"modified":"2022-10-21T19:54:07","modified_gmt":"2022-10-21T22:54:07","slug":"avance-de-obras-en-las-escuelas-secundarias-no-14-y-no-20","status":"publish","type":"post","link":"https:\/\/cdnoticias.com\/index.php\/2022\/10\/21\/avance-de-obras-en-las-escuelas-secundarias-no-14-y-no-20\/","title":{"rendered":"Avance de obras en las escuelas secundarias N\u00ba 14 y N\u00ba 20"},"content":{"rendered":"<p>El intendente Ezequiel Galli recorri\u00f3 los establecimientos educativos en la ma\u00f1ana de este viernes. <!--more--><\/p>\n<hr \/>\n<p>En la ma\u00f1ana de este viernes, el <strong>intendente Ezequiel Galli llev\u00f3 adelante una recorrida por las instalaciones de establecimientos educativos<\/strong> de nuestra ciudad, en las cuales se llevan adelante importantes obras de infraestructura.\u00a0El Intendente estuvo acompa\u00f1ado por Julio Ferraro, secretario de Mantenimiento y Obras P\u00fablicas del Municipio.<\/p>\n<p>&nbsp;<\/p>\n<p>En primer lugar, Galli y Ferraro se dirigieron a la <strong>EES N\u00ba 14<\/strong>. All\u00ed fueron recibidos por autoridades del establecimiento educativo, Yamila Aguirrezabala (directora) y Gustavo And\u00eda (vicedirector), y titulares de PECMA SRL, empresa adjudicataria de la licitaci\u00f3n para la concreci\u00f3n de las obras, que demandan una<strong> inversi\u00f3n de alrededor de 22 millones de pesos.<\/strong><\/p>\n<p>&nbsp;<\/p>\n<p>Las <strong>obras edilicias se encuentran en su etapa final<\/strong> (98% de avance). Comprenden la ampliaci\u00f3n del edificio actual (ubicado en la esquina de avenida Del Valle y Piedras) en una superficie cubierta de 345 metros cuadrados, con seis nuevas aulas, preceptor\u00eda, gabinete, dep\u00f3sito y comedor.<\/p>\n<p>&nbsp;<\/p>\n<p>&#8220;Tales trabajos permitir\u00e1n contar con un aula para cada curso, porque actualmente tres divisiones de los a\u00f1os superiores cursan en otras sedes (la Escuela Primaria N\u00ba 52 y el Anexo en la Escuela Primaria N\u00ba 60); con las problem\u00e1ticas que implica tanto para los docentes, alumnos y familias&#8221; se inform\u00f3. Actualmente la escuela cuenta con una <strong>matr\u00edcula total de 270 estudiantes.<\/strong><\/p>\n<p>&nbsp;<\/p>\n<p><img data-recalc-dims=\"1\" loading=\"lazy\" decoding=\"async\" class=\"alignnone size-full wp-image-67883\" src=\"https:\/\/i0.wp.com\/cdnoticias.com\/wp-content\/uploads\/2022\/10\/Obras-Recorrida-Secundaria-N%C2%B014-1-scaled-1.jpg?resize=800%2C535&#038;ssl=1\" alt=\"\" width=\"800\" height=\"535\" srcset=\"https:\/\/i0.wp.com\/cdnoticias.com\/wp-content\/uploads\/2022\/10\/Obras-Recorrida-Secundaria-N%C2%B014-1-scaled-1.jpg?w=2560&amp;ssl=1 2560w, https:\/\/i0.wp.com\/cdnoticias.com\/wp-content\/uploads\/2022\/10\/Obras-Recorrida-Secundaria-N%C2%B014-1-scaled-1.jpg?resize=300%2C201&amp;ssl=1 300w, https:\/\/i0.wp.com\/cdnoticias.com\/wp-content\/uploads\/2022\/10\/Obras-Recorrida-Secundaria-N%C2%B014-1-scaled-1.jpg?resize=1024%2C684&amp;ssl=1 1024w, https:\/\/i0.wp.com\/cdnoticias.com\/wp-content\/uploads\/2022\/10\/Obras-Recorrida-Secundaria-N%C2%B014-1-scaled-1.jpg?resize=768%2C513&amp;ssl=1 768w, https:\/\/i0.wp.com\/cdnoticias.com\/wp-content\/uploads\/2022\/10\/Obras-Recorrida-Secundaria-N%C2%B014-1-scaled-1.jpg?resize=1536%2C1027&amp;ssl=1 1536w, https:\/\/i0.wp.com\/cdnoticias.com\/wp-content\/uploads\/2022\/10\/Obras-Recorrida-Secundaria-N%C2%B014-1-scaled-1.jpg?resize=2048%2C1369&amp;ssl=1 2048w, https:\/\/i0.wp.com\/cdnoticias.com\/wp-content\/uploads\/2022\/10\/Obras-Recorrida-Secundaria-N%C2%B014-1-scaled-1.jpg?resize=272%2C182&amp;ssl=1 272w, https:\/\/i0.wp.com\/cdnoticias.com\/wp-content\/uploads\/2022\/10\/Obras-Recorrida-Secundaria-N%C2%B014-1-scaled-1.jpg?w=1600&amp;ssl=1 1600w, https:\/\/i0.wp.com\/cdnoticias.com\/wp-content\/uploads\/2022\/10\/Obras-Recorrida-Secundaria-N%C2%B014-1-scaled-1.jpg?w=2400&amp;ssl=1 2400w\" sizes=\"auto, (max-width: 800px) 100vw, 800px\" \/><\/p>\n<p>&nbsp;<\/p>\n<p>En segundo lugar, el intendente y el titular de la cartera de obras p\u00fablicas fueron a la <strong>EES N\u00ba 20 \u201cFray R. Musaragno\u201d,<\/strong> donde se lleva a cabo la obra, que presenta un <strong>56% de avance<\/strong>, con una importante <strong>inversi\u00f3n que ronda los 45 millones de pesos.<\/strong><\/p>\n<p>&nbsp;<\/p>\n<p>Dicho establecimiento, que se encuentra ubicado en calle <strong>San Mart\u00edn 2053<\/strong> (Pueblo Nuevo), cuenta con un edificio centenario como sede, de 430 metros cuadrados en total, sobre el cual est\u00e1 trabajando, tambi\u00e9n, la firma PECMA SRL.<\/p>\n<p>&nbsp;<\/p>\n<p>&#8220;La reforma surgi\u00f3 principalmente como necesidad de independizar los servicios y los ambientes compartidos entre la Escuela Primaria N\u00ba 4 y la Escuela Secundaria N\u00ba 20. Consiste en la demolici\u00f3n y posterior obra nueva del volumen ubicado sobre la l\u00ednea municipal, que conserva la fachada tal como se encuentra en la actualidad&#8221; se indic\u00f3.<\/p>\n<p>&nbsp;<\/p>\n<p>En este caso, la obra comprende la construcci\u00f3n de dos superficies (planta baja y planta alta), cada una de ellas con una extensi\u00f3n de 213 m2. En planta baja, se ubicar\u00e1 el hall de acceso, direcci\u00f3n, secretar\u00eda, gabinete, sala de profesores, sanitarios, cocina y sal\u00f3n audiovisual. En planta alta se disponen tres aulas y preceptor\u00eda. En el patio se agregar\u00e1n sanitarios para personas con discapacidad, kiosco y galer\u00eda.<\/p>\n<p>&nbsp;<\/p>\n<p><img data-recalc-dims=\"1\" loading=\"lazy\" decoding=\"async\" class=\"alignnone size-full wp-image-67884\" src=\"https:\/\/i0.wp.com\/cdnoticias.com\/wp-content\/uploads\/2022\/10\/Obras-Recorrida-Secundaria-N%C2%B014-2-scaled-1.jpg?resize=800%2C535&#038;ssl=1\" alt=\"\" width=\"800\" height=\"535\" srcset=\"https:\/\/i0.wp.com\/cdnoticias.com\/wp-content\/uploads\/2022\/10\/Obras-Recorrida-Secundaria-N%C2%B014-2-scaled-1.jpg?w=2560&amp;ssl=1 2560w, https:\/\/i0.wp.com\/cdnoticias.com\/wp-content\/uploads\/2022\/10\/Obras-Recorrida-Secundaria-N%C2%B014-2-scaled-1.jpg?resize=300%2C201&amp;ssl=1 300w, https:\/\/i0.wp.com\/cdnoticias.com\/wp-content\/uploads\/2022\/10\/Obras-Recorrida-Secundaria-N%C2%B014-2-scaled-1.jpg?resize=1024%2C684&amp;ssl=1 1024w, https:\/\/i0.wp.com\/cdnoticias.com\/wp-content\/uploads\/2022\/10\/Obras-Recorrida-Secundaria-N%C2%B014-2-scaled-1.jpg?resize=768%2C513&amp;ssl=1 768w, https:\/\/i0.wp.com\/cdnoticias.com\/wp-content\/uploads\/2022\/10\/Obras-Recorrida-Secundaria-N%C2%B014-2-scaled-1.jpg?resize=1536%2C1027&amp;ssl=1 1536w, https:\/\/i0.wp.com\/cdnoticias.com\/wp-content\/uploads\/2022\/10\/Obras-Recorrida-Secundaria-N%C2%B014-2-scaled-1.jpg?resize=2048%2C1369&amp;ssl=1 2048w, https:\/\/i0.wp.com\/cdnoticias.com\/wp-content\/uploads\/2022\/10\/Obras-Recorrida-Secundaria-N%C2%B014-2-scaled-1.jpg?resize=272%2C182&amp;ssl=1 272w, https:\/\/i0.wp.com\/cdnoticias.com\/wp-content\/uploads\/2022\/10\/Obras-Recorrida-Secundaria-N%C2%B014-2-scaled-1.jpg?w=1600&amp;ssl=1 1600w, https:\/\/i0.wp.com\/cdnoticias.com\/wp-content\/uploads\/2022\/10\/Obras-Recorrida-Secundaria-N%C2%B014-2-scaled-1.jpg?w=2400&amp;ssl=1 2400w\" sizes=\"auto, (max-width: 800px) 100vw, 800px\" \/><\/p>\n<p>&nbsp;<\/p>\n<p>Entre los puntos m\u00e1s importantes, cabe destacar que se realiza una estructura de hormig\u00f3n armado, con aberturas de aluminio de primera calidad, calefactores individuales nuevos, una cocina totalmente equipada con muebles y artefactos.<\/p>\n<p>&nbsp;<\/p>\n<p>Adem\u00e1s, en el marco de la reforma, se realiza la instalaci\u00f3n el\u00e9ctrica completamente, con nuevos circuitos de tomacorrientes y de iluminaci\u00f3n. De este modo, se independiza el servicio el\u00e9ctrico entre ambas escuelas, de la misma manera, se desarrollan nuevas conexiones de gas y agua, con esta misma finalidad.<\/p>\n","protected":false},"excerpt":{"rendered":"<p>El intendente Ezequiel Galli recorri\u00f3 los establecimientos educativos en la ma\u00f1ana de este viernes.<\/p>\n","protected":false},"author":6,"featured_media":67885,"comment_status":"closed","ping_status":"closed","sticky":false,"template":"","format":"standard","meta":{"_jetpack_memberships_contains_paid_content":false,"footnotes":""},"categories":[5,1],"tags":[],"class_list":["post-67882","post","type-post","status-publish","format-standard","has-post-thumbnail","hentry","category-informacion-general","category-portada"],"jetpack_featured_media_url":"https:\/\/i0.wp.com\/cdnoticias.com\/wp-content\/uploads\/2022\/10\/Obras-Recorrida-Secundaria-N%C2%B020-1-scaled-1.jpg?fit=2560%2C1711&ssl=1","jetpack_sharing_enabled":true,"_links":{"self":[{"href":"https:\/\/cdnoticias.com\/index.php\/wp-json\/wp\/v2\/posts\/67882","targetHints":{"allow":["GET"]}}],"collection":[{"href":"https:\/\/cdnoticias.com\/index.php\/wp-json\/wp\/v2\/posts"}],"about":[{"href":"https:\/\/cdnoticias.com\/index.php\/wp-json\/wp\/v2\/types\/post"}],"author":[{"embeddable":true,"href":"https:\/\/cdnoticias.com\/index.php\/wp-json\/wp\/v2\/users\/6"}],"replies":[{"embeddable":true,"href":"https:\/\/cdnoticias.com\/index.php\/wp-json\/wp\/v2\/comments?post=67882"}],"version-history":[{"count":0,"href":"https:\/\/cdnoticias.com\/index.php\/wp-json\/wp\/v2\/posts\/67882\/revisions"}],"wp:featuredmedia":[{"embeddable":true,"href":"https:\/\/cdnoticias.com\/index.php\/wp-json\/wp\/v2\/media\/67885"}],"wp:attachment":[{"href":"https:\/\/cdnoticias.com\/index.php\/wp-json\/wp\/v2\/media?parent=67882"}],"wp:term":[{"taxonomy":"category","embeddable":true,"href":"https:\/\/cdnoticias.com\/index.php\/wp-json\/wp\/v2\/categories?post=67882"},{"taxonomy":"post_tag","embeddable":true,"href":"https:\/\/cdnoticias.com\/index.php\/wp-json\/wp\/v2\/tags?post=67882"}],"curies":[{"name":"wp","href":"https:\/\/api.w.org\/{rel}","templated":true}]}}