{"id":67815,"date":"2022-10-23T19:58:23","date_gmt":"2022-10-23T22:58:23","guid":{"rendered":"https:\/\/www.centraldenoticias.com.ar\/?p=67815"},"modified":"2022-10-23T19:58:23","modified_gmt":"2022-10-23T22:58:23","slug":"este-lunes-comenzara-la-inscripcion-para-el-refuerzo-alimentario-de-45-000","status":"publish","type":"post","link":"https:\/\/cdnoticias.com\/index.php\/2022\/10\/23\/este-lunes-comenzara-la-inscripcion-para-el-refuerzo-alimentario-de-45-000\/","title":{"rendered":"Este lunes comenzar\u00e1 la inscripci\u00f3n para el refuerzo alimentario de $45.000"},"content":{"rendered":"<p>El delegado local de Anses, Maximiliano Wesner, explic\u00f3 las caracter\u00edsticas de la prestaci\u00f3n. Se abonar\u00e1 en dos cuotas de $22.500 en noviembre y diciembre. Est\u00e1 dirigido a personas sin ingresos.<!--more--><\/p>\n<hr \/>\n<p>La Administraci\u00f3n Nacional de la Seguridad Social (Anses) inform\u00f3 que se implementar\u00e1 un<strong> \u201crefuerzo alimentario para adultos sin ingresos\u201d<\/strong> que se abonar\u00e1 en dos cuotas de 22.500 en noviembre y diciembre. <strong>La inscripci\u00f3n puede hacerse sin turno o v\u00eda online.<\/strong><\/p>\n<p>&nbsp;<\/p>\n<p>El titular de la delegaci\u00f3n local de Anses, <strong>Maximiliano Wesner, habl\u00f3 con Central de Noticias<\/strong> sobre las caracter\u00edsticas de la propuesta y se\u00f1al\u00f3 que la inscripci\u00f3n comenzar\u00e1 el pr\u00f3ximo lunes 24 de octubre sin turno previo de 8 a 14 en la sede ubicada en Rivadavia 2987, y tambi\u00e9n de forma online a trav\u00e9s de la web del organismo: <a href=\"https:\/\/www.anses.gob.ar\/\" target=\"_blank\" rel=\"noopener\">www.anses.gob.ar.<\/a><\/p>\n<p>&nbsp;<\/p>\n<p>Seg\u00fan se inform\u00f3 est\u00e1 destinado a personas de <strong>entre 18 a 64 a\u00f1os<\/strong> que se encuentran en condiciones de extrema vulnerabilidad, <strong>que no cuenten con ning\u00fan tipo de ingreso y no cobren ninguna prestaci\u00f3n, asignaci\u00f3n o programa social del Estado nacional, provincial o municipal.<\/strong><\/p>\n<p>&nbsp;<\/p>\n<blockquote><p>\u201cEl tr\u00e1mite es personal, se podr\u00e1 realizar durante dos semanas y hacemos hincapi\u00e9 en que se presente la persona que cumpla con los requisitos para poder llegar a la poblaci\u00f3n vulnerable\u201d, resalt\u00f3 Wesner y agreg\u00f3 que \u201cobviamente luego el organismo realizar\u00e1 una evaluaci\u00f3n socio econ\u00f3mica\u201d.<\/p><\/blockquote>\n<p>&nbsp;<\/p>\n<p>Asimismo, Wesner destac\u00f3 que<strong> \u201cesta prestaci\u00f3n extraordinaria tiene un financiamiento espec\u00edfico\u201d.<\/strong> Los fondos surgen del decreto 576 del 4 de septiembre pasado, es decir, de la norma que cre\u00f3 al <strong>\u201cPrograma de Incentivo Exportador\u201d<\/strong> que dio lugar al \u201cd\u00f3lar soja\u201d, a trav\u00e9s del cual se liquidaron unos US$ 8.200 millones.<\/p>\n<p>&nbsp;<\/p>\n<p><strong>El pago de la primera cuota ser\u00e1 el lunes 14 de noviembre, por terminaci\u00f3n de documento<\/strong> y se pagar\u00e1 en dos cuotas de 22.500 pesos cada una en noviembre y diciembre pr\u00f3ximos.<\/p>\n<p>&nbsp;<\/p>\n<p><strong>Los requisitos<\/strong><\/p>\n<p>&nbsp;<\/p>\n<p>&#8211; Tener entre 18 y 64 a\u00f1os.<\/p>\n<p>&nbsp;<\/p>\n<p>&#8211; No poseer trabajo registrado ni ingresos de ning\u00fan tipo.<\/p>\n<p>&nbsp;<\/p>\n<p>&#8211; No ser titular de ninguna prestaci\u00f3n (jubilaci\u00f3n, pensi\u00f3n, Asignaci\u00f3n Universal por Hijo, Asignaci\u00f3n por Embarazo, Asignaciones Familiares, Progresar, Desempleo, Potenciar Trabajo, entre otra).<\/p>\n<p>&nbsp;<\/p>\n<p>&#8211; No contar con Obra Social o Prepaga.<\/p>\n<p>&nbsp;<\/p>\n<p>Adem\u00e1s, se cruzar\u00e1 informaci\u00f3n con otros organismos para evaluar la situaci\u00f3n socioecon\u00f3mica.<\/p>\n","protected":false},"excerpt":{"rendered":"<p>El delegado local de Anses, Maximiliano Wesner, explic\u00f3 las caracter\u00edsticas de la prestaci\u00f3n. Se abonar\u00e1 en dos cuotas de $22.500<\/p>\n","protected":false},"author":5,"featured_media":59922,"comment_status":"closed","ping_status":"closed","sticky":false,"template":"","format":"standard","meta":{"_jetpack_memberships_contains_paid_content":false,"footnotes":""},"categories":[5,1],"tags":[],"class_list":["post-67815","post","type-post","status-publish","format-standard","has-post-thumbnail","hentry","category-informacion-general","category-portada"],"jetpack_featured_media_url":"https:\/\/i0.wp.com\/cdnoticias.com\/wp-content\/uploads\/2022\/07\/Anses.jpg?fit=1000%2C556&ssl=1","jetpack_sharing_enabled":true,"_links":{"self":[{"href":"https:\/\/cdnoticias.com\/index.php\/wp-json\/wp\/v2\/posts\/67815","targetHints":{"allow":["GET"]}}],"collection":[{"href":"https:\/\/cdnoticias.com\/index.php\/wp-json\/wp\/v2\/posts"}],"about":[{"href":"https:\/\/cdnoticias.com\/index.php\/wp-json\/wp\/v2\/types\/post"}],"author":[{"embeddable":true,"href":"https:\/\/cdnoticias.com\/index.php\/wp-json\/wp\/v2\/users\/5"}],"replies":[{"embeddable":true,"href":"https:\/\/cdnoticias.com\/index.php\/wp-json\/wp\/v2\/comments?post=67815"}],"version-history":[{"count":0,"href":"https:\/\/cdnoticias.com\/index.php\/wp-json\/wp\/v2\/posts\/67815\/revisions"}],"wp:featuredmedia":[{"embeddable":true,"href":"https:\/\/cdnoticias.com\/index.php\/wp-json\/wp\/v2\/media\/59922"}],"wp:attachment":[{"href":"https:\/\/cdnoticias.com\/index.php\/wp-json\/wp\/v2\/media?parent=67815"}],"wp:term":[{"taxonomy":"category","embeddable":true,"href":"https:\/\/cdnoticias.com\/index.php\/wp-json\/wp\/v2\/categories?post=67815"},{"taxonomy":"post_tag","embeddable":true,"href":"https:\/\/cdnoticias.com\/index.php\/wp-json\/wp\/v2\/tags?post=67815"}],"curies":[{"name":"wp","href":"https:\/\/api.w.org\/{rel}","templated":true}]}}