{"id":67794,"date":"2022-10-21T12:45:14","date_gmt":"2022-10-21T15:45:14","guid":{"rendered":"https:\/\/www.centraldenoticias.com.ar\/?p=67794"},"modified":"2022-10-21T12:46:13","modified_gmt":"2022-10-21T15:46:13","slug":"sociales-sera-sede-de-la-jornada-regional-intercultural-mujeres-y-lgbti-originarias","status":"publish","type":"post","link":"https:\/\/cdnoticias.com\/index.php\/2022\/10\/21\/sociales-sera-sede-de-la-jornada-regional-intercultural-mujeres-y-lgbti-originarias\/","title":{"rendered":"Sociales ser\u00e1 sede de la Jornada Regional Intercultural Mujeres y LGBTI+ Originarias"},"content":{"rendered":"<p>El s\u00e1bado 22 de octubre se realizar\u00e1 en el Complejo Universitario Olavarr\u00eda la Jornada Regional Intercultural organizada por el \u00c1rea de Mujeres y LGBTI+ Originarias que depende de la Subsecretar\u00eda de Pol\u00edticas de G\u00e9neros y Diversidad Sexual de la Provincia de Buenos Aires.<!--more--><\/p>\n<hr \/>\n<p>En el marco del <strong>Mes de la Diversidad Cultural<\/strong>, el Ministerio de las Mujeres, Pol\u00edticas de G\u00e9nero y Diversidad Sexual de la PBA, invita a mujeres y LGBTI+ Originarias a la <strong>\u201cJornada Regional Intercultural\u201d, a realizarse este s\u00e1bado 22 de octubre en la Facultad de Ciencias Sociales.<\/strong><\/p>\n<p>&nbsp;<\/p>\n<p>La jornada busca ser un espacio de encuentro y escucha acerca de las problem\u00e1ticas actuales que atraviesan las<strong> mujeres y LGBTI+ Originarias de la provincia<\/strong>, para consensuar una agenda de trabajo en conjunto entre el Estado y las comunidades.<\/p>\n<p>&nbsp;<\/p>\n<p>El encuentro se llevar\u00e1 adelante el s\u00e1bado 22 entre las 10 y las 16 en el <strong>SUM del Edificio de Aulas Comunes del Complejo Universitario Olavarr\u00eda<\/strong>, avenida Del Valle 5737.<\/p>\n<p>&nbsp;<\/p>\n<p>Quienes deseen participar deben inscribirse <a href=\"https:\/\/docs.google.com\/forms\/d\/e\/1FAIpQLSciwJqMVj_6JrZ8Q-4p4uIJj9gX2WMa1-oCMmb59chKbd9SFw\/viewform\" target=\"_blank\" rel=\"noopener\">a trav\u00e9s de este formulario<\/a>.<\/p>\n<p>&nbsp;<\/p>\n<p>Este encuentro es organizado por el \u00c1rea de Mujeres y LGBTI+ Originarias de la Subsecretar\u00eda de Pol\u00edticas de G\u00e9neros y Diversidad Sexual de la Provincia de Buenos Aires del Ministerio de las Mujeres, Pol\u00edticas de G\u00e9nero y Diversidad Sexual de la Provincia de Buenos Aires, y cuenta con el acompa\u00f1amiento de la Facultad de Ciencias Sociales.<\/p>\n<p>&nbsp;<\/p>\n","protected":false},"excerpt":{"rendered":"<p>El s\u00e1bado 22 de octubre se realizar\u00e1 en el Complejo Universitario Olavarr\u00eda la Jornada Regional Intercultural organizada por el \u00c1rea<\/p>\n","protected":false},"author":4,"featured_media":67796,"comment_status":"closed","ping_status":"closed","sticky":false,"template":"","format":"standard","meta":{"_jetpack_memberships_contains_paid_content":false,"footnotes":""},"categories":[3,1],"tags":[],"class_list":["post-67794","post","type-post","status-publish","format-standard","has-post-thumbnail","hentry","category-genero","category-portada"],"jetpack_featured_media_url":"https:\/\/i0.wp.com\/cdnoticias.com\/wp-content\/uploads\/2022\/10\/Jornada-Regional-Intercultural-0.jpg?fit=800%2C445&ssl=1","jetpack_sharing_enabled":true,"_links":{"self":[{"href":"https:\/\/cdnoticias.com\/index.php\/wp-json\/wp\/v2\/posts\/67794","targetHints":{"allow":["GET"]}}],"collection":[{"href":"https:\/\/cdnoticias.com\/index.php\/wp-json\/wp\/v2\/posts"}],"about":[{"href":"https:\/\/cdnoticias.com\/index.php\/wp-json\/wp\/v2\/types\/post"}],"author":[{"embeddable":true,"href":"https:\/\/cdnoticias.com\/index.php\/wp-json\/wp\/v2\/users\/4"}],"replies":[{"embeddable":true,"href":"https:\/\/cdnoticias.com\/index.php\/wp-json\/wp\/v2\/comments?post=67794"}],"version-history":[{"count":0,"href":"https:\/\/cdnoticias.com\/index.php\/wp-json\/wp\/v2\/posts\/67794\/revisions"}],"wp:featuredmedia":[{"embeddable":true,"href":"https:\/\/cdnoticias.com\/index.php\/wp-json\/wp\/v2\/media\/67796"}],"wp:attachment":[{"href":"https:\/\/cdnoticias.com\/index.php\/wp-json\/wp\/v2\/media?parent=67794"}],"wp:term":[{"taxonomy":"category","embeddable":true,"href":"https:\/\/cdnoticias.com\/index.php\/wp-json\/wp\/v2\/categories?post=67794"},{"taxonomy":"post_tag","embeddable":true,"href":"https:\/\/cdnoticias.com\/index.php\/wp-json\/wp\/v2\/tags?post=67794"}],"curies":[{"name":"wp","href":"https:\/\/api.w.org\/{rel}","templated":true}]}}