{"id":67790,"date":"2022-10-21T09:47:09","date_gmt":"2022-10-21T12:47:09","guid":{"rendered":"https:\/\/www.centraldenoticias.com.ar\/?p=67790"},"modified":"2022-10-21T10:42:07","modified_gmt":"2022-10-21T13:42:07","slug":"este-viernes-se-firmara-el-traspaso-del-ex-centro-clandestino-monte-pelloni-a-la-provincia","status":"publish","type":"post","link":"https:\/\/cdnoticias.com\/index.php\/2022\/10\/21\/este-viernes-se-firmara-el-traspaso-del-ex-centro-clandestino-monte-pelloni-a-la-provincia\/","title":{"rendered":"Este viernes se firmar\u00e1 el traspaso del ex centro clandestino Monte Pelloni a la Provincia"},"content":{"rendered":"<p>Estar\u00e1 bajo la \u00f3rbita de la subsecretar\u00eda de Derechos Humanos de la Provincia. El acto se realizar\u00e1 en el sitio y estar\u00e1 presente el subsecretario bonaerense Mat\u00edas Moreno.<!--more--><\/p>\n<hr \/>\n<p>Este viernes a las 15:00 se firmar\u00e1 el <strong>traspaso del sitio de la memoria Monte Pelloni<\/strong> a la \u00f3rbita de la subsecretar\u00eda de Derechos Humanos de la provincia de Buenos Aires. Hoy el predio pertenece a Fabricaciones Militares.<\/p>\n<p>&nbsp;<\/p>\n<p>De esta forma, la firma de cesi\u00f3n del predio donde funcion\u00f3 el ex CCDTyE se concretar\u00e1 con la presencia del subsecretario de Derechos Humanos Mat\u00edas Moreno, autoridades del AABE, Fabricaciones Militares y el diputado provincial C\u00e9sar Valicenti.<\/p>\n<p>&nbsp;<\/p>\n<p><img data-recalc-dims=\"1\" loading=\"lazy\" decoding=\"async\" class=\"aligncenter size-full wp-image-67791\" src=\"https:\/\/i0.wp.com\/cdnoticias.com\/wp-content\/uploads\/2022\/10\/flyer-montepelloni.jpg?resize=800%2C480&#038;ssl=1\" alt=\"\" width=\"800\" height=\"480\" srcset=\"https:\/\/i0.wp.com\/cdnoticias.com\/wp-content\/uploads\/2022\/10\/flyer-montepelloni.jpg?w=2134&amp;ssl=1 2134w, https:\/\/i0.wp.com\/cdnoticias.com\/wp-content\/uploads\/2022\/10\/flyer-montepelloni.jpg?resize=300%2C180&amp;ssl=1 300w, https:\/\/i0.wp.com\/cdnoticias.com\/wp-content\/uploads\/2022\/10\/flyer-montepelloni.jpg?resize=1024%2C614&amp;ssl=1 1024w, https:\/\/i0.wp.com\/cdnoticias.com\/wp-content\/uploads\/2022\/10\/flyer-montepelloni.jpg?resize=768%2C461&amp;ssl=1 768w, https:\/\/i0.wp.com\/cdnoticias.com\/wp-content\/uploads\/2022\/10\/flyer-montepelloni.jpg?resize=1536%2C921&amp;ssl=1 1536w, https:\/\/i0.wp.com\/cdnoticias.com\/wp-content\/uploads\/2022\/10\/flyer-montepelloni.jpg?resize=2048%2C1228&amp;ssl=1 2048w, https:\/\/i0.wp.com\/cdnoticias.com\/wp-content\/uploads\/2022\/10\/flyer-montepelloni.jpg?w=1600&amp;ssl=1 1600w\" sizes=\"auto, (max-width: 800px) 100vw, 800px\" \/><\/p>\n<p>&nbsp;<\/p>\n<p>Adem\u00e1s, se realizar\u00e1 la inauguraci\u00f3n de obras de<strong> puesta en valor de la casona y dotaci\u00f3n de energ\u00eda el\u00e9ctrica sustentable.<\/strong><\/p>\n","protected":false},"excerpt":{"rendered":"<p>Estar\u00e1 bajo la \u00f3rbita de la subsecretar\u00eda de Derechos Humanos de la Provincia. El acto se realizar\u00e1 en el sitio<\/p>\n","protected":false},"author":5,"featured_media":67792,"comment_status":"closed","ping_status":"closed","sticky":false,"template":"","format":"standard","meta":{"_jetpack_memberships_contains_paid_content":false,"footnotes":""},"categories":[5,1],"tags":[],"class_list":["post-67790","post","type-post","status-publish","format-standard","has-post-thumbnail","hentry","category-informacion-general","category-portada"],"jetpack_featured_media_url":"https:\/\/i0.wp.com\/cdnoticias.com\/wp-content\/uploads\/2022\/10\/Monte-Pelloni01-scaled.jpg?fit=2560%2C1536&ssl=1","jetpack_sharing_enabled":true,"_links":{"self":[{"href":"https:\/\/cdnoticias.com\/index.php\/wp-json\/wp\/v2\/posts\/67790","targetHints":{"allow":["GET"]}}],"collection":[{"href":"https:\/\/cdnoticias.com\/index.php\/wp-json\/wp\/v2\/posts"}],"about":[{"href":"https:\/\/cdnoticias.com\/index.php\/wp-json\/wp\/v2\/types\/post"}],"author":[{"embeddable":true,"href":"https:\/\/cdnoticias.com\/index.php\/wp-json\/wp\/v2\/users\/5"}],"replies":[{"embeddable":true,"href":"https:\/\/cdnoticias.com\/index.php\/wp-json\/wp\/v2\/comments?post=67790"}],"version-history":[{"count":0,"href":"https:\/\/cdnoticias.com\/index.php\/wp-json\/wp\/v2\/posts\/67790\/revisions"}],"wp:featuredmedia":[{"embeddable":true,"href":"https:\/\/cdnoticias.com\/index.php\/wp-json\/wp\/v2\/media\/67792"}],"wp:attachment":[{"href":"https:\/\/cdnoticias.com\/index.php\/wp-json\/wp\/v2\/media?parent=67790"}],"wp:term":[{"taxonomy":"category","embeddable":true,"href":"https:\/\/cdnoticias.com\/index.php\/wp-json\/wp\/v2\/categories?post=67790"},{"taxonomy":"post_tag","embeddable":true,"href":"https:\/\/cdnoticias.com\/index.php\/wp-json\/wp\/v2\/tags?post=67790"}],"curies":[{"name":"wp","href":"https:\/\/api.w.org\/{rel}","templated":true}]}}