{"id":67780,"date":"2022-10-21T08:10:45","date_gmt":"2022-10-21T11:10:45","guid":{"rendered":"https:\/\/www.centraldenoticias.com.ar\/?p=67780"},"modified":"2022-10-21T09:54:15","modified_gmt":"2022-10-21T12:54:15","slug":"valicenti-anuncio-la-reapertura-de-una-escuela-primaria-en-el-paraje-san-quilco","status":"publish","type":"post","link":"https:\/\/cdnoticias.com\/index.php\/2022\/10\/21\/valicenti-anuncio-la-reapertura-de-una-escuela-primaria-en-el-paraje-san-quilco\/","title":{"rendered":"Valicenti anunci\u00f3 la reapertura de una escuela primaria en el Paraje San Quilc\u00f3"},"content":{"rendered":"<p>La Escuela Primaria N\u00b0 43 hab\u00eda sido cerrada en el a\u00f1o 2018 bajo el gobierno de Mar\u00eda Eugenia Vidal. \u201cQu\u00e9 distintos somos\u201d, resalt\u00f3 el diputado provincial.<!--more--><\/p>\n<hr \/>\n<p>El diputado provincial C\u00e9sar Valicenti anunci\u00f3 la <strong>reapertura de la Escuela Primaria N\u00b043 del Paraje San Quilc\u00f3.<\/strong><\/p>\n<p>&nbsp;<\/p>\n<p>El documento rubricado por el gobernador Axel Kicillof establece que la escuela funcionar\u00e1 con<strong> jornada simple, en turno ma\u00f1ana.<\/strong><\/p>\n<p>&nbsp;<\/p>\n<p>Se asignar\u00e1 el <strong>cargo de Director\/a con grado a cargo, dos m\u00f3dulos de Educaci\u00f3n F\u00edsica, dos m\u00f3dulos de Ingl\u00e9s, dos m\u00f3dulos de Educaci\u00f3n Art\u00edstica y un cargo de portero.<\/strong><\/p>\n<p>&nbsp;<\/p>\n<p>\u201c<strong>\u00a1Qu\u00e9 distintos somos!<\/strong> Este jueves el Gobernador @Kicillofok firm\u00f3 la resoluci\u00f3n de reapertura de la Escuela Primaria N\u00b043 del Paraje San Quilc\u00f3 de Olavarr\u00eda que la ex bonaerense @mariuvidal cerr\u00f3 en el a\u00f1o 2018, dejando a m\u00e1s de 20 ni\u00f1os y ni\u00f1as de la zona sin escuela\u201d, indic\u00f3 en redes sociales el legislador.<\/p>\n<p>&nbsp;<\/p>\n<p><img data-recalc-dims=\"1\" loading=\"lazy\" decoding=\"async\" class=\"aligncenter size-full wp-image-67782\" src=\"https:\/\/i0.wp.com\/cdnoticias.com\/wp-content\/uploads\/2022\/10\/escuela-43-san-quilco-2.jpg?resize=800%2C600&#038;ssl=1\" alt=\"\" width=\"800\" height=\"600\" srcset=\"https:\/\/i0.wp.com\/cdnoticias.com\/wp-content\/uploads\/2022\/10\/escuela-43-san-quilco-2.jpg?w=1024&amp;ssl=1 1024w, https:\/\/i0.wp.com\/cdnoticias.com\/wp-content\/uploads\/2022\/10\/escuela-43-san-quilco-2.jpg?resize=300%2C225&amp;ssl=1 300w, https:\/\/i0.wp.com\/cdnoticias.com\/wp-content\/uploads\/2022\/10\/escuela-43-san-quilco-2.jpg?resize=768%2C576&amp;ssl=1 768w\" sizes=\"auto, (max-width: 800px) 100vw, 800px\" \/><\/p>\n<p>&nbsp;<\/p>\n<p>Y continu\u00f3: \u201cNo puede haber peor acto de gobierno que cerrar una escuela, bueno Mar\u00eda Eugenia Vidal durante su gesti\u00f3n cerr\u00f3 47 escuelas en toda la provincia. Desidia, endeudamiento y abandono es lo que encontr\u00f3 el gobernador Kicillof cuando asumi\u00f3 en diciembre de 2019\u201d.<\/p>\n<p>&nbsp;<\/p>\n<p>Se\u00f1al\u00f3 que durante este a\u00f1o se realiz\u00f3 un<strong> relevamiento territorial<\/strong> donde se advirti\u00f3 la existencia de matr\u00edcula en la zona por lo que la escuela volver\u00e1 a funcionar para que los ni\u00f1os y ni\u00f1as \u201cdejen de viajar m\u00e1s de 40 km hasta la escuela m\u00e1s cercana\u201d.<\/p>\n<p>&nbsp;<\/p>\n<p>\u201cReabrir una escuela es una decisi\u00f3n pol\u00edtica al igual que la inauguraci\u00f3n de 110 edificios educativos que realiz\u00f3 Kicillof en estos tres a\u00f1os de gesti\u00f3n\u201d se\u00f1al\u00f3 y concluy\u00f3:<strong> \u201cabrir escuelas no es un slogan de marketing, es una realidad efectiva y un compromiso con la educaci\u00f3n p\u00fablica\u201d.<\/strong><\/p>\n<p>&nbsp;<\/p>\n<blockquote class=\"twitter-tweet\" data-width=\"550\" data-dnt=\"true\">\n<p lang=\"es\" dir=\"ltr\">\u00a1QU\u00c9 DISTINTOS SOMOS! <\/p>\n<p>Este jueves el Gobernador <a href=\"https:\/\/twitter.com\/Kicillofok?ref_src=twsrc%5Etfw\">@Kicillofok<\/a> firm\u00f3 la resoluci\u00f3n de reapertura de la Escuela Primaria N\u00b043 del Paraje San Quilc\u00f3 de Olavarr\u00eda que la ex bonaerense <a href=\"https:\/\/twitter.com\/mariuvidal?ref_src=twsrc%5Etfw\">@mariuvidal<\/a> cerr\u00f3 en el a\u00f1o 2018, dejando a m\u00e1s de 20 ni\u00f1os y ni\u00f1as de la zona sin escuela. <a href=\"https:\/\/t.co\/LumAYztE3x\">pic.twitter.com\/LumAYztE3x<\/a><\/p>\n<p>&mdash; Cesar Valicenti (@CesarValicenti) <a href=\"https:\/\/twitter.com\/CesarValicenti\/status\/1583244643390869504?ref_src=twsrc%5Etfw\">October 20, 2022<\/a><\/p><\/blockquote>\n<p><script async src=\"https:\/\/platform.twitter.com\/widgets.js\" charset=\"utf-8\"><\/script><\/p>\n<p>&nbsp;<\/p>\n","protected":false},"excerpt":{"rendered":"<p>La Escuela Primaria N\u00b0 43 hab\u00eda sido cerrada en el a\u00f1o 2018 bajo el gobierno de Mar\u00eda Eugenia Vidal. \u201cQu\u00e9<\/p>\n","protected":false},"author":5,"featured_media":67781,"comment_status":"closed","ping_status":"closed","sticky":false,"template":"","format":"standard","meta":{"_jetpack_memberships_contains_paid_content":false,"footnotes":""},"categories":[4,1],"tags":[],"class_list":["post-67780","post","type-post","status-publish","format-standard","has-post-thumbnail","hentry","category-politica","category-portada"],"jetpack_featured_media_url":"https:\/\/i0.wp.com\/cdnoticias.com\/wp-content\/uploads\/2022\/10\/escuela-43-san-quilco.jpg?fit=720%2C535&ssl=1","jetpack_sharing_enabled":true,"_links":{"self":[{"href":"https:\/\/cdnoticias.com\/index.php\/wp-json\/wp\/v2\/posts\/67780","targetHints":{"allow":["GET"]}}],"collection":[{"href":"https:\/\/cdnoticias.com\/index.php\/wp-json\/wp\/v2\/posts"}],"about":[{"href":"https:\/\/cdnoticias.com\/index.php\/wp-json\/wp\/v2\/types\/post"}],"author":[{"embeddable":true,"href":"https:\/\/cdnoticias.com\/index.php\/wp-json\/wp\/v2\/users\/5"}],"replies":[{"embeddable":true,"href":"https:\/\/cdnoticias.com\/index.php\/wp-json\/wp\/v2\/comments?post=67780"}],"version-history":[{"count":0,"href":"https:\/\/cdnoticias.com\/index.php\/wp-json\/wp\/v2\/posts\/67780\/revisions"}],"wp:featuredmedia":[{"embeddable":true,"href":"https:\/\/cdnoticias.com\/index.php\/wp-json\/wp\/v2\/media\/67781"}],"wp:attachment":[{"href":"https:\/\/cdnoticias.com\/index.php\/wp-json\/wp\/v2\/media?parent=67780"}],"wp:term":[{"taxonomy":"category","embeddable":true,"href":"https:\/\/cdnoticias.com\/index.php\/wp-json\/wp\/v2\/categories?post=67780"},{"taxonomy":"post_tag","embeddable":true,"href":"https:\/\/cdnoticias.com\/index.php\/wp-json\/wp\/v2\/tags?post=67780"}],"curies":[{"name":"wp","href":"https:\/\/api.w.org\/{rel}","templated":true}]}}