{"id":67766,"date":"2022-10-20T18:54:00","date_gmt":"2022-10-20T21:54:00","guid":{"rendered":"https:\/\/www.centraldenoticias.com.ar\/?p=67766"},"modified":"2022-10-21T07:46:53","modified_gmt":"2022-10-21T10:46:53","slug":"lo-que-propone-el-frente-de-todos-es-lo-que-el-municipio-hace-desde-el-dia-uno","status":"publish","type":"post","link":"https:\/\/cdnoticias.com\/index.php\/2022\/10\/20\/lo-que-propone-el-frente-de-todos-es-lo-que-el-municipio-hace-desde-el-dia-uno\/","title":{"rendered":"\u201cLo que propone el Frente de Todos es lo que el Municipio hace desde el d\u00eda uno\u201d"},"content":{"rendered":"<p>El Intendente Galli defendi\u00f3 el veto al proyecto aprobado en el Concejo Deliberante sobre microbasurales: se mostr\u00f3 \u201cen constante alerta y disposici\u00f3n para generar soluciones para todos los olavarrienses\u201d. <!--more--><\/p>\n<hr \/>\n<p>Tras el<a href=\"https:\/\/cdnoticias.com\/index.php\/2022\/10\/20\/galli-veto-la-ordenanza-de-microbasurales-venia-a-dar-respuesta-a-una-demanda-historica\/\" target=\"_blank\" rel=\"noopener\"> veto del intendente Galli al proyecto que impulsaba la erradicaci\u00f3n de microbasurales y la fuerte cr\u00edtica del Frente de Todos por dicha acci\u00f3n<\/a>, <strong>el jefe comunal se expres\u00f3 en Twitter y dijo que el rechazo a la propuesta fue porque la soluci\u00f3n propuesta por la oposici\u00f3n \u201cno es nueva\u201d.<\/strong><\/p>\n<p>&nbsp;<\/p>\n<p>Galli dijo que<em> \u201cel medioambiente tambi\u00e9n es una prioridad para el Municipio\u201d<\/em> y repas\u00f3 el trabajo que<strong><em> \u201ccada d\u00eda, y desde el primer d\u00eda, trabajamos en la identificaci\u00f3n y limpieza de basurales para evitar da\u00f1os a la salud p\u00fablica y al medioambiente\u201d.<\/em><\/strong><\/p>\n<p>&nbsp;<\/p>\n<p>El veto fue, seg\u00fan el Intendente, porque <strong><em>\u201cno hay soluci\u00f3n nueva en el proyecto del FdT, porque lo que proponen es lo que el Municipio hace desde el d\u00eda uno\u201d<\/em> <\/strong>y repas\u00f3 una serie de trabajos que la comuna realiza para erradicar los microbasurales, <strong>m\u00e1s all\u00e1 de la denuncia opositora de espacios que existen hoy d\u00eda.<\/strong><\/p>\n<p>&nbsp;<\/p>\n<p>Entre las acciones, mencion\u00f3 <em>\u201ctrabajar con motoniveladora, pala y retroexcavadora, remoci\u00f3n de basura y nueva nivelaci\u00f3n del terreno para asegurar el escurrimiento del agua de lluvia\u201d<\/em> y tambi\u00e9n <strong><em>\u201cun presupuesto de 5,5 millones de pesos mensuales que ratifica y demuestra que Salud y Medioambiente son pol\u00edticas p\u00fablicas nucleares prioritarias\u201d.<\/em><\/strong><\/p>\n<p>&nbsp;<\/p>\n<p>Adem\u00e1s, tambi\u00e9n mencion\u00f3<em> \u201cel servicio de bateas y contenedores (que son retirados semanalmente por la empresa encargada de la recolecci\u00f3n de residuos) para la recepci\u00f3n temporal de residuos s\u00f3lidos domiciliarios\u201d<\/em> y tambi\u00e9n dio relevancia al trabajo del Programa GIRO.<\/p>\n<p>&nbsp;<\/p>\n<blockquote><p>\u201cDesde el Municipio desarrollamos y desarrollaremos campa\u00f1as de concientizaci\u00f3n y difusi\u00f3n de la problem\u00e1tica Residuos con el Programa #GIRO, a trav\u00e9s de talleres y actividades, charlas en las escuelas y trabajos de sensibilizaci\u00f3n de la comunidad\u201d.<\/p><\/blockquote>\n<p>&nbsp;<\/p>\n<blockquote class=\"twitter-tweet\">\n<p dir=\"ltr\" lang=\"es\">El medioambiente TAMBI\u00c9N es una prioridad para <a href=\"https:\/\/twitter.com\/MuniOlav?ref_src=twsrc%5Etfw\">@muniolav<\/a>.<br \/>\nCada d\u00eda, y desde el primer d\u00eda, trabajamos en la identificaci\u00f3n y limpieza de basurales para evitar da\u00f1os a la salud p\u00fablica y al medioambiente.<\/p>\n<p>\u2014 Ezequiel Galli (@ezequielgalli) <a href=\"https:\/\/twitter.com\/ezequielgalli\/status\/1583195828419981312?ref_src=twsrc%5Etfw\">October 20, 2022<\/a><\/p><\/blockquote>\n<p><script async src=\"https:\/\/platform.twitter.com\/widgets.js\" charset=\"utf-8\"><\/script><\/p>\n<p>&nbsp;<\/p>\n<p>Finalmente, Galli destac\u00f3 que<em> \u201chay mucho por hacer, las necesidades son incontables, pero la Municipalidad de Olavarr\u00eda estar\u00e1 en constante alerta y disposici\u00f3n para generar soluciones para todos los olavarrienses\u201d.<\/em><\/p>\n<p>&nbsp;<\/p>\n<p>Cabe recordar que <strong>el proyecto hab\u00eda sido aprobado por mayor\u00eda en el Concejo Deliberante<\/strong> (<a href=\"https:\/\/cdnoticias.com\/index.php\/2022\/09\/08\/sin-el-voto-de-juntos-se-aprobo-el-plan-de-erradicacion-de-microbasurales\/\" target=\"_blank\" rel=\"noopener\">sin el acompa\u00f1amiento del bloque oficialista<\/a>) y el veto estaba entre las posibilidades.<\/p>\n<p>&nbsp;<\/p>\n<p>De hecho, <strong>Mercedes Land\u00edvar se\u00f1al\u00f3 que no insistir\u00e1n con la propuesta para revertir el veto<\/strong> y destac\u00f3 que <em>\u201clamentablemente tanto trabajo en conjunto que se realiz\u00f3 con vecinos y vecinas, instituciones y espacios ambientalistas pasa a archivo. Ojal\u00e1 en alg\u00fan momento sea tomada en cuenta est\u00e1 propuesta que no hace m\u00e1s que dar respuesta a las denuncias semanales de vecinos y vecinas del partido de Olavarr\u00eda\u201d.<\/em><\/p>\n","protected":false},"excerpt":{"rendered":"<p>El Intendente Galli defendi\u00f3 el veto al proyecto aprobado en el Concejo Deliberante sobre microbasurales: se mostr\u00f3 \u201cen constante alerta<\/p>\n","protected":false},"author":2,"featured_media":17581,"comment_status":"closed","ping_status":"closed","sticky":false,"template":"","format":"standard","meta":{"_jetpack_memberships_contains_paid_content":false,"footnotes":""},"categories":[4,1],"tags":[],"class_list":["post-67766","post","type-post","status-publish","format-standard","has-post-thumbnail","hentry","category-politica","category-portada"],"jetpack_featured_media_url":"https:\/\/i0.wp.com\/cdnoticias.com\/wp-content\/uploads\/2021\/03\/Firma-Rendicion-de-Cuentas-1024x685.jpg?fit=1024%2C685&ssl=1","jetpack_sharing_enabled":true,"_links":{"self":[{"href":"https:\/\/cdnoticias.com\/index.php\/wp-json\/wp\/v2\/posts\/67766","targetHints":{"allow":["GET"]}}],"collection":[{"href":"https:\/\/cdnoticias.com\/index.php\/wp-json\/wp\/v2\/posts"}],"about":[{"href":"https:\/\/cdnoticias.com\/index.php\/wp-json\/wp\/v2\/types\/post"}],"author":[{"embeddable":true,"href":"https:\/\/cdnoticias.com\/index.php\/wp-json\/wp\/v2\/users\/2"}],"replies":[{"embeddable":true,"href":"https:\/\/cdnoticias.com\/index.php\/wp-json\/wp\/v2\/comments?post=67766"}],"version-history":[{"count":0,"href":"https:\/\/cdnoticias.com\/index.php\/wp-json\/wp\/v2\/posts\/67766\/revisions"}],"wp:featuredmedia":[{"embeddable":true,"href":"https:\/\/cdnoticias.com\/index.php\/wp-json\/wp\/v2\/media\/17581"}],"wp:attachment":[{"href":"https:\/\/cdnoticias.com\/index.php\/wp-json\/wp\/v2\/media?parent=67766"}],"wp:term":[{"taxonomy":"category","embeddable":true,"href":"https:\/\/cdnoticias.com\/index.php\/wp-json\/wp\/v2\/categories?post=67766"},{"taxonomy":"post_tag","embeddable":true,"href":"https:\/\/cdnoticias.com\/index.php\/wp-json\/wp\/v2\/tags?post=67766"}],"curies":[{"name":"wp","href":"https:\/\/api.w.org\/{rel}","templated":true}]}}