{"id":67652,"date":"2022-10-19T22:21:01","date_gmt":"2022-10-20T01:21:01","guid":{"rendered":"https:\/\/www.centraldenoticias.com.ar\/?p=67652"},"modified":"2022-10-20T08:46:34","modified_gmt":"2022-10-20T11:46:34","slug":"ave-rapaz-y-su-esperado-show-en-el-teatro-es-un-punto-alto-en-nuestra-pequena-trayectoria","status":"publish","type":"post","link":"https:\/\/cdnoticias.com\/index.php\/2022\/10\/19\/ave-rapaz-y-su-esperado-show-en-el-teatro-es-un-punto-alto-en-nuestra-pequena-trayectoria\/","title":{"rendered":"Ave Rapaz y su esperado show en el Teatro: \u201ces un punto alto en nuestra peque\u00f1a trayectoria\u201d"},"content":{"rendered":"<p>Tras un a\u00f1o muy bueno para la \u201cbanda homenaje\u201d a H\u00e9roes del Silencio, este s\u00e1bado coronar\u00e1n su propuesta con un show que ser\u00e1 grabado para mostrarse al pa\u00eds. El desaf\u00edo, el fanatismo y la exigencia, propia y de los fan\u00e1ticos que los siguen a todos lados.<!--more--><\/p>\n<hr \/>\n<p><em><strong>Alexis Grierson \/\/ @alexisdechillar<\/strong><\/em><\/p>\n<p><em><strong>Del staff de Central de Noticias\u00a0<\/strong><\/em><\/p>\n<p>&nbsp;<\/p>\n<p><strong>H\u00e9roes del Silencio marc\u00f3 generaciones enteras.<\/strong> Con una carrera medianamente corta -12 a\u00f1os y 4 discos- la banda espa\u00f1ola se transform\u00f3 en una de las m\u00e1s importantes del rock en castellano.<strong> Ave Rapaz lo sabe, lo vive y as\u00ed lo disfruta, con el placer de homenajear pero con la exigencia de estar a la altura del importante show que realizar\u00e1n en el Teatro este s\u00e1bado por la noche.<\/strong><\/p>\n<p>&nbsp;<\/p>\n<p><strong>Tati Freites (bajo y coros), Mart\u00edn Hache (voz y guitarra) y Marcos Gainza (guitarra, teclado, coros) estuvieron en la redacci\u00f3n de Central de Noticias, quienes junto a Agust\u00edn Ramos (bater\u00eda y coros)<\/strong> forman parte de esta propuesta que tuvo un movilizador y m\u00e1s que positivo 2022. Tocaron en varias ciudades de la Provincia, con importante asistencia de p\u00fablico y que deja a la banda a las puertas de su parada m\u00e1s importante, el Teatro Municipal.<\/p>\n<p>&nbsp;<\/p>\n<p><img data-recalc-dims=\"1\" loading=\"lazy\" decoding=\"async\" class=\"alignnone size-large wp-image-67610\" src=\"https:\/\/i0.wp.com\/cdnoticias.com\/wp-content\/uploads\/2022\/10\/rapaz-1.jpg?resize=800%2C480&#038;ssl=1\" alt=\"\" width=\"800\" height=\"480\" srcset=\"https:\/\/i0.wp.com\/cdnoticias.com\/wp-content\/uploads\/2022\/10\/rapaz-1-scaled.jpg?resize=1024%2C614&amp;ssl=1 1024w, https:\/\/i0.wp.com\/cdnoticias.com\/wp-content\/uploads\/2022\/10\/rapaz-1-scaled.jpg?resize=300%2C180&amp;ssl=1 300w, https:\/\/i0.wp.com\/cdnoticias.com\/wp-content\/uploads\/2022\/10\/rapaz-1-scaled.jpg?resize=768%2C461&amp;ssl=1 768w, https:\/\/i0.wp.com\/cdnoticias.com\/wp-content\/uploads\/2022\/10\/rapaz-1-scaled.jpg?resize=1536%2C921&amp;ssl=1 1536w, https:\/\/i0.wp.com\/cdnoticias.com\/wp-content\/uploads\/2022\/10\/rapaz-1-scaled.jpg?resize=2048%2C1228&amp;ssl=1 2048w, https:\/\/i0.wp.com\/cdnoticias.com\/wp-content\/uploads\/2022\/10\/rapaz-1-scaled.jpg?w=1600&amp;ssl=1 1600w, https:\/\/i0.wp.com\/cdnoticias.com\/wp-content\/uploads\/2022\/10\/rapaz-1-scaled.jpg?w=2400&amp;ssl=1 2400w\" sizes=\"auto, (max-width: 800px) 100vw, 800px\" \/><\/p>\n<p>&nbsp;<\/p>\n<p>En los \u00faltimos ensayos, Hache indic\u00f3 que se encuentran<em> \u201cmuy ilusionados porque ser\u00eda como la coronaci\u00f3n de todo este a\u00f1o, hemos tocado un mont\u00f3n. En Olavarr\u00eda, Tandil, Jun\u00edn, Mar del Plata, Capital, Miramar tambi\u00e9n\u201d.<\/em><\/p>\n<p>&nbsp;<\/p>\n<p>Y con la particularidad que rodea a Ave Rapaz: \u201caprovechamos la fecha tambi\u00e9n porque es especial,<strong> el 22 de octubre es el D\u00eda H, el homenaje mundial a H\u00e9roes del Silencio, en el que bandas tributo de Latinoam\u00e9rica, Espa\u00f1a y Estados Unidos tocan todas el mismo d\u00eda pr\u00e1cticamente al un\u00edsono<\/strong>\u201d por lo que tendr\u00e1, tambi\u00e9n, varios condimentos que hacen a un espect\u00e1culo atractivo.<\/p>\n<p>&nbsp;<\/p>\n<blockquote><p>\u201cVamos a coronar el 2022 que tuvimos, que fue muy bueno, y para que nos sirva de trampol\u00edn hacia todo lo que viene. Esto va a quedar registrado en video, en audio, as\u00ed que nos viene bien al contexto del teatro\u201d.<\/p><\/blockquote>\n<p>&nbsp;<\/p>\n<p>El fen\u00f3meno de H\u00e9roes del Silencio los tom\u00f3, a pesar de los fanatismos, por sorpresa:<em> \u201ces muy loco lo que pasa porque a pesar de que tuvo una carrera corta es una banda que ha calado muy hondo en el rock en espa\u00f1ol, ha dejado una huella y sigue muy vigente,<strong> tiene un p\u00fablico muy fiel. Se sigue manteniendo la llama y hay much\u00edsimas banda tributo<\/strong>\u201d.<\/em> Incluso, <em>\u201ccuando empezamos cre\u00edamos que hab\u00eda pocas y nos dimos cuenta que hay un mont\u00f3n en todo el pa\u00eds\u201d.<\/em><\/p>\n<p>&nbsp;<\/p>\n<p><img data-recalc-dims=\"1\" loading=\"lazy\" decoding=\"async\" class=\"alignnone size-large wp-image-67657\" src=\"https:\/\/i0.wp.com\/cdnoticias.com\/wp-content\/uploads\/2022\/10\/WhatsApp-Image-2022-10-19-at-12.45.28-1.jpeg?resize=800%2C534&#038;ssl=1\" alt=\"\" width=\"800\" height=\"534\" srcset=\"https:\/\/i0.wp.com\/cdnoticias.com\/wp-content\/uploads\/2022\/10\/WhatsApp-Image-2022-10-19-at-12.45.28-1.jpeg?resize=1024%2C683&amp;ssl=1 1024w, https:\/\/i0.wp.com\/cdnoticias.com\/wp-content\/uploads\/2022\/10\/WhatsApp-Image-2022-10-19-at-12.45.28-1.jpeg?resize=300%2C200&amp;ssl=1 300w, https:\/\/i0.wp.com\/cdnoticias.com\/wp-content\/uploads\/2022\/10\/WhatsApp-Image-2022-10-19-at-12.45.28-1.jpeg?resize=768%2C512&amp;ssl=1 768w, https:\/\/i0.wp.com\/cdnoticias.com\/wp-content\/uploads\/2022\/10\/WhatsApp-Image-2022-10-19-at-12.45.28-1.jpeg?resize=1536%2C1024&amp;ssl=1 1536w, https:\/\/i0.wp.com\/cdnoticias.com\/wp-content\/uploads\/2022\/10\/WhatsApp-Image-2022-10-19-at-12.45.28-1.jpeg?resize=272%2C182&amp;ssl=1 272w, https:\/\/i0.wp.com\/cdnoticias.com\/wp-content\/uploads\/2022\/10\/WhatsApp-Image-2022-10-19-at-12.45.28-1.jpeg?w=1599&amp;ssl=1 1599w\" sizes=\"auto, (max-width: 800px) 100vw, 800px\" \/><\/p>\n<p>&nbsp;<\/p>\n<p>Tati, por su parte, se\u00f1al\u00f3 que hay diferencias en todo lo realizado y la fecha que se viene, y anticip\u00f3 que ser\u00e1 un show \u201cbisagra\u201d. <strong><em>\u201cEl teatro nos predispone de otra forma. Es un punto alto en nuestra peque\u00f1a trayectoria y pensando en lo que vendr\u00e1. Tenemos mucha expectativa, la vara muy alta&#8230;despu\u00e9s para bajarla hay tiempo. El proyecto y el plan est\u00e1n buenos, Bunbury no va a venir (risas) porque no quiso, hablamos con \u00e9l\u201d.<\/em><\/strong><\/p>\n<p>&nbsp;<\/p>\n<p>Justamente se\u00f1al\u00f3 que se conocen del proyecto solista de Mart\u00edn Hache, y que decidieron acompa\u00f1ar <em>\u201cporque no sabemos decir que no (risas) pero nos re contra copamos y sirvi\u00f3 para que nosotros nos pusi\u00e9ramos a estudiar. \u00c9l ya ten\u00eda algo natural, en tiempo real, pero nosotros tuvimos que ponernos a laburar. Y cuando nos dimos cuenta que la cosa sonaba bien, y conformes, salimos al ruedo y estamos convencidos de lo que hacemos difiere -sin entrar en comparaciones- en otras bandas tributo\u201d.<\/em><\/p>\n<p>&nbsp;<\/p>\n<p><img data-recalc-dims=\"1\" loading=\"lazy\" decoding=\"async\" class=\"alignnone size-large wp-image-67658\" src=\"https:\/\/i0.wp.com\/cdnoticias.com\/wp-content\/uploads\/2022\/10\/WhatsApp-Image-2022-10-19-at-12.45.28.jpeg?resize=800%2C534&#038;ssl=1\" alt=\"\" width=\"800\" height=\"534\" srcset=\"https:\/\/i0.wp.com\/cdnoticias.com\/wp-content\/uploads\/2022\/10\/WhatsApp-Image-2022-10-19-at-12.45.28.jpeg?resize=1024%2C683&amp;ssl=1 1024w, https:\/\/i0.wp.com\/cdnoticias.com\/wp-content\/uploads\/2022\/10\/WhatsApp-Image-2022-10-19-at-12.45.28.jpeg?resize=300%2C200&amp;ssl=1 300w, https:\/\/i0.wp.com\/cdnoticias.com\/wp-content\/uploads\/2022\/10\/WhatsApp-Image-2022-10-19-at-12.45.28.jpeg?resize=768%2C512&amp;ssl=1 768w, https:\/\/i0.wp.com\/cdnoticias.com\/wp-content\/uploads\/2022\/10\/WhatsApp-Image-2022-10-19-at-12.45.28.jpeg?resize=1536%2C1024&amp;ssl=1 1536w, https:\/\/i0.wp.com\/cdnoticias.com\/wp-content\/uploads\/2022\/10\/WhatsApp-Image-2022-10-19-at-12.45.28.jpeg?resize=272%2C182&amp;ssl=1 272w, https:\/\/i0.wp.com\/cdnoticias.com\/wp-content\/uploads\/2022\/10\/WhatsApp-Image-2022-10-19-at-12.45.28.jpeg?w=1599&amp;ssl=1 1599w\" sizes=\"auto, (max-width: 800px) 100vw, 800px\" \/><\/p>\n<p>&nbsp;<\/p>\n<p>Marcos, en tanto, se\u00f1al\u00f3 que <strong>la motivaci\u00f3n es constante y por momentos \u00fanica en este a\u00f1o de trabajo<\/strong>. <em>\u201cNo s\u00e9 si es el tema es que tenemos tantas ganas de pegar el salto o seguir para que abran nuevas oportunidades, pero lo que logramos hasta ahora creo que nos parece poco. Tocamos todo un fin de semana seguido, cansados de viajar, pero cuando volv\u00e9s te das cuenta que hubi\u00e9ramos estado tres d\u00edas m\u00e1s. Nos incentiva a seguir\u201d.<\/em><\/p>\n<p>&nbsp;<\/p>\n<p><strong><span style=\"text-decoration: underline;\">Un homenaje m\u00e1s que un tributo<\/span><\/strong><\/p>\n<p>&nbsp;<\/p>\n<p><img data-recalc-dims=\"1\" loading=\"lazy\" decoding=\"async\" class=\"alignnone size-large wp-image-67653\" src=\"https:\/\/i0.wp.com\/cdnoticias.com\/wp-content\/uploads\/2022\/10\/WhatsApp-Image-2022-10-19-at-12.45.27-3.jpeg?resize=800%2C534&#038;ssl=1\" alt=\"\" width=\"800\" height=\"534\" srcset=\"https:\/\/i0.wp.com\/cdnoticias.com\/wp-content\/uploads\/2022\/10\/WhatsApp-Image-2022-10-19-at-12.45.27-3.jpeg?resize=1024%2C683&amp;ssl=1 1024w, https:\/\/i0.wp.com\/cdnoticias.com\/wp-content\/uploads\/2022\/10\/WhatsApp-Image-2022-10-19-at-12.45.27-3.jpeg?resize=300%2C200&amp;ssl=1 300w, https:\/\/i0.wp.com\/cdnoticias.com\/wp-content\/uploads\/2022\/10\/WhatsApp-Image-2022-10-19-at-12.45.27-3.jpeg?resize=768%2C512&amp;ssl=1 768w, https:\/\/i0.wp.com\/cdnoticias.com\/wp-content\/uploads\/2022\/10\/WhatsApp-Image-2022-10-19-at-12.45.27-3.jpeg?resize=1536%2C1024&amp;ssl=1 1536w, https:\/\/i0.wp.com\/cdnoticias.com\/wp-content\/uploads\/2022\/10\/WhatsApp-Image-2022-10-19-at-12.45.27-3.jpeg?resize=272%2C182&amp;ssl=1 272w, https:\/\/i0.wp.com\/cdnoticias.com\/wp-content\/uploads\/2022\/10\/WhatsApp-Image-2022-10-19-at-12.45.27-3.jpeg?w=1599&amp;ssl=1 1599w\" sizes=\"auto, (max-width: 800px) 100vw, 800px\" \/><\/p>\n<p>&nbsp;<\/p>\n<p><strong>Hache dio una particular diferenciaci\u00f3n entre las bandas tributo y Ave Rapaz y su intenci\u00f3n<\/strong>: <em>\u201cNos gusta recalcar que esto es un homenaje, queremos diferenciarlo de un tributo porque tiene una connotaci\u00f3n muy de caracterizaci\u00f3n, de la imitaci\u00f3n y hasta rozar el rid\u00edculo a veces (aunque a algunos les sale bien), entonces al hacer esto y tener que ir a buscar el p\u00fablico, no tenemos que convencer a nadie salvo hacer las cosas bien, tocando las canciones como se merecen\u201d.<\/em><\/p>\n<p>&nbsp;<\/p>\n<p>Al no ser una banda tributo, el objetivo estuvo <em>\u201cen<strong> hacer que las canciones suenen lo m\u00e1s fiel posible a c\u00f3mo est\u00e1n grabadas.<\/strong> Ya ese es un puntapi\u00e9 inicial. Y despu\u00e9s a lo largo de los ensayos, ir desmenuzando las canciones e ir toc\u00e1ndolas, nos empezamos a dar cuenta que tambi\u00e9n sin excedernos nosotros estamos ah\u00ed involucrados\u201d.<\/em><\/p>\n<p>&nbsp;<\/p>\n<blockquote><p>\u201cNo queremos copiar, queremos interpretar las canciones, y que la gente cierre los ojos y diga \u201ceso es lo que quer\u00eda escuchar\u201d.<\/p><\/blockquote>\n<p>&nbsp;<\/p>\n<p>Tati y Marcos no eran admiradores de la banda -no as\u00ed Hache- pero el proyecto los hizo encontrar el fanatismo y la admiraci\u00f3n por la obra de H\u00e9roes del Silencio:<em> \u201c<strong>ahora estamos en esa etapa de fan que tuvo Mart\u00edn, y est\u00e1 bueno que se dio desmembrando las canciones. Yo conoc\u00eda tres, cuatro canciones y par\u00e1 de contar.<\/strong> En esta banda estoy tocando el bajo, que es un instrumento que no hace mucho que no toco, me signific\u00f3 un esfuerzo del cual me enorgullezco. La verdad lo disfrut\u00e9 un mont\u00f3n, y ni hablar cuando salimos al ruedo, ah\u00ed aparece la impronta: no pod\u00e9s evitar ser qui\u00e9n sos\u201d.<\/em><\/p>\n<p>&nbsp;<\/p>\n<p>Lo de Marcos es un caso totalmente paradigmatico: no es solamente imitar las guitarras de H\u00e9roes del Silencio,<strong> es conocer a fondo a Juan Valdivia, lo que podr\u00eda decirse como \u201cun guitarrista con identidad propia\u201d y quiz\u00e1s uno de los guitarristas m\u00e1s influyentes del rock en espa\u00f1ol de los ultimos 40 a\u00f1os.<\/strong><em> \u201cDescubrir un mundo y un lenguaje a trav\u00e9s del instrumento&#8230;era totalmente desconocido y fuera de manual de lo que se puede imaginar uno cuando se pone a estudiar a alg\u00fan guitarrista\u201d.<\/em><\/p>\n<p>&nbsp;<\/p>\n<p><img data-recalc-dims=\"1\" loading=\"lazy\" decoding=\"async\" class=\"alignnone size-large wp-image-67656\" src=\"https:\/\/i0.wp.com\/cdnoticias.com\/wp-content\/uploads\/2022\/10\/WhatsApp-Image-2022-10-19-at-12.45.27.jpeg?resize=800%2C534&#038;ssl=1\" alt=\"\" width=\"800\" height=\"534\" srcset=\"https:\/\/i0.wp.com\/cdnoticias.com\/wp-content\/uploads\/2022\/10\/WhatsApp-Image-2022-10-19-at-12.45.27.jpeg?resize=1024%2C683&amp;ssl=1 1024w, https:\/\/i0.wp.com\/cdnoticias.com\/wp-content\/uploads\/2022\/10\/WhatsApp-Image-2022-10-19-at-12.45.27.jpeg?resize=300%2C200&amp;ssl=1 300w, https:\/\/i0.wp.com\/cdnoticias.com\/wp-content\/uploads\/2022\/10\/WhatsApp-Image-2022-10-19-at-12.45.27.jpeg?resize=768%2C512&amp;ssl=1 768w, https:\/\/i0.wp.com\/cdnoticias.com\/wp-content\/uploads\/2022\/10\/WhatsApp-Image-2022-10-19-at-12.45.27.jpeg?resize=1536%2C1024&amp;ssl=1 1536w, https:\/\/i0.wp.com\/cdnoticias.com\/wp-content\/uploads\/2022\/10\/WhatsApp-Image-2022-10-19-at-12.45.27.jpeg?resize=272%2C182&amp;ssl=1 272w, https:\/\/i0.wp.com\/cdnoticias.com\/wp-content\/uploads\/2022\/10\/WhatsApp-Image-2022-10-19-at-12.45.27.jpeg?w=1599&amp;ssl=1 1599w\" sizes=\"auto, (max-width: 800px) 100vw, 800px\" \/><\/p>\n<p>&nbsp;<\/p>\n<blockquote><p>\u201cMe encanta, es algo no explorado y como soy un poco nerd (risas) me introduje en el mundo de lo que hac\u00eda Valdivia y t\u00e9cnicamente tuve que aprender cosas, desaprender otras y est\u00e1 buen\u00edsimo. Despu\u00e9s tuve que investigar por qu\u00e9 sonaba as\u00ed, c\u00f3mo hacerlo. En el caso de Valdivia no es algo predecible, que se pueda chamullar. M\u00e1s conociendo la movida de los fan\u00e1ticos, que si no hac\u00e9s lo que ten\u00e9s que hacer te lo exige. Es como una responsabilidad que se hace sentir\u201d.<\/p><\/blockquote>\n<p>&nbsp;<\/p>\n<p><span style=\"text-decoration: underline;\"><strong>Lo que viene<\/strong><\/span><\/p>\n<p>&nbsp;<\/p>\n<p><img data-recalc-dims=\"1\" loading=\"lazy\" decoding=\"async\" class=\"alignnone size-large wp-image-67660\" src=\"https:\/\/i0.wp.com\/cdnoticias.com\/wp-content\/uploads\/2022\/10\/WhatsApp-Image-2022-10-19-at-12.45.29.jpeg?resize=800%2C516&#038;ssl=1\" alt=\"\" width=\"800\" height=\"516\" srcset=\"https:\/\/i0.wp.com\/cdnoticias.com\/wp-content\/uploads\/2022\/10\/WhatsApp-Image-2022-10-19-at-12.45.29.jpeg?resize=1024%2C660&amp;ssl=1 1024w, https:\/\/i0.wp.com\/cdnoticias.com\/wp-content\/uploads\/2022\/10\/WhatsApp-Image-2022-10-19-at-12.45.29.jpeg?resize=300%2C193&amp;ssl=1 300w, https:\/\/i0.wp.com\/cdnoticias.com\/wp-content\/uploads\/2022\/10\/WhatsApp-Image-2022-10-19-at-12.45.29.jpeg?resize=768%2C495&amp;ssl=1 768w, https:\/\/i0.wp.com\/cdnoticias.com\/wp-content\/uploads\/2022\/10\/WhatsApp-Image-2022-10-19-at-12.45.29.jpeg?resize=1536%2C990&amp;ssl=1 1536w, https:\/\/i0.wp.com\/cdnoticias.com\/wp-content\/uploads\/2022\/10\/WhatsApp-Image-2022-10-19-at-12.45.29.jpeg?w=1600&amp;ssl=1 1600w\" sizes=\"auto, (max-width: 800px) 100vw, 800px\" \/><\/p>\n<p>&nbsp;<\/p>\n<p>El 2023 los espera con muchas oportunidades y deseos de seguir creciendo. \u201cEl 2023 queremos tocar much\u00edsimo, esa es la idea. Llevarlo a todos los lugares posibles, no s\u00f3lo de la Provincia sino del pa\u00eds\u201d.<\/p>\n<p>&nbsp;<\/p>\n<p>\u201cNos ponemos la vara alta, porque queremos apostar a la m\u00fasica de H\u00e9roes a todo el pa\u00eds, y si hay posibilidades de cruzar el pa\u00eds, lo haremos. En ese sentido fuimos claros y queremos apostar\u201d agreg\u00f3 Hache y destac\u00f3 que el Teatro del s\u00e1bado \u201cnos sirve de puntapi\u00e9 para todo eso, para mostrar el show como se merece. Esto que vamos a hacer ahora no tiene nada que ver con lo que hacemos en los bares. Entonces queremos mostrarlo con el profesionalismo que se merece\u201d cerr\u00f3.<\/p>\n<p>&nbsp;<\/p>\n<p><span style=\"text-decoration: underline;\"><strong>El show<\/strong><\/span><\/p>\n<p>&nbsp;<\/p>\n<p><img data-recalc-dims=\"1\" loading=\"lazy\" decoding=\"async\" class=\"alignnone size-large wp-image-67661\" src=\"https:\/\/i0.wp.com\/cdnoticias.com\/wp-content\/uploads\/2022\/10\/WhatsApp-Image-2022-10-18-at-16.29.11.jpeg?resize=800%2C800&#038;ssl=1\" alt=\"\" width=\"800\" height=\"800\" srcset=\"https:\/\/i0.wp.com\/cdnoticias.com\/wp-content\/uploads\/2022\/10\/WhatsApp-Image-2022-10-18-at-16.29.11.jpeg?resize=1024%2C1024&amp;ssl=1 1024w, https:\/\/i0.wp.com\/cdnoticias.com\/wp-content\/uploads\/2022\/10\/WhatsApp-Image-2022-10-18-at-16.29.11.jpeg?resize=300%2C300&amp;ssl=1 300w, https:\/\/i0.wp.com\/cdnoticias.com\/wp-content\/uploads\/2022\/10\/WhatsApp-Image-2022-10-18-at-16.29.11.jpeg?resize=150%2C150&amp;ssl=1 150w, https:\/\/i0.wp.com\/cdnoticias.com\/wp-content\/uploads\/2022\/10\/WhatsApp-Image-2022-10-18-at-16.29.11.jpeg?resize=768%2C768&amp;ssl=1 768w, https:\/\/i0.wp.com\/cdnoticias.com\/wp-content\/uploads\/2022\/10\/WhatsApp-Image-2022-10-18-at-16.29.11.jpeg?w=1280&amp;ssl=1 1280w\" sizes=\"auto, (max-width: 800px) 100vw, 800px\" \/><\/p>\n<p>&nbsp;<\/p>\n<p><strong>Ser\u00e1 este s\u00e1bado a las 20:30 horas en el Teatro Municipal, y la entrada general (numeradas en plateas) costar\u00e1 $1.320.<\/strong> Por la compra online, se aclar\u00f3, deber\u00e1 sumarse el 5% por el cargo por servicio de Articket.<\/p>\n<p>&nbsp;<\/p>\n<p>Los puntos de venta son:<\/p>\n<p>&nbsp;<\/p>\n<p>Venta en el Teatro con tarjetas de cr\u00e9dito y d\u00e9bito.<\/p>\n<p>Venta on line www.articket.com.ar con cr\u00e9dito y d\u00e9bito.<\/p>\n<p>Venta en Disquer\u00eda Collins (Necochea 2831) en efectivo.<\/p>\n","protected":false},"excerpt":{"rendered":"<p>Tras un a\u00f1o muy bueno para la \u201cbanda homenaje\u201d a H\u00e9roes del Silencio, este s\u00e1bado coronar\u00e1n su propuesta con un<\/p>\n","protected":false},"author":2,"featured_media":67654,"comment_status":"closed","ping_status":"closed","sticky":false,"template":"","format":"standard","meta":{"_jetpack_memberships_contains_paid_content":false,"footnotes":""},"categories":[9,1],"tags":[],"class_list":["post-67652","post","type-post","status-publish","format-standard","has-post-thumbnail","hentry","category-cultura","category-portada"],"jetpack_featured_media_url":"https:\/\/i0.wp.com\/cdnoticias.com\/wp-content\/uploads\/2022\/10\/WhatsApp-Image-2022-10-19-at-12.45.27-2.jpeg?fit=1296%2C864&ssl=1","jetpack_sharing_enabled":true,"_links":{"self":[{"href":"https:\/\/cdnoticias.com\/index.php\/wp-json\/wp\/v2\/posts\/67652","targetHints":{"allow":["GET"]}}],"collection":[{"href":"https:\/\/cdnoticias.com\/index.php\/wp-json\/wp\/v2\/posts"}],"about":[{"href":"https:\/\/cdnoticias.com\/index.php\/wp-json\/wp\/v2\/types\/post"}],"author":[{"embeddable":true,"href":"https:\/\/cdnoticias.com\/index.php\/wp-json\/wp\/v2\/users\/2"}],"replies":[{"embeddable":true,"href":"https:\/\/cdnoticias.com\/index.php\/wp-json\/wp\/v2\/comments?post=67652"}],"version-history":[{"count":0,"href":"https:\/\/cdnoticias.com\/index.php\/wp-json\/wp\/v2\/posts\/67652\/revisions"}],"wp:featuredmedia":[{"embeddable":true,"href":"https:\/\/cdnoticias.com\/index.php\/wp-json\/wp\/v2\/media\/67654"}],"wp:attachment":[{"href":"https:\/\/cdnoticias.com\/index.php\/wp-json\/wp\/v2\/media?parent=67652"}],"wp:term":[{"taxonomy":"category","embeddable":true,"href":"https:\/\/cdnoticias.com\/index.php\/wp-json\/wp\/v2\/categories?post=67652"},{"taxonomy":"post_tag","embeddable":true,"href":"https:\/\/cdnoticias.com\/index.php\/wp-json\/wp\/v2\/tags?post=67652"}],"curies":[{"name":"wp","href":"https:\/\/api.w.org\/{rel}","templated":true}]}}