{"id":67639,"date":"2022-10-19T19:46:33","date_gmt":"2022-10-19T22:46:33","guid":{"rendered":"https:\/\/www.centraldenoticias.com.ar\/?p=67639"},"modified":"2022-10-19T19:46:33","modified_gmt":"2022-10-19T22:46:33","slug":"es-quizas-mas-importante-que-nunca-ver-esta-pelicula-con-otro-al-lado","status":"publish","type":"post","link":"https:\/\/cdnoticias.com\/index.php\/2022\/10\/19\/es-quizas-mas-importante-que-nunca-ver-esta-pelicula-con-otro-al-lado\/","title":{"rendered":"&#8220;Es quiz\u00e1s m\u00e1s importante que nunca ver esta pel\u00edcula con otro al lado&#8221;"},"content":{"rendered":"<p>As\u00ed lo dijo el m\u00fasico Ignacio Montoya Carlotto a trav\u00e9s de su red social Twitter. Argentina, 1985 se estrenar\u00e1 este viernes 21 en Amazon Prime. <!--more--><\/p>\n<hr \/>\n<p>&nbsp;<\/p>\n<p>La pel\u00edcula basada en el <strong>Juicio a las Juntas,<\/strong> <em><strong>&#8220;Argentina, 1985&#8221;<\/strong><\/em> ya fue vista por <strong>millones de argentinos en las salas de cines de todo el pa\u00eds.<\/strong> Sin embargo, a partir de este<strong> viernes 21 estar\u00e1 disponible <\/strong>en la plataforma de streaming<strong> Amazon Prime.<\/strong><\/p>\n<p>&nbsp;<\/p>\n<p><strong>Ignacio Montoya Carlotto,<\/strong> <strong>m\u00fasico olavarriense y nieto recuperado de Estela de Carlotto,<\/strong> integrante de Abuelas de Plaza de Mayo, sugiri\u00f3 a trav\u00e9s de sus redes sociales que a la pel\u00edcula <strong>&#8220;vayan a verla al cine,<\/strong> despu\u00e9s si quieren vuelven a ver en su casa&#8221;.<\/p>\n<p>&nbsp;<\/p>\n<blockquote class=\"twitter-tweet\">\n<p dir=\"ltr\" lang=\"es\">En breve estar\u00e1 disponible para ver por streaming en Amazon prime Argentina 1985. Por eso mismo sugiero a quienes a\u00fan puedan verla en el cine, \u00a1vayan! Vayan a verla al cine, despu\u00e9s si quieren la vuelven a ver en su casa. \u00bfPorque? \ud83d\udc47(1) <a href=\"https:\/\/t.co\/zjKphCcfVB\">pic.twitter.com\/zjKphCcfVB<\/a><\/p>\n<p>\u2014 Ignacio Montoya Carlotto (@montoyacarlotto) <a href=\"https:\/\/twitter.com\/montoyacarlotto\/status\/1582791024178790401?ref_src=twsrc%5Etfw\">October 19, 2022<\/a><\/p><\/blockquote>\n<p><script async src=\"https:\/\/platform.twitter.com\/widgets.js\" charset=\"utf-8\"><\/script><\/p>\n<p>&nbsp;<\/p>\n<p>El <strong>film de Santiago Mitre protagonizado por Ricardo Dar\u00edn y Peter Lanzani<\/strong> estar\u00e1 en las salas de cines unas semanas m\u00e1s y se posiciona como una de las <strong>candidatas a los premios Oscar 2023.<\/strong><\/p>\n<p>&nbsp;<\/p>\n<p>&#8220;Para poder ser parte de ese rito social, que implica ir con otros a ver esta pel\u00edcula<strong>. Es quiz\u00e1s m\u00e1s importante que nunca ver esta pel\u00edcula con otro al lado&#8230; y quiz\u00e1s sea importante para esta obra y no con otras m\u00e1s, pero con esta s\u00ed lo es.<\/strong> <strong>Por lo que cuenta y como lo cuenta. Ser\u00e1 un tiempo irrepetible y necesario<\/strong>, sentarse est\u00e1 vez como otras en el cine, en silencio al lado de otros, re\u00edr, llorar, <strong>estremecerse por igual&#8221;<\/strong> expres\u00f3 Carlotto.<\/p>\n<p>&nbsp;<\/p>\n<p>Adem\u00e1s, el m\u00fasico olavarriense agreg\u00f3 que &#8220;<strong>este film<\/strong> en su corto recorrido desde que nos lo mostraron, <strong>se ha transformado por lejos, en un acontecimiento colectivo,<\/strong> el que se vale, de una hechura excelente, pero que no deja eso como impronta&#8221;.<\/p>\n<p>&nbsp;<\/p>\n<p>&#8220;<strong>Ir a ver est\u00e1 obra con otros argentinos, bajo el mismo techo, es un hecho de una val\u00eda enorme, no se lo pierdan.<\/strong> Eso es tan necesario como est\u00e1 pel\u00edcula. Tan necesario como sentirnos menos solos en la soledad de una sala de cine y en el mismo mundo&#8221; cerr\u00f3 Carlotto a trav\u00e9s de su red social.<\/p>\n<p>&nbsp;<\/p>\n<p>&nbsp;<\/p>\n<p>&nbsp;<\/p>\n<p>&nbsp;<\/p>\n","protected":false},"excerpt":{"rendered":"<p>As\u00ed lo dijo el m\u00fasico Ignacio Montoya Carlotto a trav\u00e9s de su red social Twitter. Argentina, 1985 se estrenar\u00e1 este<\/p>\n","protected":false},"author":6,"featured_media":67640,"comment_status":"closed","ping_status":"closed","sticky":false,"template":"","format":"standard","meta":{"_jetpack_memberships_contains_paid_content":false,"footnotes":""},"categories":[6,1],"tags":[],"class_list":["post-67639","post","type-post","status-publish","format-standard","has-post-thumbnail","hentry","category-nacionales","category-portada"],"jetpack_featured_media_url":"https:\/\/i0.wp.com\/cdnoticias.com\/wp-content\/uploads\/2022\/10\/Argentina-1985-web.jpg?fit=1200%2C800&ssl=1","jetpack_sharing_enabled":true,"_links":{"self":[{"href":"https:\/\/cdnoticias.com\/index.php\/wp-json\/wp\/v2\/posts\/67639","targetHints":{"allow":["GET"]}}],"collection":[{"href":"https:\/\/cdnoticias.com\/index.php\/wp-json\/wp\/v2\/posts"}],"about":[{"href":"https:\/\/cdnoticias.com\/index.php\/wp-json\/wp\/v2\/types\/post"}],"author":[{"embeddable":true,"href":"https:\/\/cdnoticias.com\/index.php\/wp-json\/wp\/v2\/users\/6"}],"replies":[{"embeddable":true,"href":"https:\/\/cdnoticias.com\/index.php\/wp-json\/wp\/v2\/comments?post=67639"}],"version-history":[{"count":0,"href":"https:\/\/cdnoticias.com\/index.php\/wp-json\/wp\/v2\/posts\/67639\/revisions"}],"wp:featuredmedia":[{"embeddable":true,"href":"https:\/\/cdnoticias.com\/index.php\/wp-json\/wp\/v2\/media\/67640"}],"wp:attachment":[{"href":"https:\/\/cdnoticias.com\/index.php\/wp-json\/wp\/v2\/media?parent=67639"}],"wp:term":[{"taxonomy":"category","embeddable":true,"href":"https:\/\/cdnoticias.com\/index.php\/wp-json\/wp\/v2\/categories?post=67639"},{"taxonomy":"post_tag","embeddable":true,"href":"https:\/\/cdnoticias.com\/index.php\/wp-json\/wp\/v2\/tags?post=67639"}],"curies":[{"name":"wp","href":"https:\/\/api.w.org\/{rel}","templated":true}]}}