{"id":67636,"date":"2022-10-19T19:00:30","date_gmt":"2022-10-19T22:00:30","guid":{"rendered":"https:\/\/www.centraldenoticias.com.ar\/?p=67636"},"modified":"2022-10-20T07:56:22","modified_gmt":"2022-10-20T10:56:22","slug":"la-canasta-basica-aumento-71-en-septiembre-una-familia-necesito-128-214-para-no-ser-pobre","status":"publish","type":"post","link":"https:\/\/cdnoticias.com\/index.php\/2022\/10\/19\/la-canasta-basica-aumento-71-en-septiembre-una-familia-necesito-128-214-para-no-ser-pobre\/","title":{"rendered":"La canasta b\u00e1sica subi\u00f3 7,1%: una familia necesit\u00f3 $128.214 para no ser pobre"},"content":{"rendered":"<div class=\"td_block_wrap tdb_single_subtitle tdi_72 td-pb-border-top td_block_template_1\" data-td-block-uid=\"tdi_72\">\n<div class=\"tdb-block-inner td-fix-index\">\n<p>La inflaci\u00f3n aument\u00f3 en septiembre 6,2% y registr\u00f3 una desaceleraci\u00f3n de ocho d\u00e9cimas con relaci\u00f3n al 7% de agosto.<\/p>\n<\/div>\n<\/div>\n<p><!--more--><\/p>\n<hr \/>\n<div class=\"td_block_wrap tdb_single_date tdi_73 td-pb-border-top td_block_template_1 tdb-post-meta\" data-td-block-uid=\"tdi_73\">\n<p>El costo de la <strong>Canasta B\u00e1sica Alimentaria<\/strong> (CBA) <strong>aument\u00f3 en septiembre 7,1 %,<\/strong> por lo que <strong>una pareja con dos hijos necesit\u00f3 percibir $56.732 para adquirir la cantidad m\u00ednima de comida y no caer en la indigencia<\/strong>, inform\u00f3 hoy el Instituto Nacional de Estad\u00edstica y Censos (Indec).<\/p>\n<p>&nbsp;<\/p>\n<p>En tanto el costo de la <strong>Canasta B\u00e1sica Total<\/strong> (CBT), que marca el umbral por debajo del cual se cae en la pobreza, <strong>alcanz\u00f3 en septiembre lo $ 128.214 con un aumento tambi\u00e9n del 7,1% mensual.<\/strong><\/p>\n<p>&nbsp;<\/p>\n<p>En los primeros nueve meses del a\u00f1o, el valor de la CBA se increment\u00f3 el 64,8 %, mientras que el de la CBT avanz\u00f3 60,2 %. Esta diferencia entre ambas canastas se debe a que los precios de las tarifas del transporte y los servicios p\u00fablicos tuvieron incrementos por debajo de los alimentos. Entre septiembre de este a\u00f1o e igual mes del 2021, el precio de la CBA se increment\u00f3 a 78,4% y el de la CBT a 73,1% .<\/p>\n<p>&nbsp;<\/p>\n<p>El<strong> \u00cdndice de Precios al Consumidor aument\u00f3 durante septiembre 6,2%<\/strong> y registr\u00f3 una desaceleraci\u00f3n de ocho d\u00e9cimas con relaci\u00f3n al 7% de agosto. De igual modo, acumul\u00f3 un alza del 66,1% para los nueves primeros meses del a\u00f1o, y del 83% en los \u00faltimos 12 meses.<\/p>\n<p>&nbsp;<\/p>\n<p>La<strong> suba en el rubro \u201cAlimentos y bebidas no alcoh\u00f3licas\u201d, con el 6,7%, result\u00f3 la de mayor incidencia en todas las regiones<\/strong>. En lo que va del a\u00f1o ese segmento aument\u00f3 69,5 % y un 86,6 % en los \u00faltimos 12 meses.<\/p>\n<p>&nbsp;<\/p>\n<p>Al t\u00e9rmino del primer semestre del a\u00f1o, el 36,5% de los habitantes del pa\u00eds estaban bajo la l\u00ednea de la pobreza, y entre ellos, 8,8% eran indigentes, es decir, no les alcanzaba el dinero para comprar la cantidad m\u00ednima de comida para alimentarse.<\/p>\n<p>&nbsp;<\/p>\n<p>El \u00edndice de pobreza baj\u00f3 0,8 puntos porcentuales respecto al cierre del a\u00f1o pasado, cuando alcanz\u00f3 el 37,3%, pero aument\u00f3 0,6 puntos el de indigencia, que se encontraba en 8,2%, inform\u00f3 el Indec.<\/p>\n<\/div>\n<p>&nbsp;<\/p>\n<p><em>Fuente: DIB\u00a0<\/em><\/p>\n","protected":false},"excerpt":{"rendered":"<p>La inflaci\u00f3n aument\u00f3 en septiembre 6,2% y registr\u00f3 una desaceleraci\u00f3n de ocho d\u00e9cimas con relaci\u00f3n al 7% de agosto.<\/p>\n","protected":false},"author":6,"featured_media":67637,"comment_status":"closed","ping_status":"closed","sticky":false,"template":"","format":"standard","meta":{"_jetpack_memberships_contains_paid_content":false,"footnotes":""},"categories":[6,1],"tags":[],"class_list":["post-67636","post","type-post","status-publish","format-standard","has-post-thumbnail","hentry","category-nacionales","category-portada"],"jetpack_featured_media_url":"https:\/\/i0.wp.com\/cdnoticias.com\/wp-content\/uploads\/2022\/10\/SUPERMERCADOS_MG_8486__WEB-696x344-1.jpg?fit=696%2C344&ssl=1","jetpack_sharing_enabled":true,"_links":{"self":[{"href":"https:\/\/cdnoticias.com\/index.php\/wp-json\/wp\/v2\/posts\/67636","targetHints":{"allow":["GET"]}}],"collection":[{"href":"https:\/\/cdnoticias.com\/index.php\/wp-json\/wp\/v2\/posts"}],"about":[{"href":"https:\/\/cdnoticias.com\/index.php\/wp-json\/wp\/v2\/types\/post"}],"author":[{"embeddable":true,"href":"https:\/\/cdnoticias.com\/index.php\/wp-json\/wp\/v2\/users\/6"}],"replies":[{"embeddable":true,"href":"https:\/\/cdnoticias.com\/index.php\/wp-json\/wp\/v2\/comments?post=67636"}],"version-history":[{"count":0,"href":"https:\/\/cdnoticias.com\/index.php\/wp-json\/wp\/v2\/posts\/67636\/revisions"}],"wp:featuredmedia":[{"embeddable":true,"href":"https:\/\/cdnoticias.com\/index.php\/wp-json\/wp\/v2\/media\/67637"}],"wp:attachment":[{"href":"https:\/\/cdnoticias.com\/index.php\/wp-json\/wp\/v2\/media?parent=67636"}],"wp:term":[{"taxonomy":"category","embeddable":true,"href":"https:\/\/cdnoticias.com\/index.php\/wp-json\/wp\/v2\/categories?post=67636"},{"taxonomy":"post_tag","embeddable":true,"href":"https:\/\/cdnoticias.com\/index.php\/wp-json\/wp\/v2\/tags?post=67636"}],"curies":[{"name":"wp","href":"https:\/\/api.w.org\/{rel}","templated":true}]}}