{"id":67578,"date":"2022-10-19T15:08:50","date_gmt":"2022-10-19T18:08:50","guid":{"rendered":"https:\/\/www.centraldenoticias.com.ar\/?p=67578"},"modified":"2022-10-19T15:08:50","modified_gmt":"2022-10-19T18:08:50","slug":"la-provincia-tiene-un-nuevo-reglamento-para-medicos-residentes","status":"publish","type":"post","link":"https:\/\/cdnoticias.com\/index.php\/2022\/10\/19\/la-provincia-tiene-un-nuevo-reglamento-para-medicos-residentes\/","title":{"rendered":"La Provincia tiene un nuevo reglamento para m\u00e9dicos residentes"},"content":{"rendered":"<p>Busca mejorar las condiciones laborales, sociales y formativas. Fue en un acto encabezado por el gobernador Axel Kicillof y el ministro Nicol\u00e1s Kreplak.<!--more--><\/p>\n<hr \/>\n<p><strong>El gobernador de la provincia de Buenos Aires, Axel Kicillof, encabez\u00f3 este martes junto al ministro de Salud, Nicol\u00e1s Kreplak, la presentaci\u00f3n de un nuevo reglamento para regular la actividad de m\u00e9dicos y m\u00e9dicas residentes<\/strong>, saldando una demanda hist\u00f3rica de los y las profesionales con el objeto de mejorar sus condiciones laborales y formativas.<\/p>\n<p>&nbsp;<\/p>\n<p>Durante el acto desarrollado en el Sal\u00f3n Dorado de la Casa de Gobierno, <strong>Kicillof destac\u00f3 que \u201ceste nuevo reglamento es el resultado de una construcci\u00f3n colectiva y de una discusi\u00f3n amplia, democr\u00e1tica<\/strong>, que incluy\u00f3 a sindicatos, directores de hospitales, residentes y representantes de la comunidad\u201d.<\/p>\n<p>&nbsp;<\/p>\n<blockquote><p>\u201cApuntamos a mejorar las condiciones de formaci\u00f3n y trabajo de las y los residentes, en el marco de un proceso de transformaci\u00f3n e integraci\u00f3n de un sistema de salud que encontramos muy deteriorado\u201d, agreg\u00f3.<\/p><\/blockquote>\n<p>&nbsp;<\/p>\n<p><img data-recalc-dims=\"1\" loading=\"lazy\" decoding=\"async\" class=\"size-full wp-image-67572 aligncenter\" src=\"https:\/\/i0.wp.com\/cdnoticias.com\/wp-content\/uploads\/2022\/10\/salud-regimen-residencias-01.jpg?resize=800%2C445&#038;ssl=1\" alt=\"\" width=\"800\" height=\"445\" srcset=\"https:\/\/i0.wp.com\/cdnoticias.com\/wp-content\/uploads\/2022\/10\/salud-regimen-residencias-01.jpg?w=800&amp;ssl=1 800w, https:\/\/i0.wp.com\/cdnoticias.com\/wp-content\/uploads\/2022\/10\/salud-regimen-residencias-01.jpg?resize=300%2C167&amp;ssl=1 300w, https:\/\/i0.wp.com\/cdnoticias.com\/wp-content\/uploads\/2022\/10\/salud-regimen-residencias-01.jpg?resize=768%2C427&amp;ssl=1 768w\" sizes=\"auto, (max-width: 800px) 100vw, 800px\" \/><\/p>\n<p>&nbsp;<\/p>\n<p>A partir del trabajo conjunto con <strong>hospitales, regiones sanitarias, residentes y la Asociaci\u00f3n Sindical de Profesionales de la Salud de la Provincia (CICOP)<\/strong>, la iniciativa establece un <strong>nuevo r\u00e9gimen de jornada laboral de lunes a viernes, eliminando los s\u00e1bados, y reduce las horas de guardia de 24 a 12<\/strong>. Adem\u00e1s, brinda la posibilidad a residentes del \u00faltimo a\u00f1o de contar con un d\u00eda laboral por semana para realizar <strong>otras tareas remuneradas<\/strong>.<\/p>\n<p>&nbsp;<\/p>\n<p>A nivel salarial, se incorpora <strong>un plus por guardia con un valor del 13% del sueldo de un jefe de residentes y un adicional del 7% del ingreso de quien trabaje en una zona de baja cobertura,<\/strong> con el objetivo de incentivar la radicaci\u00f3n de profesionales en \u00e1mbitos de mayor necesidad. Asimismo, <strong>se agrega una suma de 1.500 pesos por hijo<\/strong>, que se duplica en caso de que el menor tuviera alguna discapacidad, y <strong>se incorporan los aportes al IPS<\/strong> (sin p\u00e9rdida de salario de bolsillo).<\/p>\n<p>&nbsp;<\/p>\n<p>En ese sentido, el Gobernador se\u00f1al\u00f3 que <strong>\u201cel r\u00e9gimen de residentes hab\u00eda quedado muy desactualizado y necesitaba cambios profundos<\/strong> en aspectos que hacen a las condiciones de trabajo\u201d. \u201cAdem\u00e1s, con la modernizaci\u00f3n del reglamento apuntamos a que la provincia de Buenos Aires sea m\u00e1s atractiva para quienes tienen que decidir d\u00f3nde realizar sus periodos de residencia\u201d, indic\u00f3.<\/p>\n<p>&nbsp;<\/p>\n<p><img data-recalc-dims=\"1\" loading=\"lazy\" decoding=\"async\" class=\"size-full wp-image-67570 aligncenter\" src=\"https:\/\/i0.wp.com\/cdnoticias.com\/wp-content\/uploads\/2022\/10\/nicolas-kreplak.jpg?resize=800%2C445&#038;ssl=1\" alt=\"\" width=\"800\" height=\"445\" srcset=\"https:\/\/i0.wp.com\/cdnoticias.com\/wp-content\/uploads\/2022\/10\/nicolas-kreplak.jpg?w=800&amp;ssl=1 800w, https:\/\/i0.wp.com\/cdnoticias.com\/wp-content\/uploads\/2022\/10\/nicolas-kreplak.jpg?resize=300%2C167&amp;ssl=1 300w, https:\/\/i0.wp.com\/cdnoticias.com\/wp-content\/uploads\/2022\/10\/nicolas-kreplak.jpg?resize=768%2C427&amp;ssl=1 768w\" sizes=\"auto, (max-width: 800px) 100vw, 800px\" \/><\/p>\n<p>&nbsp;<\/p>\n<p>&nbsp;<\/p>\n<blockquote><p>En tanto, Kreplak resalt\u00f3 que \u201choy se consolida un avance despu\u00e9s de muchos a\u00f1os de lucha y de reclamos por parte de todas y todos los que integramos el sistema de salud bonaerense\u201d. \u201cEste nuevo reglamento mejora las condiciones laborales y de aprendizaje, haciendo adem\u00e1s que la provincia sea un destino m\u00e1s atractivo para quienes deben elegir d\u00f3nde llevar adelante sus periodos de especializaci\u00f3n\u201d, a\u00f1adi\u00f3 y afirm\u00f3: \u201cEs una nueva demostraci\u00f3n de la vocaci\u00f3n de un Gobierno provincial que prioriza la educaci\u00f3n, la formaci\u00f3n p\u00fablica y la juventud, con quienes contamos para construir el sistema de salud que queremos\u201d.<\/p><\/blockquote>\n<p>&nbsp;<\/p>\n<p>La actualizaci\u00f3n de la regulaci\u00f3n que reg\u00eda desde el a\u00f1o 2001 implica una mejora sustancial para los<strong> 5 mil residentes que componen el sistema de salud bonaerense<\/strong>, contribuyendo adem\u00e1s con la reducci\u00f3n de asimetr\u00edas hist\u00f3ricas con las residencias nacionales y de otras jurisdicciones.<\/p>\n<p>&nbsp;<\/p>\n<p>Por \u00faltimo, Kicillof subray\u00f3: \u201cEstamos dando un paso y marcando un hito en un recorrido que tiene que ver con la <strong>reparaci\u00f3n y la b\u00fasqueda de justicia laboral y, sobre todo, de justicia social\u201d.<\/strong><\/p>\n<p>&nbsp;<\/p>\n<p>Estuvieron presentes el <em>ministro de Trabajo, Walter Correa; las subsecretarias de Gesti\u00f3n de la Informaci\u00f3n, Educaci\u00f3n Permanente y Fiscalizaci\u00f3n, Leticia Ceriani; y de T\u00e9cnica, Administrativa y Legal del Ministerio de Salud, Pamela Gagliardo; el subsecretario de Coordinaci\u00f3n Econ\u00f3mica y Estad\u00edstica del Ministerio de Hacienda y Finanzas, Nicol\u00e1s Todesca; el director provincial de la Escuela de Gobierno en Salud, Mario Rovere; y el presidente de CICOP, Pablo Maciel<\/em>.<\/p>\n<p>&nbsp;<\/p>\n","protected":false},"excerpt":{"rendered":"<p>Busca mejorar las condiciones laborales, sociales y formativas. Fue en un acto encabezado por el gobernador Axel Kicillof y el<\/p>\n","protected":false},"author":4,"featured_media":67571,"comment_status":"closed","ping_status":"closed","sticky":false,"template":"","format":"standard","meta":{"_jetpack_memberships_contains_paid_content":false,"footnotes":""},"categories":[6],"tags":[],"class_list":["post-67578","post","type-post","status-publish","format-standard","has-post-thumbnail","hentry","category-nacionales"],"jetpack_featured_media_url":"https:\/\/i0.wp.com\/cdnoticias.com\/wp-content\/uploads\/2022\/10\/salud-regimen-residencias-00.jpg?fit=800%2C445&ssl=1","jetpack_sharing_enabled":true,"_links":{"self":[{"href":"https:\/\/cdnoticias.com\/index.php\/wp-json\/wp\/v2\/posts\/67578","targetHints":{"allow":["GET"]}}],"collection":[{"href":"https:\/\/cdnoticias.com\/index.php\/wp-json\/wp\/v2\/posts"}],"about":[{"href":"https:\/\/cdnoticias.com\/index.php\/wp-json\/wp\/v2\/types\/post"}],"author":[{"embeddable":true,"href":"https:\/\/cdnoticias.com\/index.php\/wp-json\/wp\/v2\/users\/4"}],"replies":[{"embeddable":true,"href":"https:\/\/cdnoticias.com\/index.php\/wp-json\/wp\/v2\/comments?post=67578"}],"version-history":[{"count":0,"href":"https:\/\/cdnoticias.com\/index.php\/wp-json\/wp\/v2\/posts\/67578\/revisions"}],"wp:featuredmedia":[{"embeddable":true,"href":"https:\/\/cdnoticias.com\/index.php\/wp-json\/wp\/v2\/media\/67571"}],"wp:attachment":[{"href":"https:\/\/cdnoticias.com\/index.php\/wp-json\/wp\/v2\/media?parent=67578"}],"wp:term":[{"taxonomy":"category","embeddable":true,"href":"https:\/\/cdnoticias.com\/index.php\/wp-json\/wp\/v2\/categories?post=67578"},{"taxonomy":"post_tag","embeddable":true,"href":"https:\/\/cdnoticias.com\/index.php\/wp-json\/wp\/v2\/tags?post=67578"}],"curies":[{"name":"wp","href":"https:\/\/api.w.org\/{rel}","templated":true}]}}