{"id":67566,"date":"2022-10-19T11:29:17","date_gmt":"2022-10-19T14:29:17","guid":{"rendered":"https:\/\/www.centraldenoticias.com.ar\/?p=67566"},"modified":"2022-10-19T12:19:57","modified_gmt":"2022-10-19T15:19:57","slug":"inadi-brindo-una-capacitacion-para-cadetes-de-la-escuela-de-policia","status":"publish","type":"post","link":"https:\/\/cdnoticias.com\/index.php\/2022\/10\/19\/inadi-brindo-una-capacitacion-para-cadetes-de-la-escuela-de-policia\/","title":{"rendered":"INADI brind\u00f3 una capacitaci\u00f3n para cadetes de la Escuela de Polic\u00eda"},"content":{"rendered":"<p>El subdelegado Norberto Almeida estuvo a cargo de la primera capacitaci\u00f3n. \u201cLos prejuicios construidos en nuestra sociedad no pueden seguir reproduci\u00e9ndose\u201d dijo Norberto Almeida.<!--more--><\/p>\n<hr \/>\n<p><strong>El INADI realiz\u00f3 la primera capacitaci\u00f3n para cadetes de la Escuela de Polic\u00eda \u201cJuan Vucetich\u201d<\/strong>, la cual continuar\u00e1 en los pr\u00f3ximos d\u00edas.<\/p>\n<p>&nbsp;<\/p>\n<p>Fue este martes y <strong>estuvo a cargo del Subdelegado Regional Norberto Almeida<\/strong>. Se trat\u00f3 sobre <strong>\u201cActos y Pr\u00e1cticas discriminatorias\u201d.<\/strong><\/p>\n<p>&nbsp;<\/p>\n<blockquote><p>\u201cEsta iniciativa del INADI a nivel local, tuvo una muy buena aceptaci\u00f3n por parte de las autoridades de la Escuela de Polic\u00eda del partido de Olavarr\u00eda\u201d se destac\u00f3 desde el INADI.<\/p><\/blockquote>\n<p>&nbsp;<\/p>\n<p>La jornada se llev\u00f3 a cabo en horas de la tarde y se abordaron los siguientes temas: <em>Ley Nacional 23.592\/88, actos discriminatorios; l\u00edneas de acci\u00f3n; acceso a derechos; Identidad de G\u00e9nero: Pr\u00e1cticas para el buen trato; estereotipos y prejuicios de nuestra sociedad; Racismo; Rol del estado para garantizar el acceso igualitario a los derechos<\/em>.<\/p>\n<p>&nbsp;<\/p>\n<p><img data-recalc-dims=\"1\" loading=\"lazy\" decoding=\"async\" class=\"size-full wp-image-67569 aligncenter\" src=\"https:\/\/i0.wp.com\/cdnoticias.com\/wp-content\/uploads\/2022\/10\/Inadi-charla-policia-01.jpg?resize=800%2C445&#038;ssl=1\" alt=\"\" width=\"800\" height=\"445\" srcset=\"https:\/\/i0.wp.com\/cdnoticias.com\/wp-content\/uploads\/2022\/10\/Inadi-charla-policia-01.jpg?w=800&amp;ssl=1 800w, https:\/\/i0.wp.com\/cdnoticias.com\/wp-content\/uploads\/2022\/10\/Inadi-charla-policia-01.jpg?resize=300%2C167&amp;ssl=1 300w, https:\/\/i0.wp.com\/cdnoticias.com\/wp-content\/uploads\/2022\/10\/Inadi-charla-policia-01.jpg?resize=768%2C427&amp;ssl=1 768w\" sizes=\"auto, (max-width: 800px) 100vw, 800px\" \/><\/p>\n<p>&nbsp;<\/p>\n<p>Se indic\u00f3 que la propuesta tiene como objetivo<strong> \u201cacompa\u00f1ar y aportar conocimientos sobre derechos humanos a la formaci\u00f3n de quienes ser\u00e1n los futuros egresados de la instituci\u00f3n<\/strong> y se integrar\u00e1n al personal de la fuerza de seguridad de la Provincia de Buenos Aires\u201d.<\/p>\n<p>&nbsp;<\/p>\n<blockquote><p>En el marco de esta primera actividad, Almeida manifest\u00f3 que la responsabilidad de terminar con las pr\u00e1cticas discriminatorias en nuestra sociedad depende del compromiso de cada uno y expres\u00f3: \u201ctodas las instituciones deben aportar y contribuir a la transformaci\u00f3n real de lo que vemos desde hace tiempo que est\u00e1 mal. Tenemos un compromiso con el presente y el futuro\u201d.<\/p><\/blockquote>\n<p>&nbsp;<\/p>\n<p><strong>\u201cLos prejuicios construidos en nuestra sociedad no pueden seguir reproduci\u00e9ndose, es momento de hacernos cargo y terminar con todas las pr\u00e1cticas discriminatorias\u201d<\/strong> expres\u00f3 el subdelegado regional.<\/p>\n<p>&nbsp;<\/p>\n","protected":false},"excerpt":{"rendered":"<p>El subdelegado Norberto Almeida estuvo a cargo de la primera capacitaci\u00f3n. \u201cLos prejuicios construidos en nuestra sociedad no pueden seguir<\/p>\n","protected":false},"author":4,"featured_media":67568,"comment_status":"closed","ping_status":"closed","sticky":false,"template":"","format":"standard","meta":{"_jetpack_memberships_contains_paid_content":false,"footnotes":""},"categories":[5,1],"tags":[],"class_list":["post-67566","post","type-post","status-publish","format-standard","has-post-thumbnail","hentry","category-informacion-general","category-portada"],"jetpack_featured_media_url":"https:\/\/i0.wp.com\/cdnoticias.com\/wp-content\/uploads\/2022\/10\/Inadi-charla-policia-00.jpg?fit=800%2C445&ssl=1","jetpack_sharing_enabled":true,"_links":{"self":[{"href":"https:\/\/cdnoticias.com\/index.php\/wp-json\/wp\/v2\/posts\/67566","targetHints":{"allow":["GET"]}}],"collection":[{"href":"https:\/\/cdnoticias.com\/index.php\/wp-json\/wp\/v2\/posts"}],"about":[{"href":"https:\/\/cdnoticias.com\/index.php\/wp-json\/wp\/v2\/types\/post"}],"author":[{"embeddable":true,"href":"https:\/\/cdnoticias.com\/index.php\/wp-json\/wp\/v2\/users\/4"}],"replies":[{"embeddable":true,"href":"https:\/\/cdnoticias.com\/index.php\/wp-json\/wp\/v2\/comments?post=67566"}],"version-history":[{"count":0,"href":"https:\/\/cdnoticias.com\/index.php\/wp-json\/wp\/v2\/posts\/67566\/revisions"}],"wp:featuredmedia":[{"embeddable":true,"href":"https:\/\/cdnoticias.com\/index.php\/wp-json\/wp\/v2\/media\/67568"}],"wp:attachment":[{"href":"https:\/\/cdnoticias.com\/index.php\/wp-json\/wp\/v2\/media?parent=67566"}],"wp:term":[{"taxonomy":"category","embeddable":true,"href":"https:\/\/cdnoticias.com\/index.php\/wp-json\/wp\/v2\/categories?post=67566"},{"taxonomy":"post_tag","embeddable":true,"href":"https:\/\/cdnoticias.com\/index.php\/wp-json\/wp\/v2\/tags?post=67566"}],"curies":[{"name":"wp","href":"https:\/\/api.w.org\/{rel}","templated":true}]}}