{"id":67563,"date":"2022-10-19T10:30:54","date_gmt":"2022-10-19T13:30:54","guid":{"rendered":"https:\/\/www.centraldenoticias.com.ar\/?p=67563"},"modified":"2022-10-19T10:30:54","modified_gmt":"2022-10-19T13:30:54","slug":"vivo-diputados-trabaja-en-la-creacion-de-titulo-de-credito-agropecuario","status":"publish","type":"post","link":"https:\/\/cdnoticias.com\/index.php\/2022\/10\/19\/vivo-diputados-trabaja-en-la-creacion-de-titulo-de-credito-agropecuario\/","title":{"rendered":"VIVO-Diputados trabaja en la creaci\u00f3n de \u201cT\u00edtulo de Cr\u00e9dito Agropecuario\u201d"},"content":{"rendered":"<p>La comisi\u00f3n de Agricultura y Ganader\u00eda se reunir\u00e1 en un encuentro legislativo para tratar la creaci\u00f3n de T\u00edtulo de Cr\u00e9dito Agropecuario, junto con proyectos de resoluci\u00f3n y declaraci\u00f3n.<!--more--><\/p>\n<hr \/>\n<p><strong>La comisi\u00f3n de Agricultura y Ganader\u00eda se reunir\u00e1 en un encuentro legislativo para tratar la creaci\u00f3n de T\u00edtulo de Cr\u00e9dito Agropecuario<\/strong>, junto con proyectos de resoluci\u00f3n y declaraci\u00f3n.<\/p>\n<p>&nbsp;<\/p>\n<p>\u201cCompete a la Comisi\u00f3n de Agricultura y Ganader\u00eda <strong>dictaminar sobre todo asunto o proyecto relativo al r\u00e9gimen y est\u00edmulo de la agricultura y ganader\u00eda<\/strong>; sobre los que se refieran a legislaci\u00f3n rural y agr\u00edcola en general; ense\u00f1anza agr\u00edcola, polic\u00eda sanitaria, r\u00e9gimen y fomento de bosques nacionales\u201d se record\u00f3 sobre las funciones de la comisi\u00f3n.<\/p>\n<p>&nbsp;<\/p>\n<p><iframe loading=\"lazy\" title=\"YouTube video player\" src=\"https:\/\/www.youtube.com\/embed\/LSRfXCNx-AM\" width=\"560\" height=\"315\" frameborder=\"0\" allowfullscreen=\"allowfullscreen\"><\/iframe><\/p>\n<p>&nbsp;<\/p>\n<p>La actividad se podr\u00e1 seguir en los siguientes links:<\/p>\n<p>&nbsp;<\/p>\n<p><strong>En TV<\/strong>: Diputados TV<\/p>\n<p>&nbsp;<\/p>\n<p><strong>En la web:<\/strong> <a href=\"http:\/\/dtv.diputados.gob.ar\">dtv.diputados.gob.ar<\/a><\/p>\n<p>&nbsp;<\/p>\n<p><strong>YouTube:<\/strong> <a href=\"https:\/\/www.youtube.com\/watch?v=Z3rbexzHRdc\" target=\"_blank\" rel=\"noopener\">Hcdn.tv<\/a><\/p>\n<p>&nbsp;<\/p>\n<p><strong>FB:<\/strong> <a href=\"https:\/\/www.facebook.com\/diputados.argentina\" target=\"_blank\" rel=\"noopener\">\/diputados.argentina<\/a><\/p>\n","protected":false},"excerpt":{"rendered":"<p>La comisi\u00f3n de Agricultura y Ganader\u00eda se reunir\u00e1 en un encuentro legislativo para tratar la creaci\u00f3n de T\u00edtulo de Cr\u00e9dito<\/p>\n","protected":false},"author":4,"featured_media":67580,"comment_status":"closed","ping_status":"closed","sticky":false,"template":"","format":"standard","meta":{"_jetpack_memberships_contains_paid_content":false,"footnotes":""},"categories":[6,1],"tags":[],"class_list":["post-67563","post","type-post","status-publish","format-standard","has-post-thumbnail","hentry","category-nacionales","category-portada"],"jetpack_featured_media_url":"https:\/\/i0.wp.com\/cdnoticias.com\/wp-content\/uploads\/2022\/10\/diputados-agricultura-0.jpg?fit=800%2C445&ssl=1","jetpack_sharing_enabled":true,"_links":{"self":[{"href":"https:\/\/cdnoticias.com\/index.php\/wp-json\/wp\/v2\/posts\/67563","targetHints":{"allow":["GET"]}}],"collection":[{"href":"https:\/\/cdnoticias.com\/index.php\/wp-json\/wp\/v2\/posts"}],"about":[{"href":"https:\/\/cdnoticias.com\/index.php\/wp-json\/wp\/v2\/types\/post"}],"author":[{"embeddable":true,"href":"https:\/\/cdnoticias.com\/index.php\/wp-json\/wp\/v2\/users\/4"}],"replies":[{"embeddable":true,"href":"https:\/\/cdnoticias.com\/index.php\/wp-json\/wp\/v2\/comments?post=67563"}],"version-history":[{"count":0,"href":"https:\/\/cdnoticias.com\/index.php\/wp-json\/wp\/v2\/posts\/67563\/revisions"}],"wp:featuredmedia":[{"embeddable":true,"href":"https:\/\/cdnoticias.com\/index.php\/wp-json\/wp\/v2\/media\/67580"}],"wp:attachment":[{"href":"https:\/\/cdnoticias.com\/index.php\/wp-json\/wp\/v2\/media?parent=67563"}],"wp:term":[{"taxonomy":"category","embeddable":true,"href":"https:\/\/cdnoticias.com\/index.php\/wp-json\/wp\/v2\/categories?post=67563"},{"taxonomy":"post_tag","embeddable":true,"href":"https:\/\/cdnoticias.com\/index.php\/wp-json\/wp\/v2\/tags?post=67563"}],"curies":[{"name":"wp","href":"https:\/\/api.w.org\/{rel}","templated":true}]}}