{"id":67557,"date":"2022-10-19T08:34:05","date_gmt":"2022-10-19T11:34:05","guid":{"rendered":"https:\/\/www.centraldenoticias.com.ar\/?p=67557"},"modified":"2022-10-19T11:29:49","modified_gmt":"2022-10-19T14:29:49","slug":"federico-aguilera-fue-elegido-vicepresidente-del-consejo-federal-de-mineria","status":"publish","type":"post","link":"https:\/\/cdnoticias.com\/index.php\/2022\/10\/19\/federico-aguilera-fue-elegido-vicepresidente-del-consejo-federal-de-mineria\/","title":{"rendered":"Federico Aguilera fue elegido vicepresidente del Consejo Federal de Miner\u00eda"},"content":{"rendered":"<p>El organismo ser\u00e1 presidido por Miguel Soler, secretario de Miner\u00eda e Hidrocarburos de Jujuy.<!--more--><\/p>\n<hr \/>\n<p>El subsecretario de Miner\u00eda de la provincia, Federico Aguilera fue elegido <strong>vicepresidente 1\u00b0 del Consejo Federal de Miner\u00eda (COFEMIN)<\/strong> en la elecci\u00f3n de renovaci\u00f3n de autoridades que se realiza cada dos a\u00f1os y participan las autoridades mineras de todo el pa\u00eds. El organismo ser\u00e1 presidido por <strong>Miguel Soler<\/strong>, secretario de Miner\u00eda e Hidrocarburos de la provincia de Jujuy.<\/p>\n<p>&nbsp;<\/p>\n<p>A trav\u00e9s de un encuentro que se desarroll\u00f3 el martes en el Sal\u00f3n Federal de la Secretar\u00eda de Miner\u00eda dependiente del Ministerio de Econom\u00eda de la Naci\u00f3n, se realiz\u00f3 la apertura de la asamblea de COFEMIN, organismo creado por la Ley 24.224, integrado por las provincias y el Estado Nacional cuya misi\u00f3n principal es participar activamente en el <strong>dise\u00f1o, ejecuci\u00f3n y seguimiento de la pol\u00edtica minera nacional.<\/strong><\/p>\n<p>&nbsp;<\/p>\n<p>\u201cLa provincia de Buenos Aires vuelve a tener un lugar central en el Consejo Federal de Miner\u00eda. Desde este lugar vamos a seguir trabajando en el <strong>fortalecimiento de la producci\u00f3n minera bonaerense<\/strong> como lo venimos haciendo junto al gobernador Axel Kicillof y el ministro de Producci\u00f3n Augusto Costa\u201d, se\u00f1al\u00f3 el subsecretario de Miner\u00eda de la provincia, Federico Aguilera<\/p>\n<p>&nbsp;<\/p>\n<p>Cabe remarcar que el COFEMIN es consejo interprovincial creado hace m\u00e1s de dos d\u00e9cadas, y cuyo fortalecimiento como espacio es considerado una pieza clave para discutir las pol\u00edticas del sector, elaborar propuestas desde una \u00f3ptica federal y bregar por un desarrollo minero responsable, integr\u00e1ndolo con el resto de la econom\u00eda de nuestro pa\u00eds.<\/p>\n<p>&nbsp;<\/p>\n<p>La mesa Ejecutiva del Consejo Federal de Miner\u00eda qued\u00f3 conformada de la siguiente manera: Presidente, Miguel Soler (Jujuy); Vicepresidente 1\u00ba, Federico Aguilera (Buenos Aires); Vicepresidenta 2\u00ba, Romina Sassarini (Salta); y Secretario Ejecutivo, Aldo Bonalumi. De este modo se busc\u00f3 equilibrar la representaci\u00f3n de las distintas regiones y de la miner\u00eda metal\u00edfera y no metal\u00edfera.<\/p>\n","protected":false},"excerpt":{"rendered":"<p>El organismo ser\u00e1 presidido por Miguel Soler, secretario de Miner\u00eda e Hidrocarburos de Jujuy.<\/p>\n","protected":false},"author":5,"featured_media":67558,"comment_status":"closed","ping_status":"closed","sticky":false,"template":"","format":"standard","meta":{"_jetpack_memberships_contains_paid_content":false,"footnotes":""},"categories":[4,1],"tags":[],"class_list":["post-67557","post","type-post","status-publish","format-standard","has-post-thumbnail","hentry","category-politica","category-portada"],"jetpack_featured_media_url":"https:\/\/i0.wp.com\/cdnoticias.com\/wp-content\/uploads\/2022\/10\/COFEMIN.jpg?fit=1600%2C959&ssl=1","jetpack_sharing_enabled":true,"_links":{"self":[{"href":"https:\/\/cdnoticias.com\/index.php\/wp-json\/wp\/v2\/posts\/67557","targetHints":{"allow":["GET"]}}],"collection":[{"href":"https:\/\/cdnoticias.com\/index.php\/wp-json\/wp\/v2\/posts"}],"about":[{"href":"https:\/\/cdnoticias.com\/index.php\/wp-json\/wp\/v2\/types\/post"}],"author":[{"embeddable":true,"href":"https:\/\/cdnoticias.com\/index.php\/wp-json\/wp\/v2\/users\/5"}],"replies":[{"embeddable":true,"href":"https:\/\/cdnoticias.com\/index.php\/wp-json\/wp\/v2\/comments?post=67557"}],"version-history":[{"count":0,"href":"https:\/\/cdnoticias.com\/index.php\/wp-json\/wp\/v2\/posts\/67557\/revisions"}],"wp:featuredmedia":[{"embeddable":true,"href":"https:\/\/cdnoticias.com\/index.php\/wp-json\/wp\/v2\/media\/67558"}],"wp:attachment":[{"href":"https:\/\/cdnoticias.com\/index.php\/wp-json\/wp\/v2\/media?parent=67557"}],"wp:term":[{"taxonomy":"category","embeddable":true,"href":"https:\/\/cdnoticias.com\/index.php\/wp-json\/wp\/v2\/categories?post=67557"},{"taxonomy":"post_tag","embeddable":true,"href":"https:\/\/cdnoticias.com\/index.php\/wp-json\/wp\/v2\/tags?post=67557"}],"curies":[{"name":"wp","href":"https:\/\/api.w.org\/{rel}","templated":true}]}}