{"id":67554,"date":"2022-10-19T08:11:43","date_gmt":"2022-10-19T11:11:43","guid":{"rendered":"https:\/\/www.centraldenoticias.com.ar\/?p=67554"},"modified":"2022-10-19T08:47:05","modified_gmt":"2022-10-19T11:47:05","slug":"carmelo-julio-quiroz-q-e-p-d","status":"publish","type":"post","link":"https:\/\/cdnoticias.com\/index.php\/2022\/10\/19\/carmelo-julio-quiroz-q-e-p-d\/","title":{"rendered":"Carmelo Julio Quiroz (Q.E.P.D.)"},"content":{"rendered":"<p>Falleci\u00f3 en Olavarr\u00eda el 19 de octubre de 2022 a los 88 a\u00f1os de edad. Su esposa Perla Laspina de Quiroz; sus hijos: Marina, Daniel y Mariano; sus nietos y dem\u00e1s deudos participan su fallecimiento.<\/p>\n<p>&nbsp;<\/p>\n<p>Sus restos ser\u00e1n velados en sala &#8220;C&#8221; de Espa\u00f1a 2942 (comienza 10:00 y el horario de finalizaci\u00f3n a confirmar) y ser\u00e1n cremados en Crematorio Pinos de Paz en d\u00eda y horario a confirmar, previo responso en la capilla ardiente. Vecino de Microcentro. Ex vecino de Sierra de los Padres. Nacido en Reconquista, Santa F\u00e9. Comerciante Jubilado.<\/p>\n","protected":false},"excerpt":{"rendered":"<p>Falleci\u00f3 en Olavarr\u00eda el 19 de octubre de 2022 a los 88 a\u00f1os de edad. Su esposa Perla Laspina de<\/p>\n","protected":false},"author":5,"featured_media":51544,"comment_status":"closed","ping_status":"closed","sticky":false,"template":"","format":"standard","meta":{"_jetpack_memberships_contains_paid_content":false,"footnotes":""},"categories":[10],"tags":[],"class_list":["post-67554","post","type-post","status-publish","format-standard","has-post-thumbnail","hentry","category-necrologicas"],"jetpack_featured_media_url":"https:\/\/i0.wp.com\/cdnoticias.com\/wp-content\/uploads\/2022\/04\/necrologicas-390-x-240.jpg?fit=390%2C240&ssl=1","jetpack_sharing_enabled":true,"_links":{"self":[{"href":"https:\/\/cdnoticias.com\/index.php\/wp-json\/wp\/v2\/posts\/67554","targetHints":{"allow":["GET"]}}],"collection":[{"href":"https:\/\/cdnoticias.com\/index.php\/wp-json\/wp\/v2\/posts"}],"about":[{"href":"https:\/\/cdnoticias.com\/index.php\/wp-json\/wp\/v2\/types\/post"}],"author":[{"embeddable":true,"href":"https:\/\/cdnoticias.com\/index.php\/wp-json\/wp\/v2\/users\/5"}],"replies":[{"embeddable":true,"href":"https:\/\/cdnoticias.com\/index.php\/wp-json\/wp\/v2\/comments?post=67554"}],"version-history":[{"count":0,"href":"https:\/\/cdnoticias.com\/index.php\/wp-json\/wp\/v2\/posts\/67554\/revisions"}],"wp:featuredmedia":[{"embeddable":true,"href":"https:\/\/cdnoticias.com\/index.php\/wp-json\/wp\/v2\/media\/51544"}],"wp:attachment":[{"href":"https:\/\/cdnoticias.com\/index.php\/wp-json\/wp\/v2\/media?parent=67554"}],"wp:term":[{"taxonomy":"category","embeddable":true,"href":"https:\/\/cdnoticias.com\/index.php\/wp-json\/wp\/v2\/categories?post=67554"},{"taxonomy":"post_tag","embeddable":true,"href":"https:\/\/cdnoticias.com\/index.php\/wp-json\/wp\/v2\/tags?post=67554"}],"curies":[{"name":"wp","href":"https:\/\/api.w.org\/{rel}","templated":true}]}}