{"id":67544,"date":"2022-10-18T19:55:15","date_gmt":"2022-10-18T22:55:15","guid":{"rendered":"https:\/\/www.centraldenoticias.com.ar\/?p=67544"},"modified":"2022-10-18T20:13:48","modified_gmt":"2022-10-18T23:13:48","slug":"sin-acuerdo-la-uta-anuncio-otro-paro-sera-de-72-horas-la-semana-proxima","status":"publish","type":"post","link":"https:\/\/cdnoticias.com\/index.php\/2022\/10\/18\/sin-acuerdo-la-uta-anuncio-otro-paro-sera-de-72-horas-la-semana-proxima\/","title":{"rendered":"Sin acuerdo, la UTA anunci\u00f3 otro paro: ser\u00e1 de 72 horas la semana pr\u00f3xima"},"content":{"rendered":"<p>Se estima que en Olavarr\u00eda no funcionar\u00e1 el transporte urbano e interurbano ni martes, mi\u00e9rcoles y jueves. La medida afectar\u00e1 a 9 millones de usuarios.<!--more--><\/p>\n<hr \/>\n<p>Tras nuevas negociaciones y un fracaso en las charlas,<strong> la UTA anunci\u00f3 en la tarde de este martes un nuevo paro por 72 horas para la semana que viene. Ser\u00e1 martes, mi\u00e9rcoles y jueves en el interior del pa\u00eds, y en Olavarr\u00eda no funcionar\u00e1 el transporte urbano ni el interurbano.<\/strong><\/p>\n<p>&nbsp;<\/p>\n<p>Roberto Fern\u00e1ndez, secretario general del gremio, se mostr\u00f3<em> \u201ccansado de la falta de respeto al trabajador. Est\u00e1 claro que pretenden trabajadores de segunda, no lo vamos a permitir\u201d.<\/em><\/p>\n<p>&nbsp;<\/p>\n<blockquote><p>&#8220;Sin aumento, no nos detendremos, no vamos a resignar nuestros salarios&#8221;, dijo el gremio en un comunicado. La medida afecta a 9.000.000 de usuarios que a diario utilizan el servicio de transporte p\u00fablico en el interior del pa\u00eds.<\/p><\/blockquote>\n<p>&nbsp;<\/p>\n<p>En el encuentro de este martes<strong>, los representantes de la UTA y los dirigentes empresariales de la Federaci\u00f3n Argentina de Transportadores de Automotor de Pasajeros (Fatap)<\/strong> analizaron las alternativas al problema salarial pero <strong>no llegaron a un acuerdo<\/strong> por la falta de representaci\u00f3n del Estado ante el pedido de aumento de subsidios y aumento del precio del boleto.<\/p>\n<p>&nbsp;<\/p>\n<p><strong>La discusi\u00f3n lleva algunos meses y gira en torno al pedido del sindicato, que solicit\u00f3 \u201cigualar\u201d los salarios de los trabajadores del interior del pa\u00eds con los choferes del AMBA<\/strong>.<em> \u201cQueremos el aumento que nos corresponde, por lo que resulta indispensable que el Congreso Nacional declare la Emergencia en el Transporte de Pasajeros del Interior\u201d<\/em>, sostuvieron.<\/p>\n<p>&nbsp;<\/p>\n<p><strong><em>&#8220;Est\u00e1 claro que pretenden trabajadores de segunda, no lo vamos a permitir. Por ello ratificamos el estado de alerta e informamos que se dispondr\u00e1 un paro de actividades en el Transporte de Pasajeros del Interior del Pa\u00eds por 72 horas, a realizarse durante los d\u00edas 25, 26 y 27 de octubre del corriente&#8221;,<\/em><\/strong> se anunci\u00f3.<\/p>\n","protected":false},"excerpt":{"rendered":"<p>Se estima que en Olavarr\u00eda no funcionar\u00e1 el transporte urbano e interurbano ni martes, mi\u00e9rcoles y jueves. La medida afectar\u00e1<\/p>\n","protected":false},"author":2,"featured_media":57251,"comment_status":"closed","ping_status":"closed","sticky":false,"template":"","format":"standard","meta":{"_jetpack_memberships_contains_paid_content":false,"footnotes":""},"categories":[5,1],"tags":[],"class_list":["post-67544","post","type-post","status-publish","format-standard","has-post-thumbnail","hentry","category-informacion-general","category-portada"],"jetpack_featured_media_url":"https:\/\/i0.wp.com\/cdnoticias.com\/wp-content\/uploads\/2022\/06\/terminal-colectivos-las-sierras-02.jpg?fit=1440%2C802&ssl=1","jetpack_sharing_enabled":true,"_links":{"self":[{"href":"https:\/\/cdnoticias.com\/index.php\/wp-json\/wp\/v2\/posts\/67544","targetHints":{"allow":["GET"]}}],"collection":[{"href":"https:\/\/cdnoticias.com\/index.php\/wp-json\/wp\/v2\/posts"}],"about":[{"href":"https:\/\/cdnoticias.com\/index.php\/wp-json\/wp\/v2\/types\/post"}],"author":[{"embeddable":true,"href":"https:\/\/cdnoticias.com\/index.php\/wp-json\/wp\/v2\/users\/2"}],"replies":[{"embeddable":true,"href":"https:\/\/cdnoticias.com\/index.php\/wp-json\/wp\/v2\/comments?post=67544"}],"version-history":[{"count":0,"href":"https:\/\/cdnoticias.com\/index.php\/wp-json\/wp\/v2\/posts\/67544\/revisions"}],"wp:featuredmedia":[{"embeddable":true,"href":"https:\/\/cdnoticias.com\/index.php\/wp-json\/wp\/v2\/media\/57251"}],"wp:attachment":[{"href":"https:\/\/cdnoticias.com\/index.php\/wp-json\/wp\/v2\/media?parent=67544"}],"wp:term":[{"taxonomy":"category","embeddable":true,"href":"https:\/\/cdnoticias.com\/index.php\/wp-json\/wp\/v2\/categories?post=67544"},{"taxonomy":"post_tag","embeddable":true,"href":"https:\/\/cdnoticias.com\/index.php\/wp-json\/wp\/v2\/tags?post=67544"}],"curies":[{"name":"wp","href":"https:\/\/api.w.org\/{rel}","templated":true}]}}